{"id":606994,"date":"2025-12-18T08:05:24","date_gmt":"2025-12-18T08:05:24","guid":{"rendered":"https:\/\/www.europesays.com\/fr\/606994\/"},"modified":"2025-12-18T08:05:24","modified_gmt":"2025-12-18T08:05:24","slug":"solennel-epilogue-a-nice-pour-la-5eme-session-des-cadets-des-alpes-maritimes","status":"publish","type":"post","link":"https:\/\/www.europesays.com\/fr\/606994\/","title":{"rendered":"Solennel \u00e9pilogue \u00e0 Nice pour la 5\u00e8me session des Cadets des Alpes-Maritimes"},"content":{"rendered":"<p><a href=\"https:\/\/lavoixdugendarme.fr\/wp-content\/uploads\/2025\/12\/Capture-decran-2025-12-18-a-08.10.46-scaled.png\" data-caption=\"Photo Gendarmerie des Alpes Maritimes \" target=\"_blank\" rel=\"noopener\"><img loading=\"lazy\" decoding=\"async\" width=\"696\" height=\"340\" class=\"entry-thumb td-modal-image\" src=\"https:\/\/www.europesays.com\/fr\/wp-content\/uploads\/2025\/12\/Capture-decran-2025-12-18-a-08.10.46-696x340.png\"   alt=\"\" title=\"Cadets 06 2025\"\/><\/a>Photo Gendarmerie des Alpes Maritimes <\/p>\n<p>Les 22 filles et gar\u00e7ons de la cinqui\u00e8me session des <strong>Cadets des Alpes-Maritimes <\/strong>ont re\u00e7u leur brevet ce samedi 13 d\u00e9cembre \u00e0 <strong>Nice<\/strong> lors d\u2019une tr\u00e8s belle c\u00e9r\u00e9monie militaire en pr\u00e9sence des autorit\u00e9s civiles et militaires du d\u00e9partement et des familles des jeunes.<\/p>\n<p><strong>Sur le m\u00eame th\u00e8me : <a href=\"https:\/\/lavoixdugendarme.fr\/finistere-remise-de-diplomes-aux-cadets-de-la-gendarmerie\/\" target=\"_blank\" rel=\"noopener\">Finist\u00e8re\u00a0: remise de dipl\u00f4mes aux Cadets de la Gendarmerie<\/a><\/strong><\/p>\n<p>Pour la  premi\u00e8re fois, <a href=\"https:\/\/www.ac-nice.fr\/cadets-de-la-defense\" target=\"_blank\" rel=\"noopener\">les Cadets de la D\u00e9fense <\/a>des Alpes Maritimes, \u00e9taient \u00e9galement sur les rangs aux c\u00f4t\u00e9s de leurs camarades de la Gendarmerie. <\/p>\n<p><img fetchpriority=\"high\" decoding=\"async\" width=\"1024\" height=\"575\" src=\"https:\/\/www.europesays.com\/fr\/wp-content\/uploads\/2025\/12\/WhatsApp-Image-2025-12-15-at-20.01.37-1-1024x575.jpeg\" alt=\"\" class=\"wp-image-79106\"  \/>Le colonel Benoit Taponat, passe les troupes en revue (Photo Gendarmerie des Alpes-Mariitimes) <\/p>\n<p>Accompagn\u00e9 d\u2019Aur\u00e9lie Lebourgeois, sous-pr\u00e9f\u00e8te, directrice de cabinet du pr\u00e9fet Laurent Hottiaux et d\u2019\u00e9lus, le colonel Benoit Taponat, commandant le groupement de gendarmerie des Alpes-Maritimes, a proc\u00e9d\u00e9 \u00e0 la remise des brevets m\u00e9talliques apr\u00e8s avoir d\u00e9cor\u00e9 deux r\u00e9servistes. <\/p>\n<p><img loading=\"lazy\" decoding=\"async\" width=\"240\" height=\"300\" src=\"https:\/\/www.europesays.com\/fr\/wp-content\/uploads\/2025\/12\/WhatsApp-Image-2025-12-15-at-20.01.33-240x300.jpeg\" alt=\"\" class=\"wp-image-79097\"  \/>Le capitaine David Demandols a re\u00e7u la croix de chevalier de l\u2019ONM (Photo Gendarmerie des Alpes Maritimes)<\/p>\n<p>Ainsi, le capitaine de r\u00e9serve op\u00e9rationnelle David Demandols, par ailleurs commandant professionnel des sapeurs-pompiers au service d\u00e9partemental d\u2019incendie et de secours des Alpes Maritimes, a re\u00e7u les insignes de chevalier dans l\u2019ordre national du M\u00e9rite. Le lieutenant-colonel de la r\u00e9serve citoyenne Vincent Piot,  tr\u00e8s actif dans l\u2019accompagnement des Cadets, a quant \u00e0 lui re\u00e7u la m\u00e9daille des r\u00e9servistes volontaires de d\u00e9fense et de s\u00e9curit\u00e9 int\u00e9rieure \u00e0 l\u2019\u00e9chelon bronze. <\/p>\n<p>Cette cinqui\u00e8me session des Cadets marquait une \u00e9tape particuli\u00e8re puisqu\u2019il s\u2019agissait de la derni\u00e8re c\u00e9r\u00e9monie organis\u00e9e dans le cadre du Service National Universel (SNU) qui ne sera pas p\u00e9rennis\u00e9. Les Cadets de la Gendarmerie, cr\u00e9\u00e9s en France en 2002, vont n\u00e9anmoins continuer \u00e0 exister! <\/p>\n<p>Quinze jours d\u2019engagement <\/p>\n<p>Au c\u0153ur de leur parcours, les Cadets ont suivi, du 20 au 25 octobre, une semaine d\u2019enseignement intensif au sein de SKEMA Business School. Cette immersion, particuli\u00e8rement exigeante, a constitu\u00e9 l\u2019un des piliers majeurs de leur formation. Ils y ont \u00e9tudi\u00e9 la culture r\u00e9publicaine et les valeurs citoyennes, le r\u00f4le et les missions de la Gendarmerie. Mais ils ont \u00e9galement \u00e9t\u00e9 sensibilis\u00e9s par des intervenants de haut niveau, r\u00e9servistes citoyens ou professionnels, sur l\u2019\u00e9thique et la responsabilit\u00e9 individuelle, l\u2019intelligence \u00e9conomique, la gestion de crise, l\u2019analyse de l\u2019information, la cybers\u00e9curit\u00e9, ainsi que la pr\u00e9vention des risques num\u00e9riques.<\/p>\n<p><img loading=\"lazy\" decoding=\"async\" width=\"240\" height=\"300\" src=\"https:\/\/www.europesays.com\/fr\/wp-content\/uploads\/2025\/12\/WhatsApp-Image-2025-12-15-at-20.01.37-240x300.jpeg\" alt=\"\" class=\"wp-image-79099\"  \/>Aur\u00e9lie Lebourgeois, sous-pr\u00e9f\u00e8te remet un brevet \u00e0 une cadette (photo Gendarmerie) <\/p>\n<p>D\u2019autres enseignements sont venus compl\u00e9ter cette formation d\u2019excellence : les enjeux contemporains de la D\u00e9fense nationale, la place des collectivit\u00e9s territoriales dans la s\u00e9curit\u00e9 quotidienne, la pr\u00e9vention des drogues, addictions et violences intrafamiliales, ainsi qu\u2019une sensibilisation au fonctionnement de la justice en France. \u201cL\u2019ensemble de ces modules leur a offert une vision moderne, globale et structur\u00e9e des enjeux civiques et s\u00e9curitaires contemporains\u201d souligne le chef d\u2019escadron de r\u00e9serve op\u00e9rationnelle Bernard Gamba, vice-pr\u00e9sident de l\u2019association des Cadets de PACA et responsable de l\u2019organisation et de l\u2019encadrement des Cadets des Alpes-Maritimes aux c\u00f4t\u00e9s du lieutenant-colonel Jean-Baptiste Jouanny, officier adjoint commandement du colonel Benoit Taponat.<\/p>\n<p>Cette formation acad\u00e9mique s\u2019est prolong\u00e9e sur le terrain, o\u00f9 les Cadets ont particip\u00e9 \u00e0 de nombreuses missions aux c\u00f4t\u00e9s des gendarmes d\u2019active, des r\u00e9servistes et des partenaires institutionnels. Ils se sont notamment engag\u00e9s dans des op\u00e9rations de contact avec la population dans l\u2019arri\u00e8re-pays ni\u00e7ois, dans des actions de pr\u00e9vention routi\u00e8re, citoyenne ou num\u00e9rique, ont visit\u00e9 des unit\u00e9s sp\u00e9cialis\u00e9es telles que la Gendarmerie des transports a\u00e9riens de l\u2019a\u00e9roport de Nice (GTA), les PSIG, les brigades territoriales, le peloton motoris\u00e9 ou encore les Carabiniers italiens. <\/p>\n<p><img loading=\"lazy\" decoding=\"async\" width=\"1289\" height=\"1265\" src=\"https:\/\/www.europesays.com\/fr\/wp-content\/uploads\/2025\/12\/Cadets-Isola-.jpeg\" alt=\"\" class=\"wp-image-79101\" style=\"aspect-ratio:1.0204438231696662;width:365px;height:auto\"  \/><\/p>\n<p>Parmi les op\u00e9rations marquantes, la journ\u00e9e de pr\u00e9vention \u00e0 Isola 2000, le 6 d\u00e9cembre 2025, men\u00e9e avec le PGHM, a permis de sensibiliser les skieurs et vacanciers aux dix r\u00e8gles internationales de s\u00e9curit\u00e9 sur les pistes. Les cadets, avec courtoisie, s\u00e9rieux et sens du contact, ont d\u00e9montr\u00e9 que la pr\u00e9vention est l\u2019un des piliers de la s\u00e9curit\u00e9 en montagne.<\/p>\n<p>Tout au long de leur parcours, alors que leurs camarades profitaient de leurs week-ends et vacances, ces Cadets ont choisi de s\u2019engager et de s\u2019approprier et incarner les valeurs profondes de la Gendarmerie. Ils en ont partag\u00e9 l\u2019esprit de service, la disponibilit\u00e9 envers autrui, le respect des personnes, la loyaut\u00e9 dans l\u2019action et cette volont\u00e9 farouche d\u2019\u00eatre utiles. <\/p>\n<p>Un partenariat avec la Soci\u00e9t\u00e9 des Membres de la L\u00e9gion d\u2019Honneur des Alpes-Maritimes <\/p>\n<p>La soci\u00e9t\u00e9 des Membres de la L\u00e9gion d\u2019Honneur des Alpes-Maritimes et l\u2019Association des Cadets de la Gendarmerie PACA ont annonc\u00e9 lors de la c\u00e9r\u00e9monie la signature d\u2019une convention de partenariat. Cette convention a \u00e9t\u00e9 paraph\u00e9 par Jacky Pelissier, pr\u00e9sident de l\u2019Association des cadets de la gendarmerie PACA, Jean-Paul Piotrowski, pr\u00e9sident de la section des Membres de la L\u00e9gion d\u2019Honneur 06 et Bernard Gamba, chef d\u2019escadron (R), vice-pr\u00e9sident de l\u2019association des Cadets de la Gendarmerie PACA.<\/p>\n<p><img loading=\"lazy\" decoding=\"async\" width=\"237\" height=\"300\" src=\"https:\/\/www.europesays.com\/fr\/wp-content\/uploads\/2025\/12\/1765886740607-237x300.jpeg\" alt=\"\" class=\"wp-image-79103\"  \/>Jacky Pelissiier et Jean-Paul Piotrowski (Photo Gendarmerie des Alpes-Maritimes).<\/p>\n<p>Ce partenariat vise \u00e0 renforcer le Parcours Citoyen des jeunes et \u00e0 consolider le lien Arm\u00e9e\u2013Nation et s\u2019inscrit dans une dynamique interg\u00e9n\u00e9rationnelle pr\u00e9cieuse, o\u00f9 l\u2019exp\u00e9rience des d\u00e9cor\u00e9s rencontre l\u2019\u00e9lan et la motivation de la jeunesse engag\u00e9e.<\/p>\n<p>Cette coop\u00e9ration se traduira par :<br \/>\ud83d\udd39 des rencontres, conf\u00e9rences et t\u00e9moignages portant sur le civisme, le devoir de m\u00e9moire et l\u2019engagement ;<br \/>\ud83d\udd39 la participation de membres de la L\u00e9gion d\u2019Honneur aux activit\u00e9s p\u00e9dagogiques et temps forts du parcours des cadets ;<br \/>\ud83d\udd39 la pr\u00e9sence de cadets lors de c\u00e9r\u00e9monies patriotiques, m\u00e9morielles ou caritatives ;<br \/>\ud83d\udd39 la mise en valeur d\u2019initiatives citoyennes et \u00e9ducatives communes ;<br \/>\ud83d\udd39 l\u2019attribution annuelle par la SMLH 06 de cinq distinctions honorant les cadets les plus m\u00e9ritants, r\u00e9compense pr\u00e9cieuse dans leur parcours personnel et professionnel.<\/p>\n<p>\nPublicit\u00e9 <\/p>\n","protected":false},"excerpt":{"rendered":"Photo Gendarmerie des Alpes Maritimes Les 22 filles et gar\u00e7ons de la cinqui\u00e8me session des Cadets des Alpes-Maritimes&hellip;\n","protected":false},"author":2,"featured_media":606995,"comment_status":"","ping_status":"","sticky":false,"template":"","format":"standard","meta":{"footnotes":""},"categories":[2819],"tags":[1111,11,2898,71854,1777,674,1011,27,12,2401,882,25],"class_list":{"0":"post-606994","1":"post","2":"type-post","3":"status-publish","4":"format-standard","5":"has-post-thumbnail","7":"category-nice","8":"tag-actu","9":"tag-actualites","10":"tag-alpes-maritimes","11":"tag-cadets-de-la-gendarmerie","12":"tag-eu","13":"tag-europe","14":"tag-fr","15":"tag-france","16":"tag-news","17":"tag-nice","18":"tag-provence-alpes-cote-dazur","19":"tag-republique-francaise"},"share_on_mastodon":{"url":"https:\/\/pubeurope.com\/@fr\/115739541056087828","error":""},"_links":{"self":[{"href":"https:\/\/www.europesays.com\/fr\/wp-json\/wp\/v2\/posts\/606994","targetHints":{"allow":["GET"]}}],"collection":[{"href":"https:\/\/www.europesays.com\/fr\/wp-json\/wp\/v2\/posts"}],"about":[{"href":"https:\/\/www.europesays.com\/fr\/wp-json\/wp\/v2\/types\/post"}],"author":[{"embeddable":true,"href":"https:\/\/www.europesays.com\/fr\/wp-json\/wp\/v2\/users\/2"}],"replies":[{"embeddable":true,"href":"https:\/\/www.europesays.com\/fr\/wp-json\/wp\/v2\/comments?post=606994"}],"version-history":[{"count":0,"href":"https:\/\/www.europesays.com\/fr\/wp-json\/wp\/v2\/posts\/606994\/revisions"}],"wp:featuredmedia":[{"embeddable":true,"href":"https:\/\/www.europesays.com\/fr\/wp-json\/wp\/v2\/media\/606995"}],"wp:attachment":[{"href":"https:\/\/www.europesays.com\/fr\/wp-json\/wp\/v2\/media?parent=606994"}],"wp:term":[{"taxonomy":"category","embeddable":true,"href":"https:\/\/www.europesays.com\/fr\/wp-json\/wp\/v2\/categories?post=606994"},{"taxonomy":"post_tag","embeddable":true,"href":"https:\/\/www.europesays.com\/fr\/wp-json\/wp\/v2\/tags?post=606994"}],"curies":[{"name":"wp","href":"https:\/\/api.w.org\/{rel}","templated":true}]}}