{"id":606996,"date":"2025-12-18T08:06:15","date_gmt":"2025-12-18T08:06:15","guid":{"rendered":"https:\/\/www.europesays.com\/fr\/606996\/"},"modified":"2025-12-18T08:06:15","modified_gmt":"2025-12-18T08:06:15","slug":"lex-candidate-du-rn-a-nantes-eleonore-revel-au-tribunal","status":"publish","type":"post","link":"https:\/\/www.europesays.com\/fr\/606996\/","title":{"rendered":"L&rsquo;ex-candidate du RN \u00e0 Nantes, \u00c9l\u00e9onore Revel, au tribunal"},"content":{"rendered":"<p class=\"single__lede\"><b>L\u2019\u00e9lue r\u00e9gionale (sans \u00e9tiquette) \u00c9l\u00e9onore Revel \u00e9tait patronne du RN et candidate aux municipales de 2020 \u00e0 Nantes. Wilfried Van Liempd, figure de l\u2019extr\u00eame droite radicale, \u00e9tait son directeur de campagne. Le duo a acquis une b\u00e2tisse \u00e0 Saint-Herblain, r\u00e9nov\u00e9e et agrandie sans permis de construire valide. Et se retrouve devant le tribunal judiciaire de Nantes.<\/b><\/p>\n<p>Il y a deux ans, Immotia, soci\u00e9t\u00e9 estampill\u00e9e \u00ab\u202fmarchand de biens\u202f\u00bb \u00e0 Saint\u2010S\u00e9bastien\u2010sur\u2010Loire, faisait l\u2019acquisition d\u2019une vieille b\u00e2tisse dans un coin de campagne de Saint\u2010Herblain, class\u00e9 \u00ab\u202fsecteur naturel de loisirs et de nature en ville\u202f\u00bb. Des travaux de r\u00e9novation et d\u2019extension d\u00e9marraient courant 2024 au b\u00e9n\u00e9fice final d\u2019\u00c9l\u00e9onore Revel et Wilfried Van Liempd.\u00a0<\/p>\n<p>Nous vous offrons l\u2019acc\u00e8s \u00e0 cet article<\/p>\n<p>Et \u00e0 toutes nos enqu\u00eates pendant deux jours\u00a0\u00a0! <br \/>Oui, on est g\u00e9n\u00e9reux \ud83d\ude09 Mais pensez aussi \u00e0 <a href=\"https:\/\/www.mediacites.fr\/sabonner\/\" target=\"_blank\" style=\"color:#fff\" rel=\"noopener\">vous abonner<\/a>\u00a0\u00a0!<\/p>\n<p>\t\tEn renseignant votre adresse, vous acceptez nos <a href=\"https:\/\/www.mediacites.fr\/conditions-generales-d-utilisation\/\" target=\"_blank\" rel=\"noopener\">conditions g\u00e9n\u00e9rales d\u2019utilisation<\/a>. <br \/>Mediacit\u00e9s s\u2019engage \u00e0 ne pas c\u00e9der votre adresse \u00e0 des tiers. En cas d\u2019\u00e9chec, \u00e9crivez \u00e0 <a href=\"https:\/\/www.mediacites.fr\/breve\/nantes\/2025\/12\/18\/lex-patronne-du-rn-eleonore-revel-voit-son-extension-de-maison-se-terminer-au-tribunal\/mailto:contact@mediacites.fr\" target=\"_blank\" rel=\"noopener\">contact@mediacites.fr<\/a><\/p>\n<ul>\n<li>J\u2019acc\u00e8de aux 4 \u00e9ditions de Mediacit\u00e9s (Lille, Lyon, Nantes et Toulouse)<\/li>\n<li>Je d\u00e9couvre un m\u00e9dia 100 % ind\u00e9pendant, avec 0 % de publicit\u00e9<\/li>\n<\/ul>\n<p>Envie de lire la\u00a0suite\u202f?<\/p>\n<p>Depuis neuf ans, Mediacit\u00e9s enqu\u00eate en toute ind\u00e9pendance dans votre ville. Gr\u00e2ce \u00e0 ses lecteurs\u202f! Abonnez\u2010vous pour ne rien manquer de nos enqu\u00eates, suivre les \u00e9lections municipales et soutenir un journal local d\u2019investigation.<\/p>\n<ul>\n<li>Acc\u00e8s aux 4 \u00e9ditions de Mediacit\u00e9s (Lille, Lyon, Nantes et Toulouse)<\/li>\n<li>100 % ind\u00e9pendant, avec 0 % de publicit\u00e9<\/li>\n<li>R\u00e9siliation facile \u00e0 tout moment<\/li>\n<\/ul>\n<p>Mediacit\u00e9s offre l\u2019acc\u00e8s \u00e0 cet article aux lecteurs de News2Com<\/p>\n<p>Et \u00e0 toutes nos enqu\u00eates pendant deux jours\u00a0\u00a0! <br \/>Oui, on est g\u00e9n\u00e9reux \ud83d\ude09 Mais pensez aussi \u00e0 <a href=\"https:\/\/www.mediacites.fr\/sabonner\/\" target=\"_blank\" style=\"color:#fff\" rel=\"noopener\">vous abonner<\/a>\u00a0\u00a0!<\/p>\n<p>\t\tEn renseignant votre adresse, vous acceptez nos <a href=\"https:\/\/www.mediacites.fr\/conditions-generales-d-utilisation\/\" target=\"_blank\" rel=\"noopener\">conditions g\u00e9n\u00e9rales d\u2019utilisation<\/a>. <br \/>Mediacit\u00e9s s\u2019engage \u00e0 ne pas c\u00e9der votre adresse \u00e0 des tiers. En cas d\u2019\u00e9chec, \u00e9crivez \u00e0 <a href=\"https:\/\/www.mediacites.fr\/breve\/nantes\/2025\/12\/18\/lex-patronne-du-rn-eleonore-revel-voit-son-extension-de-maison-se-terminer-au-tribunal\/mailto:contact@mediacites.fr\" target=\"_blank\" rel=\"noopener\">contact@mediacites.fr<\/a><\/p>\n<ul>\n<li>J\u2019acc\u00e8de aux 4 \u00e9ditions de Mediacit\u00e9s (Lille, Lyon, Nantes et Toulouse)<\/li>\n<li>Je d\u00e9couvre un m\u00e9dia 100 % ind\u00e9pendant, avec 0 % de publicit\u00e9<\/li>\n<\/ul>\n","protected":false},"excerpt":{"rendered":"L\u2019\u00e9lue r\u00e9gionale (sans \u00e9tiquette) \u00c9l\u00e9onore Revel \u00e9tait patronne du RN et candidate aux municipales de 2020 \u00e0 Nantes.&hellip;\n","protected":false},"author":2,"featured_media":606997,"comment_status":"","ping_status":"","sticky":false,"template":"","format":"standard","meta":{"footnotes":""},"categories":[2818],"tags":[1111,11,1777,674,1011,27,51816,766,12,2636,25],"class_list":{"0":"post-606996","1":"post","2":"type-post","3":"status-publish","4":"format-standard","5":"has-post-thumbnail","7":"category-nantes","8":"tag-actu","9":"tag-actualites","10":"tag-eu","11":"tag-europe","12":"tag-fr","13":"tag-france","14":"tag-loeil-de-mediacites","15":"tag-nantes","16":"tag-news","17":"tag-pays-de-la-loire","18":"tag-republique-francaise"},"share_on_mastodon":{"url":"https:\/\/pubeurope.com\/@fr\/115739543802271721","error":""},"_links":{"self":[{"href":"https:\/\/www.europesays.com\/fr\/wp-json\/wp\/v2\/posts\/606996","targetHints":{"allow":["GET"]}}],"collection":[{"href":"https:\/\/www.europesays.com\/fr\/wp-json\/wp\/v2\/posts"}],"about":[{"href":"https:\/\/www.europesays.com\/fr\/wp-json\/wp\/v2\/types\/post"}],"author":[{"embeddable":true,"href":"https:\/\/www.europesays.com\/fr\/wp-json\/wp\/v2\/users\/2"}],"replies":[{"embeddable":true,"href":"https:\/\/www.europesays.com\/fr\/wp-json\/wp\/v2\/comments?post=606996"}],"version-history":[{"count":0,"href":"https:\/\/www.europesays.com\/fr\/wp-json\/wp\/v2\/posts\/606996\/revisions"}],"wp:featuredmedia":[{"embeddable":true,"href":"https:\/\/www.europesays.com\/fr\/wp-json\/wp\/v2\/media\/606997"}],"wp:attachment":[{"href":"https:\/\/www.europesays.com\/fr\/wp-json\/wp\/v2\/media?parent=606996"}],"wp:term":[{"taxonomy":"category","embeddable":true,"href":"https:\/\/www.europesays.com\/fr\/wp-json\/wp\/v2\/categories?post=606996"},{"taxonomy":"post_tag","embeddable":true,"href":"https:\/\/www.europesays.com\/fr\/wp-json\/wp\/v2\/tags?post=606996"}],"curies":[{"name":"wp","href":"https:\/\/api.w.org\/{rel}","templated":true}]}}