{"id":606998,"date":"2025-12-18T08:07:12","date_gmt":"2025-12-18T08:07:12","guid":{"rendered":"https:\/\/www.europesays.com\/fr\/606998\/"},"modified":"2025-12-18T08:07:12","modified_gmt":"2025-12-18T08:07:12","slug":"un-homme-gravement-blesse-apres-un-choc-avec-une-moto","status":"publish","type":"post","link":"https:\/\/www.europesays.com\/fr\/606998\/","title":{"rendered":"un homme gravement bless\u00e9 apr\u00e8s un choc avec une moto"},"content":{"rendered":"<p>                    Par<br \/>\n        <strong><br \/>\n            <a href=\"https:\/\/actu.fr\/auteur\/gwendal-lepriellec\" title=\"Consulter tous les articles de Gwendal Le Priellec\" target=\"_blank\" rel=\"noopener\">Gwendal Le Priellec<\/a><br \/>\n                    <\/strong><\/p>\n<p>        Publi\u00e9 le<\/p>\n<p>            18 d\u00e9c. 2025 \u00e0 8h43        <\/p>\n<p>C\u2019est \u00e0 <b>Saint-S\u00e9bastien-sur-Loire<\/b> (Loire-Atlantique), au niveau de la route de Clisson, qu\u2019un <b>grave accident<\/b> de la circulation s\u2019est produit mercredi 17\u00a0d\u00e9cembre 2025, vers 21\u2009h\u200920.<\/p>\n<p>Accident pr\u00e8s de Nantes\u2009: un homme gravement bless\u00e9 \u00e0 moto apr\u00e8s un choc<\/p>\n<p class=\" wall-content\">L\u2019accident s\u2019est produit entre une <b>voiture <\/b>et une <b>moto<\/b>, qui se sont percut\u00e9es. Une personne a \u00e9t\u00e9 <b>gravement bless\u00e9e<\/b> suite au choc\u2009: il s\u2019agit d\u2019un homme \u00e2g\u00e9 de 38\u00a0ans.<\/p>\n<p class=\" wall-content\">Il a \u00e9t\u00e9 transport\u00e9 m\u00e9dicalis\u00e9 vers le <b>CHU <\/b>(Centre hospitalier universitaire) de <b>Nantes<\/b>.<br \/><b>11 sapeurs-pompiers<\/b> sont intervenus sur place pour lui pr\u00eater secours, tout comme le Smur (Structure mobile d\u2019urgence et de r\u00e9animation) et la <b>Police <\/b>nationale.<\/p>\n<p class=\" wall-content\">Personnalisez votre actualit\u00e9 en ajoutant vos villes et m\u00e9dias en favori avec <a href=\"https:\/\/moncompte.actu.fr\" title=\"D\u00e9couvez Mon Actu\" rel=\"nofollow noopener\" data-trk=\"{&quot;cta&quot;:{&quot;action&quot;:&quot;https:\\\/\\\/moncompte.actu.fr&quot;,&quot;category&quot;:&quot;mon compte&quot;,&quot;from&quot;:&quot;article footer&quot;,&quot;name&quot;:&quot;Mon actu&quot;,&quot;type&quot;:&quot;cta&quot;}}\" target=\"_blank\">Mon Actu<\/a>.<\/p>\n","protected":false},"excerpt":{"rendered":"Par Gwendal Le Priellec Publi\u00e9 le 18 d\u00e9c. 2025 \u00e0 8h43 C\u2019est \u00e0 Saint-S\u00e9bastien-sur-Loire (Loire-Atlantique), au niveau de&hellip;\n","protected":false},"author":2,"featured_media":606999,"comment_status":"","ping_status":"","sticky":false,"template":"","format":"standard","meta":{"footnotes":""},"categories":[2818],"tags":[119,1111,11,1777,674,118,1011,27,1457,766,12,2636,1311,25],"class_list":{"0":"post-606998","1":"post","2":"type-post","3":"status-publish","4":"format-standard","5":"has-post-thumbnail","7":"category-nantes","8":"tag-accident","9":"tag-actu","10":"tag-actualites","11":"tag-eu","12":"tag-europe","13":"tag-faits-divers","14":"tag-fr","15":"tag-france","16":"tag-moto","17":"tag-nantes","18":"tag-news","19":"tag-pays-de-la-loire","20":"tag-pompiers","21":"tag-republique-francaise"},"share_on_mastodon":{"url":"https:\/\/pubeurope.com\/@fr\/115739548371993797","error":""},"_links":{"self":[{"href":"https:\/\/www.europesays.com\/fr\/wp-json\/wp\/v2\/posts\/606998","targetHints":{"allow":["GET"]}}],"collection":[{"href":"https:\/\/www.europesays.com\/fr\/wp-json\/wp\/v2\/posts"}],"about":[{"href":"https:\/\/www.europesays.com\/fr\/wp-json\/wp\/v2\/types\/post"}],"author":[{"embeddable":true,"href":"https:\/\/www.europesays.com\/fr\/wp-json\/wp\/v2\/users\/2"}],"replies":[{"embeddable":true,"href":"https:\/\/www.europesays.com\/fr\/wp-json\/wp\/v2\/comments?post=606998"}],"version-history":[{"count":0,"href":"https:\/\/www.europesays.com\/fr\/wp-json\/wp\/v2\/posts\/606998\/revisions"}],"wp:featuredmedia":[{"embeddable":true,"href":"https:\/\/www.europesays.com\/fr\/wp-json\/wp\/v2\/media\/606999"}],"wp:attachment":[{"href":"https:\/\/www.europesays.com\/fr\/wp-json\/wp\/v2\/media?parent=606998"}],"wp:term":[{"taxonomy":"category","embeddable":true,"href":"https:\/\/www.europesays.com\/fr\/wp-json\/wp\/v2\/categories?post=606998"},{"taxonomy":"post_tag","embeddable":true,"href":"https:\/\/www.europesays.com\/fr\/wp-json\/wp\/v2\/tags?post=606998"}],"curies":[{"name":"wp","href":"https:\/\/api.w.org\/{rel}","templated":true}]}}