{"id":60700,"date":"2025-04-29T02:10:18","date_gmt":"2025-04-29T02:10:18","guid":{"rendered":"https:\/\/www.europesays.com\/fr\/60700\/"},"modified":"2025-04-29T02:10:18","modified_gmt":"2025-04-29T02:10:18","slug":"en-berne-dans-les-sondages-trump-accuse-les-medias-de-fraude-electorale-2","status":"publish","type":"post","link":"https:\/\/www.europesays.com\/fr\/60700\/","title":{"rendered":"En berne dans les sondages, Trump accuse les m\u00e9dias de \u00ab\u00a0fraude \u00e9lectorale\u00a0\u00bb"},"content":{"rendered":"<p>Apr\u00e8s quelques mois apr\u00e8s son \u00e9lection \u00e0 la t\u00eate des <a href=\"https:\/\/www.20minutes.fr\/monde\/etats-unis\/\" target=\"_blank\" class=\"color-ultramarine c-link\" rel=\"noopener\">Etats-Unis<\/a>, <a href=\"https:\/\/www.20minutes.fr\/dossier\/donald_trump\" target=\"_blank\" class=\"color-ultramarine c-link\" rel=\"noopener\">Donald Trump<\/a> se retrouve d\u00e9j\u00e0 en confrontation ouverte avec les grands m\u00e9dias am\u00e9ricains. Lundi, le pr\u00e9sident a accus\u00e9 plusieurs organes de <a href=\"https:\/\/www.20minutes.fr\/dossier\/presse\" target=\"_blank\" class=\"color-ultramarine c-link\" rel=\"noopener\">presse<\/a> de propager des \u00ab\u00a0<a href=\"https:\/\/www.20minutes.fr\/dossier\/sondage\" target=\"_blank\" class=\"color-ultramarine c-link\" rel=\"noopener\">sondages<\/a> truqu\u00e9s\u00a0\u00bb et a exig\u00e9 l\u2019ouverture d\u2019une enqu\u00eate pour \u00ab\u00a0fraude \u00e9lectorale\u00a0\u00bb, apr\u00e8s la publication de plusieurs sondages montrant une chute de sa popularit\u00e9.<\/p>\n<p>\u00ab\u00a0Ils sont malades, n\u2019\u00e9crivent presque que des articles n\u00e9gatifs \u00e0 mon sujet, peu importe \u00e0 quel point je me d\u00e9brouille bien, et sont vraiment les ennemis du peuple\u00a0\u00bb, a d\u00e9nonc\u00e9 Donald Trump sur son r\u00e9seau Truth Social. Parmi les cibles de ses attaques figurent le Washington Post, ABC News et le <a href=\"https:\/\/www.20minutes.fr\/dossier\/new_york_times\" target=\"_blank\" class=\"color-ultramarine c-link\" rel=\"noopener\">New York Times<\/a>, qui ont publi\u00e9 de r\u00e9cents sondages peu flatteurs.<\/p>\n<p>\u00ab\u00a0De faux sondages\u00a0\u00bb<\/p>\n<p>Le locataire de la <a href=\"https:\/\/www.20minutes.fr\/dossier\/maison_blanche\" target=\"_blank\" class=\"color-ultramarine c-link\" rel=\"noopener\">Maison-Blanche<\/a> s\u2019est appuy\u00e9 sur les critiques du sondeur John McLaughlin, pr\u00e9sent\u00e9 comme \u00ab\u00a0l\u2019un des plus respect\u00e9s du secteur\u00a0\u00bb, pour discr\u00e9diter ces enqu\u00eates. \u00ab\u00a0Le sondage du d\u00e9faillant New York Times et le sondage <a href=\"https:\/\/www.20minutes.fr\/dossier\/abc\" target=\"_blank\" class=\"color-ultramarine c-link\" rel=\"noopener\">ABC<\/a>-Washington Post sont de faux sondages issus d\u2019organisations qui mentent\u00a0\u00bb, a-t-il affirm\u00e9. Selon lui, les <a href=\"https:\/\/www.20minutes.fr\/arts-stars\/medias\/\" target=\"_blank\" class=\"color-ultramarine c-link\" rel=\"noopener\">m\u00e9dias<\/a> responsables de ces \u00e9tudes sont des \u00ab\u00a0criminels pessimistes\u00a0\u00bb qui \u00ab\u00a0s\u2019excusent aupr\u00e8s de leurs abonn\u00e9s apr\u00e8s [ses] larges victoires\u00a0\u00bb avant de \u00ab\u00a0continuer \u00e0 tricher et \u00e0 mentir pour un nouveau cycle\u00a0\u00bb.<\/p>\n<\/p>\n<p>Les chiffres publi\u00e9s r\u00e9cemment confirment cependant une dynamique n\u00e9gative pour le pr\u00e9sident. Selon le sondage Washington Post\/ABC News r\u00e9alis\u00e9 en avril aupr\u00e8s de 2.464 personnes, seulement 39\u00a0% des <a href=\"https:\/\/www.20minutes.fr\/monde\/etats-unis\/\" target=\"_blank\" class=\"color-ultramarine c-link\" rel=\"noopener\">Am\u00e9ricains<\/a> approuvent sa pr\u00e9sidence, contre 45\u00a0% en f\u00e9vrier. Le New York Times, de son c\u00f4t\u00e9, indique un taux d\u2019approbation de 42\u00a0% dans son enqu\u00eate men\u00e9e aupr\u00e8s de 913 personnes.<\/p>\n<p>Un score inf\u00e9rieur \u00e0 Joe Biden<\/p>\n<p>Une \u00e9tude du Pew Research Center, r\u00e9alis\u00e9e aupr\u00e8s de 3.589 personnes, donne \u00e9galement un chiffre bas\u00a0: 40\u00a0% d\u2019opinions favorables, bien inf\u00e9rieur \u00e0 celui de Joe Biden en avril\u00a02021, \u00e0 une \u00e9tape comparable de son mandat. Enfin, un sondage de NBC News, men\u00e9 sur un \u00e9chantillon tr\u00e8s large de 19.682 adultes, r\u00e9v\u00e8le que 55\u00a0% des sond\u00e9s d\u00e9sapprouvent la mani\u00e8re dont Donald Trump gouverne.<\/p>\n<p><a href=\"https:\/\/www.20minutes.fr\/dossier\/donald_trump\" target=\"_blank\" class=\"c-link c-btn c-btn--primary\" rel=\"noopener\">Tous nos articles sur Donald Trump<\/a><\/p>\n<p>Confront\u00e9 \u00e0 cette vague de sondages d\u00e9favorables, Donald Trump brandit l\u2019id\u00e9e d\u2019une manipulation syst\u00e9mique des m\u00e9dias pour miner sa pr\u00e9sidence. Une posture offensive qui pourrait annoncer une nouvelle \u00e8re de tensions entre la Maison-Blanche et la presse am\u00e9ricaine.<\/p>\n","protected":false},"excerpt":{"rendered":"Apr\u00e8s quelques mois apr\u00e8s son \u00e9lection \u00e0 la t\u00eate des Etats-Unis, Donald Trump se retrouve d\u00e9j\u00e0 en confrontation&hellip;\n","protected":false},"author":2,"featured_media":60701,"comment_status":"","ping_status":"","sticky":false,"template":"","format":"standard","meta":{"footnotes":""},"categories":[2],"tags":[47,11,75,73,1011,27,457,78,500,74,15789,12,4919,4048,25,13947],"class_list":{"0":"post-60700","1":"post","2":"type-post","3":"status-publish","4":"format-standard","5":"has-post-thumbnail","7":"category-actualites","8":"tag-actualite","9":"tag-actualites","10":"tag-donald-trump","11":"tag-etats-unis","12":"tag-fr","13":"tag-france","14":"tag-joe-biden","15":"tag-maison-blanche","16":"tag-medias","17":"tag-monde","18":"tag-new-york-times","19":"tag-news","20":"tag-president","21":"tag-presse","22":"tag-republique-francaise","23":"tag-sondage"},"share_on_mastodon":{"url":"https:\/\/pubeurope.com\/@fr\/114418825572702751","error":""},"_links":{"self":[{"href":"https:\/\/www.europesays.com\/fr\/wp-json\/wp\/v2\/posts\/60700","targetHints":{"allow":["GET"]}}],"collection":[{"href":"https:\/\/www.europesays.com\/fr\/wp-json\/wp\/v2\/posts"}],"about":[{"href":"https:\/\/www.europesays.com\/fr\/wp-json\/wp\/v2\/types\/post"}],"author":[{"embeddable":true,"href":"https:\/\/www.europesays.com\/fr\/wp-json\/wp\/v2\/users\/2"}],"replies":[{"embeddable":true,"href":"https:\/\/www.europesays.com\/fr\/wp-json\/wp\/v2\/comments?post=60700"}],"version-history":[{"count":0,"href":"https:\/\/www.europesays.com\/fr\/wp-json\/wp\/v2\/posts\/60700\/revisions"}],"wp:featuredmedia":[{"embeddable":true,"href":"https:\/\/www.europesays.com\/fr\/wp-json\/wp\/v2\/media\/60701"}],"wp:attachment":[{"href":"https:\/\/www.europesays.com\/fr\/wp-json\/wp\/v2\/media?parent=60700"}],"wp:term":[{"taxonomy":"category","embeddable":true,"href":"https:\/\/www.europesays.com\/fr\/wp-json\/wp\/v2\/categories?post=60700"},{"taxonomy":"post_tag","embeddable":true,"href":"https:\/\/www.europesays.com\/fr\/wp-json\/wp\/v2\/tags?post=60700"}],"curies":[{"name":"wp","href":"https:\/\/api.w.org\/{rel}","templated":true}]}}