{"id":607004,"date":"2025-12-18T08:15:42","date_gmt":"2025-12-18T08:15:42","guid":{"rendered":"https:\/\/www.europesays.com\/fr\/607004\/"},"modified":"2025-12-18T08:15:42","modified_gmt":"2025-12-18T08:15:42","slug":"la-justice-de-toulouse-impose-le-gel-du-plan-de-suppression-de-postes-de-thales-dans-le-spatial","status":"publish","type":"post","link":"https:\/\/www.europesays.com\/fr\/607004\/","title":{"rendered":"La justice de Toulouse impose le gel du plan de suppression de postes de Thales dans le spatial"},"content":{"rendered":"\n<p>Le tribunal judiciaire de Toulouse a d\u00e9cid\u00e9 de geler le plan de suppression de pr\u00e8s d&rsquo;un millier de postes dans l&rsquo;activit\u00e9 spatiale de Thales annonc\u00e9e en 2024 et contest\u00e9 par la CGT.<\/p>\n<p>Dans ce jugement, rendu lundi 15 d\u00e9cembre 2025, la justice \u00ab\u00a0ordonne la suspension du projet\u00a0\u00bb, et enjoint \u00e0 Thales Alenia Space, filiale du groupe dans le spatial, de \u00ab\u00a0proc\u00e9der \u00e0 une nouvelle \u00e9valuation pr\u00e9cise\u00a0\u00bb de \u00ab\u00a0l&rsquo;impact du projet\u00a0\u00bb sur la \u00ab\u00a0charge de travail\u00a0\u00bb des salari\u00e9s. Cette d\u00e9cision donne raison \u00e0 la CGT, qui estimait que ce plan mettait \u00ab\u00a0en danger la sant\u00e9 des salari\u00e9s\u00a0\u00bb.\u00a0Elle \u00ab\u00a0\u00e9loigne d\u00e9finitivement la perspective de ce plan\u00a0\u00bb, s&rsquo;est r\u00e9joui Thomas Meynadier, repr\u00e9sentant CGT, interrog\u00e9 par l&rsquo;AFP.<\/p>\n<p>Thales avait annonc\u00e9 en mars 2024 la suppression et le red\u00e9ploiement de 1.300 postes de sa branche spatiale, dont 1.000 en France, ailleurs dans le groupe, en raison de la crise des satellites de t\u00e9l\u00e9communication. Le plan a toutefois \u00e9t\u00e9 gel\u00e9 \u00ab\u00a0jusqu&rsquo;\u00e0 mi-2026\u00a0\u00bb par Thales en juin dernier, alors que deux tiers des salari\u00e9s avait d\u00e9j\u00e0 \u00e9t\u00e9 red\u00e9ploy\u00e9s. Mais la \u00ab\u00a0suspension ne concernait pas les postes indirects\u00a0\u00bb, comme \u00ab\u00a0les RH ou la communication\u00a0\u00bb, explique M.Meynadier.<\/p>\n<p>La direction avait en outre pr\u00e9cis\u00e9 qu&rsquo;elle ne renon\u00e7ait pas \u00e0 son plan, parlant d&rsquo;un \u00ab\u00a0ralentissement\u00a0\u00bb de son d\u00e9ploiement, en esp\u00e9rant d&rsquo;autres contrats majeurs dans le domaine des satellites de t\u00e9l\u00e9communications.<\/p>\n<p>\u00a0 \u00a0<\/p>\n","protected":false},"excerpt":{"rendered":"Le tribunal judiciaire de Toulouse a d\u00e9cid\u00e9 de geler le plan de suppression de pr\u00e8s d&rsquo;un millier de&hellip;\n","protected":false},"author":2,"featured_media":607005,"comment_status":"","ping_status":"","sticky":false,"template":"","format":"standard","meta":{"footnotes":""},"categories":[2816],"tags":[1111,11,1777,674,1011,27,2722,12,2680,25,71855,544,2312,3693],"class_list":{"0":"post-607004","1":"post","2":"type-post","3":"status-publish","4":"format-standard","5":"has-post-thumbnail","7":"category-toulouse","8":"tag-actu","9":"tag-actualites","10":"tag-eu","11":"tag-europe","12":"tag-fr","13":"tag-france","14":"tag-haute-garonne","15":"tag-news","16":"tag-occitanie","17":"tag-republique-francaise","18":"tag-spacial","19":"tag-thales","20":"tag-toulouse","21":"tag-tribunal"},"share_on_mastodon":{"url":"https:\/\/pubeurope.com\/@fr\/115739579046188164","error":""},"_links":{"self":[{"href":"https:\/\/www.europesays.com\/fr\/wp-json\/wp\/v2\/posts\/607004","targetHints":{"allow":["GET"]}}],"collection":[{"href":"https:\/\/www.europesays.com\/fr\/wp-json\/wp\/v2\/posts"}],"about":[{"href":"https:\/\/www.europesays.com\/fr\/wp-json\/wp\/v2\/types\/post"}],"author":[{"embeddable":true,"href":"https:\/\/www.europesays.com\/fr\/wp-json\/wp\/v2\/users\/2"}],"replies":[{"embeddable":true,"href":"https:\/\/www.europesays.com\/fr\/wp-json\/wp\/v2\/comments?post=607004"}],"version-history":[{"count":0,"href":"https:\/\/www.europesays.com\/fr\/wp-json\/wp\/v2\/posts\/607004\/revisions"}],"wp:featuredmedia":[{"embeddable":true,"href":"https:\/\/www.europesays.com\/fr\/wp-json\/wp\/v2\/media\/607005"}],"wp:attachment":[{"href":"https:\/\/www.europesays.com\/fr\/wp-json\/wp\/v2\/media?parent=607004"}],"wp:term":[{"taxonomy":"category","embeddable":true,"href":"https:\/\/www.europesays.com\/fr\/wp-json\/wp\/v2\/categories?post=607004"},{"taxonomy":"post_tag","embeddable":true,"href":"https:\/\/www.europesays.com\/fr\/wp-json\/wp\/v2\/tags?post=607004"}],"curies":[{"name":"wp","href":"https:\/\/api.w.org\/{rel}","templated":true}]}}