{"id":607006,"date":"2025-12-18T08:18:17","date_gmt":"2025-12-18T08:18:17","guid":{"rendered":"https:\/\/www.europesays.com\/fr\/607006\/"},"modified":"2025-12-18T08:18:17","modified_gmt":"2025-12-18T08:18:17","slug":"un-prologue-au-zenith-de-toulouse-avant-la-grande-tournee-2026","status":"publish","type":"post","link":"https:\/\/www.europesays.com\/fr\/607006\/","title":{"rendered":"un prologue au Z\u00e9nith de Toulouse avant la grande tourn\u00e9e 2026"},"content":{"rendered":"<p>Le duo toulousain Bigflo &amp; Oli repart sur les routes en 2026 ! Apr\u00e8s avoir enflamm\u00e9 les festivals cet \u00e9t\u00e9, les deux fr\u00e8res annoncent leur retour en salles avec une tourn\u00e9e baptis\u00e9e <strong>\u00ab Karma \u00bb<\/strong>.<\/p>\n<p>Premier rendez-vous chez eux : <strong>cinq concerts exceptionnels au Z\u00e9nith de Toulouse<\/strong> les <strong>17, 18 et 19 avril<\/strong>, puis les <strong>14 et 15 mai 2026<\/strong>. Une s\u00e9rie de dates qui marque le coup d\u2019envoi d\u2019une tourn\u00e9e nationale tr\u00e8s attendue par leurs fans.<\/p>\n<p>Les billets sont en vente d\u00e8s aujourd\u2019hui, jeudi, \u00e0 partir de midi. Autant dire qu\u2019il faudra \u00eatre rapide pour d\u00e9crocher sa place.<\/p>\n<p>Bigflo &amp; Oli promettent un concept in\u00e9dit pour cette tourn\u00e9e : un spectacle pens\u00e9 comme une exp\u00e9rience immersive, avec des surprises et une sc\u00e9nographie renouvel\u00e9e.<\/p>\n<p><strong>Ecoutez l&rsquo;interview d\u2019Oli au micro de Wilfried Penela<\/strong><\/p>\n","protected":false},"excerpt":{"rendered":"Le duo toulousain Bigflo &amp; Oli repart sur les routes en 2026 ! Apr\u00e8s avoir enflamm\u00e9 les festivals&hellip;\n","protected":false},"author":2,"featured_media":607007,"comment_status":"","ping_status":"","sticky":false,"template":"","format":"standard","meta":{"footnotes":""},"categories":[2816],"tags":[1111,11,41712,1697,1777,674,1011,27,12,2680,25,2312,12177],"class_list":{"0":"post-607006","1":"post","2":"type-post","3":"status-publish","4":"format-standard","5":"has-post-thumbnail","7":"category-toulouse","8":"tag-actu","9":"tag-actualites","10":"tag-bigflo-oli","11":"tag-concert","12":"tag-eu","13":"tag-europe","14":"tag-fr","15":"tag-france","16":"tag-news","17":"tag-occitanie","18":"tag-republique-francaise","19":"tag-toulouse","20":"tag-zenith"},"share_on_mastodon":{"url":"https:\/\/pubeurope.com\/@fr\/115739591001150915","error":""},"_links":{"self":[{"href":"https:\/\/www.europesays.com\/fr\/wp-json\/wp\/v2\/posts\/607006","targetHints":{"allow":["GET"]}}],"collection":[{"href":"https:\/\/www.europesays.com\/fr\/wp-json\/wp\/v2\/posts"}],"about":[{"href":"https:\/\/www.europesays.com\/fr\/wp-json\/wp\/v2\/types\/post"}],"author":[{"embeddable":true,"href":"https:\/\/www.europesays.com\/fr\/wp-json\/wp\/v2\/users\/2"}],"replies":[{"embeddable":true,"href":"https:\/\/www.europesays.com\/fr\/wp-json\/wp\/v2\/comments?post=607006"}],"version-history":[{"count":0,"href":"https:\/\/www.europesays.com\/fr\/wp-json\/wp\/v2\/posts\/607006\/revisions"}],"wp:featuredmedia":[{"embeddable":true,"href":"https:\/\/www.europesays.com\/fr\/wp-json\/wp\/v2\/media\/607007"}],"wp:attachment":[{"href":"https:\/\/www.europesays.com\/fr\/wp-json\/wp\/v2\/media?parent=607006"}],"wp:term":[{"taxonomy":"category","embeddable":true,"href":"https:\/\/www.europesays.com\/fr\/wp-json\/wp\/v2\/categories?post=607006"},{"taxonomy":"post_tag","embeddable":true,"href":"https:\/\/www.europesays.com\/fr\/wp-json\/wp\/v2\/tags?post=607006"}],"curies":[{"name":"wp","href":"https:\/\/api.w.org\/{rel}","templated":true}]}}