{"id":607008,"date":"2025-12-18T08:19:11","date_gmt":"2025-12-18T08:19:11","guid":{"rendered":"https:\/\/www.europesays.com\/fr\/607008\/"},"modified":"2025-12-18T08:19:11","modified_gmt":"2025-12-18T08:19:11","slug":"plus-de-mangas-a-lille-actualites","status":"publish","type":"post","link":"https:\/\/www.europesays.com\/fr\/607008\/","title":{"rendered":"Plus de mangas \u00e0 Lille \/ Actualit\u00e9s"},"content":{"rendered":"<p>La nouvelle mangath\u00e8que de Jean L\u00e9vy a \u00e9t\u00e9 inaugur\u00e9e ce 17 d\u00e9cembre 2025.<\/p>\n<p>Les sourires sur leurs visages en disent long sur leur plaisir d\u2019\u00eatre l\u00e0. Gabin, Soline, Valentin, Juliette, Na\u00efm, Oscar, Jeanne A. et Jeanne C. ont assist\u00e9 \u00e0 l\u2019inauguration de la mangath\u00e8que de la m\u00e9diath\u00e8que Jean L\u00e9vy.<\/p>\n<p>L\u2019espace a \u00e9t\u00e9 r\u00e9am\u00e9nag\u00e9 et enrichi pour satisfaire les amateurs de mangas, en particulier les 8-12 ans pour lesquels des s\u00e9ries adapt\u00e9es ont \u00e9t\u00e9 s\u00e9lectionn\u00e9es.<\/p>\n<p>Un acc\u00e8s gratuit pour tous<\/p>\n<p>Mais tous les lecteurs de ce genre litt\u00e9raire, de tous \u00e2ges, peuvent y trouver leur bonheur, avec \u00ab de nouvelles s\u00e9ries \u00e0 d\u00e9couvrir, les grands classiques de toujours ou nos mangas pr\u00e9f\u00e9r\u00e9s sur lesquels nous avons mis des stickers \u00bb, pr\u00e9cise Juliette.<\/p>\n<p>Ces jeunes, qui font partie du Conseil municipal d\u2019enfants, ont pr\u00e9sent\u00e9 un projet dans le cadre du Budget Participatif, en 2024 : plus de mangas dans les m\u00e9diath\u00e8ques ! Retenue, leur id\u00e9e a donc \u00e9t\u00e9 concr\u00e9tis\u00e9e.<\/p>\n<p>O\u00f9 les trouver ?<\/p>\n<p>De nouvelles bandes dessin\u00e9es japonaises ont enrichi les rayons de la m\u00e9diath\u00e8que du centre-ville, mais aussi celles des Bois-Blancs, de Fives, de Moulins, du Vieux-Lille, et de la Bibliomobile.<\/p>\n<p>Chat malgr\u00e9 moi, D\u00e9tective Conan, Sakura Saku, L\u2019attaque des titans ou encore Mon voisin Totoro, des dizaines de s\u00e9ries attendent celles et ceux qui ont envie de les emprunter.<\/p>\n<p>25 000 livres !<\/p>\n<p>\u00ab La cr\u00e9ation de cette mangath\u00e8que r\u00e9v\u00e8le \u00e0 la fois notre envie d\u2019associer les enfants \u00e0 nos projets et de mettre la lecture \u00e0 port\u00e9e de tous \u00bb, remarque Charlotte Brun, adjointe au maire charg\u00e9e de la ville \u00e9ducatrice et \u00e0 hauteur d\u2019enfant.<\/p>\n<p>Gr\u00e2ce \u00e0 ce projet, le fonds de mangas de la Biblioth\u00e8que municipale est pass\u00e9 de 10 000 livres en 2020 \u00e0 25 000 aujourd\u2019hui.<\/p>\n<p>L\u2019\u00e9quipe de la structure a aussi associ\u00e9 les jeunes au choix des meubles, des fauteuils et de la d\u00e9coration d\u2019inspiration japonaise con\u00e7ue par l\u2019association La Molette.<\/p>\n<p>\u00ab Nous sommes fiers du r\u00e9sultat \u00bb, conclut Gabin, \u00ab et heureux de pouvoir profiter de cet endroit car lire est une chance \u00bb.<\/p>\n","protected":false},"excerpt":{"rendered":"La nouvelle mangath\u00e8que de Jean L\u00e9vy a \u00e9t\u00e9 inaugur\u00e9e ce 17 d\u00e9cembre 2025. Les sourires sur leurs visages&hellip;\n","protected":false},"author":2,"featured_media":607009,"comment_status":"","ping_status":"","sticky":false,"template":"","format":"standard","meta":{"footnotes":""},"categories":[2815],"tags":[1111,11,4763,1777,674,1011,27,811,1307,5415,12,25],"class_list":{"0":"post-607008","1":"post","2":"type-post","3":"status-publish","4":"format-standard","5":"has-post-thumbnail","7":"category-lille","8":"tag-actu","9":"tag-actualites","10":"tag-agenda","11":"tag-eu","12":"tag-europe","13":"tag-fr","14":"tag-france","15":"tag-hauts-de-france","16":"tag-lille","17":"tag-mairie","18":"tag-news","19":"tag-republique-francaise"},"share_on_mastodon":{"url":"https:\/\/pubeurope.com\/@fr\/115739594960260088","error":""},"_links":{"self":[{"href":"https:\/\/www.europesays.com\/fr\/wp-json\/wp\/v2\/posts\/607008","targetHints":{"allow":["GET"]}}],"collection":[{"href":"https:\/\/www.europesays.com\/fr\/wp-json\/wp\/v2\/posts"}],"about":[{"href":"https:\/\/www.europesays.com\/fr\/wp-json\/wp\/v2\/types\/post"}],"author":[{"embeddable":true,"href":"https:\/\/www.europesays.com\/fr\/wp-json\/wp\/v2\/users\/2"}],"replies":[{"embeddable":true,"href":"https:\/\/www.europesays.com\/fr\/wp-json\/wp\/v2\/comments?post=607008"}],"version-history":[{"count":0,"href":"https:\/\/www.europesays.com\/fr\/wp-json\/wp\/v2\/posts\/607008\/revisions"}],"wp:featuredmedia":[{"embeddable":true,"href":"https:\/\/www.europesays.com\/fr\/wp-json\/wp\/v2\/media\/607009"}],"wp:attachment":[{"href":"https:\/\/www.europesays.com\/fr\/wp-json\/wp\/v2\/media?parent=607008"}],"wp:term":[{"taxonomy":"category","embeddable":true,"href":"https:\/\/www.europesays.com\/fr\/wp-json\/wp\/v2\/categories?post=607008"},{"taxonomy":"post_tag","embeddable":true,"href":"https:\/\/www.europesays.com\/fr\/wp-json\/wp\/v2\/tags?post=607008"}],"curies":[{"name":"wp","href":"https:\/\/api.w.org\/{rel}","templated":true}]}}