{"id":607020,"date":"2025-12-18T08:26:18","date_gmt":"2025-12-18T08:26:18","guid":{"rendered":"https:\/\/www.europesays.com\/fr\/607020\/"},"modified":"2025-12-18T08:26:18","modified_gmt":"2025-12-18T08:26:18","slug":"les-brocantes-et-vide-greniers-a-paris-et-en-ile-de-france-samedi-20-et-dimanche-21-decembre-avant-noel","status":"publish","type":"post","link":"https:\/\/www.europesays.com\/fr\/607020\/","title":{"rendered":"Les brocantes et vide-greniers \u00e0 Paris et en \u00cele-de-France samedi 20 et dimanche 21 d\u00e9cembre, avant No\u00ebl"},"content":{"rendered":"<p>\n                        Pour le dernier week-end avant No\u00ebl, quelques brocantes et vide-greniers sont organis\u00e9s \u00e0 Paris et en \u00cele-de-France. Voici le programme.                     <\/p>\n<dl class=\"ac-article-tag\">\n<dt>Sur le m\u00eame th\u00e8me<\/dt>\n<dd><a href=\"https:\/\/actu.fr\/tag\/brocante\" data-trk=\"{&quot;cta&quot;:{&quot;action&quot;:&quot;Brocante&quot;,&quot;category&quot;:&quot;tag&quot;,&quot;from&quot;:&quot;article footer&quot;,&quot;name&quot;:&quot;Brocante&quot;,&quot;type&quot;:&quot;cta&quot;}}\" target=\"_blank\" rel=\"noopener\">Brocante<\/a><\/dd>\n<dd><a href=\"https:\/\/actu.fr\/tag\/vide-greniers\" data-trk=\"{&quot;cta&quot;:{&quot;action&quot;:&quot;Vide-greniers&quot;,&quot;category&quot;:&quot;tag&quot;,&quot;from&quot;:&quot;article footer&quot;,&quot;name&quot;:&quot;Vide-greniers&quot;,&quot;type&quot;:&quot;cta&quot;}}\" target=\"_blank\" rel=\"noopener\">Vide-greniers<\/a><\/dd>\n<\/dl>\n<p>                            Article r\u00e9serv\u00e9 aux abonn\u00e9s<br \/>\n                                                            <a href=\"https:\/\/moncompte.actu.fr\/kiosque\/paywall\/actu-paris_e720a5bd-a674-46d1-b271-34ffa05f8e57\" title=\"Acc\u00e9dez \u00e0 nos offres d&#039;abonnement\" data-trk=\"{&quot;cta&quot;:{&quot;action&quot;:&quot;https:\\\/\\\/moncompte.actu.fr\\\/kiosque\\\/paywall\\\/actu-paris_e720a5bd-a674-46d1-b271-34ffa05f8e57&quot;,&quot;category&quot;:&quot;abo&quot;,&quot;from&quot;:&quot;bandeau-article&quot;,&quot;name&quot;:&quot;S&#039;abonner&quot;,&quot;type&quot;:&quot;cta&quot;}}\" target=\"_blank\" rel=\"noopener\"><br \/>\n                                    S&rsquo;abonner<br \/>\n                                <\/a><\/p>\n<p>    <img loading=\"lazy\"   decoding=\"async\" src=\"https:\/\/www.europesays.com\/fr\/wp-content\/uploads\/2025\/12\/vide-greniers-brocantes-adobe-stock-960x640.jpeg\" alt=\"Voici le programme des brocantes et vide-greniers \u00e0 Paris et en \u00cele-de-France ce week-end\" width=\"960\" height=\"640\"\/><br \/>\n    Voici le programme des brocantes et vide-greniers \u00e0 Paris et en \u00cele-de-France ce week-end (\u00a9Illustration\/Adobe Stock)                <\/p>\n","protected":false},"excerpt":{"rendered":"Pour le dernier week-end avant No\u00ebl, quelques brocantes et vide-greniers sont organis\u00e9s \u00e0 Paris et en \u00cele-de-France. Voici&hellip;\n","protected":false},"author":2,"featured_media":531214,"comment_status":"","ping_status":"","sticky":false,"template":"","format":"standard","meta":{"footnotes":""},"categories":[1592],"tags":[1111,11,6961,1777,674,1011,27,662,1652,12,626,25,3365],"class_list":{"0":"post-607020","1":"post","2":"type-post","3":"status-publish","4":"format-standard","5":"has-post-thumbnail","7":"category-ile-de-france","8":"tag-actu","9":"tag-actualites","10":"tag-brocante","11":"tag-eu","12":"tag-europe","13":"tag-fr","14":"tag-france","15":"tag-ile-de-france","16":"tag-loisirs-culture","17":"tag-news","18":"tag-paris","19":"tag-republique-francaise","20":"tag-vide-greniers"},"share_on_mastodon":{"url":"https:\/\/pubeurope.com\/@fr\/115739623275126180","error":""},"_links":{"self":[{"href":"https:\/\/www.europesays.com\/fr\/wp-json\/wp\/v2\/posts\/607020","targetHints":{"allow":["GET"]}}],"collection":[{"href":"https:\/\/www.europesays.com\/fr\/wp-json\/wp\/v2\/posts"}],"about":[{"href":"https:\/\/www.europesays.com\/fr\/wp-json\/wp\/v2\/types\/post"}],"author":[{"embeddable":true,"href":"https:\/\/www.europesays.com\/fr\/wp-json\/wp\/v2\/users\/2"}],"replies":[{"embeddable":true,"href":"https:\/\/www.europesays.com\/fr\/wp-json\/wp\/v2\/comments?post=607020"}],"version-history":[{"count":0,"href":"https:\/\/www.europesays.com\/fr\/wp-json\/wp\/v2\/posts\/607020\/revisions"}],"wp:featuredmedia":[{"embeddable":true,"href":"https:\/\/www.europesays.com\/fr\/wp-json\/wp\/v2\/media\/531214"}],"wp:attachment":[{"href":"https:\/\/www.europesays.com\/fr\/wp-json\/wp\/v2\/media?parent=607020"}],"wp:term":[{"taxonomy":"category","embeddable":true,"href":"https:\/\/www.europesays.com\/fr\/wp-json\/wp\/v2\/categories?post=607020"},{"taxonomy":"post_tag","embeddable":true,"href":"https:\/\/www.europesays.com\/fr\/wp-json\/wp\/v2\/tags?post=607020"}],"curies":[{"name":"wp","href":"https:\/\/api.w.org\/{rel}","templated":true}]}}