{"id":607021,"date":"2025-12-18T08:27:10","date_gmt":"2025-12-18T08:27:10","guid":{"rendered":"https:\/\/www.europesays.com\/fr\/607021\/"},"modified":"2025-12-18T08:27:10","modified_gmt":"2025-12-18T08:27:10","slug":"lunion-historique-de-la-gauche-au-premier-tour-largement-approuvee-par-les-militants","status":"publish","type":"post","link":"https:\/\/www.europesays.com\/fr\/607021\/","title":{"rendered":"l&rsquo;union historique de la gauche au premier tour largement approuv\u00e9e par les militants"},"content":{"rendered":"<p>                    Par<br \/>\n        <strong><br \/>\n            <a href=\"https:\/\/actu.fr\/auteur\/redaction-paris\" title=\"Consulter tous les articles de R\u00e9daction Paris\" target=\"_blank\" rel=\"noopener\">R\u00e9daction Paris<\/a><br \/>\n                    <\/strong><\/p>\n<p>        Publi\u00e9 le<\/p>\n<p>            18 d\u00e9c. 2025 \u00e0 8h41        <\/p>\n<p>Socialistes, \u00e9cologistes et communistes pr\u00e9senteront bien une liste commune pour le premier tour des <a href=\"https:\/\/actu.fr\/paris\/politique\/elections-municipales\" target=\"_blank\" rel=\"noopener\">municipales \u00e0 Paris<\/a> en mars\u00a02026, men\u00e9e par <a href=\"https:\/\/actu.fr\/tag\/emmanuel-gregoire\" target=\"_blank\" rel=\"noopener\">Emmanuel Gr\u00e9goire<\/a>. Un accord \u00e2prement n\u00e9goci\u00e9 mais valid\u00e9 par les militants. Si socialistes et \u00e9cologistes gouvernent ensemble la capitale depuis 2001, ils n\u2019avaient encore <strong>jamais men\u00e9 campagne commune<\/strong> d\u00e8s le premier tour.<\/p>\n<p>\u00ab\u2009un vote de responsabilit\u00e9\u2009\u00bb<\/p>\n<p class=\" wall-content\">\u00ab\u2009C\u2019est un moment historique\u2009\u00bb, a salu\u00e9 Emmanuel Gr\u00e9goire, ex-premier adjoint de la maire sortante, Anne Hidalgo, qui m\u00e8nera donc <strong>la liste d\u2019union<\/strong> aux c\u00f4t\u00e9s des chefs de file des \u00e9cologistes <a href=\"https:\/\/actu.fr\/ile-de-france\/paris_75056\/municipales-2026-a-paris-david-belliard-une-personnalite-complexe-passee-d-outsider-a-champion-des-verts_62381904.html\" target=\"_blank\" rel=\"noopener\">David Belliard<\/a> et des communistes <a href=\"https:\/\/actu.fr\/ile-de-france\/paris_75056\/candidat-aux-municipales-2026-a-paris-ian-brossat-est-accro-a-la-musculation-j-ai-besoin-de-cet-exutoire_62876735.html\" target=\"_blank\" rel=\"noopener\">Ian Brossat<\/a>.\u00a0Leur soutien \u00ab\u2009m\u2019honore et m\u2019oblige pour la bataille \u00e0 venir\u2009\u00bb, a d\u00e9clar\u00e9 le d\u00e9put\u00e9 de Paris dans un communiqu\u00e9.<\/p>\n<p class=\" wall-content\">\n<p class=\" wall-content\">L\u2019accord a \u00e9t\u00e9 approuv\u00e9 dans la soir\u00e9e par le conseil f\u00e9d\u00e9ral des socialistes parisiens, \u00e0 <strong>85\u2009%<\/strong>, et par plus de <strong>70\u2009%<\/strong> des militants \u00e9cologistes de la capitale, dont le vote \u00e9tait d\u00e9cisif. David Belliard a salu\u00e9 sur Instagram \u00ab\u2009un vote de responsabilit\u00e9, pour faire gagner l\u2019\u00e9cologie sociale et populaire\u2009\u00bb face \u00e0 \u00ab\u2009une droite trumpiste, anti-pauvres, affairiste et climatosceptique\u2009\u00bb, incarn\u00e9e selon lui par la candidate LR Rachida Dati.<\/p>\n<p class=\" wall-content\"><a href=\"https:\/\/www.instagram.com\/p\/DSYQx44DJNu\/embed\" title=\"Ouvrir le lien sur Instagram\" target=\"_blank\" rel=\"noopener\">Visualiser le contenu sur Instagram<\/a><\/p>\n<p class=\" wall-content\">Pour l\u2019heure, la porte n\u2019a <strong>pas \u00e9t\u00e9 totalement ferm\u00e9e aux Insoumis<\/strong>, men\u00e9s par Sophia Chikirou, mais m\u00eame si Emmanuel Gr\u00e9goire a r\u00e9p\u00e9t\u00e9 qu\u2019il ne discuterait pas avec LFI, au premier comme au second tour.<\/p>\n<p class=\" wall-content\">\n<p>Un accord \u00ab\u2009difficile et parfois douloureux\u2009\u00bb<\/p>\n<p class=\" wall-content\">Initialement annonc\u00e9e pour octobre, cette alliance, qui associe \u00e9galement le parti de <strong>Rapha\u00ebl Glucksmann<\/strong> Place publique et L\u2019Apr\u00e8s (ex-LFI), est le fruit de plus de trois mois de tractations serr\u00e9es.<\/p>\n<p class=\" wall-content\">Mais l\u2019accord a un co\u00fbt pour le PS qui dirige la capitale depuis 25\u00a0ans. \u00ab\u2009C\u2019est difficile et parfois douloureux car cela implique que <strong>certains sortent des listes<\/strong>\u2009\u00bb, glisse une source socialiste\u2009: dans un contexte de changement de mode de scrutin, 36 \u00e9cologistes seraient \u00e9ligibles contre 28 \u00e9lus actuellement.<\/p>\n<p class=\" wall-content\">Source de profondes crispations chez les militants socialistes, les \u00e9cologistes ont \u00e9galement obtenu que David Belliard soit <strong>t\u00eate de liste dans le 11e arrondissement<\/strong>, o\u00f9 fut \u00e9lu L\u00e9on Blum et o\u00f9 l\u2019est l\u2019actuelle maire socialiste, Anne Hidalgo. Une troisi\u00e8me mairie verte en plus de celles du 12e et du 14e qu\u2019ils administrent d\u00e9j\u00e0.<\/p>\n<p>Votre r\u00e9gion, votre actu !<\/p>\n<p>Recevez chaque jour les infos qui comptent pour vous.<\/p>\n<p>\t<a href=\"https:\/\/actu.fr\/newsletter\" class=\"ac-btn ac-btn--corner ac-btn--medium ac-btn--blue800\" target=\"_blank\" rel=\"noopener\">S&rsquo;incrire<\/a><\/p>\n<p class=\" wall-content\">Parmi les \u00ab\u2009marqueurs communs\u2009\u00bb figurent la revalorisation du <strong>p\u00e9riscolaire<\/strong>, un service de garde d\u2019enfant universel, l\u2019objectif de 40\u2009% de <strong>logement public<\/strong> (dont 30\u2009% de logement social), ou encore la poursuite de la pi\u00e9tonnisation et du verdissement de la ville.<br \/>Ainsi que la gratuit\u00e9 des bus propos\u00e9e par David Belliard. Parmi les points de divergence, <a href=\"https:\/\/actu.fr\/ile-de-france\/paris_75056\/favorable-a-la-vente-du-stade-au-psg-emmanuel-gregoire-devoile-son-projet-de-nouveau-parc-des-princes_63555472.html\" target=\"_blank\" rel=\"noopener\">l\u2019avenir du Parc des Princes<\/a>.<\/p>\n<p class=\" wall-content\">Selon l\u2019accord consult\u00e9 par l\u2019AFP, les partenaires s\u2019engagent \u00ab\u2009\u00e0 tout faire pour qu\u2019il n\u2019y ait <strong>qu\u2019une seule liste de gauche<\/strong> au second tour\u2009\u00bb, excluant toute alliance avec le candidat Horizons soutenu par Renaissance Pierre-Yves Bournazel.<\/p>\n<p>Les \u00e9cologistes, une alternative \u00e0 LFI\u2009?<\/p>\n<p class=\" wall-content\">\u00ab\u2009Au final, l\u2019accord est assez favorable pour les \u00c9cologistes, et ne l\u2019aurait peut-\u00eatre pas \u00e9t\u00e9 \u00e0 ce point dans une <strong>n\u00e9gociation<\/strong> de second tour\u2009\u00bb, analyse Anne-France Taiclet, enseignante-chercheuse en sciences politiques \u00e0 l\u2019Universit\u00e9 Paris 1 Panth\u00e9on-Sorbonne<\/p>\n<p class=\" wall-content\">\u00ab\u2009Les \u00e9cologistes parisiens n\u2019avaient gu\u00e8re d\u2019autre choix, d\u2019autant que le parti de Marine Tondelier est en difficult\u00e9 dans plusieurs villes. Mais le PS a aussi <strong>besoin des \u00e9cologistes<\/strong> pour essayer de concurrencer LFI dans les quartiers o\u00f9 vivent des jeunes et des dipl\u00f4m\u00e9s de gauche qui ne veulent pas voter socialiste\u2009\u00bb, d\u00e9crypte la chercheuse pour l\u2019AFP.<\/p>\n<p class=\" wall-content\">Le jeu politique parisien est plus ouvert que jamais. <a href=\"https:\/\/actu.fr\/ile-de-france\/paris_75056\/municipales-2026-a-paris-un-sondage-donne-la-gauche-unie-sans-lfi-en-tete-au-premier-tour-devant-dati_63574463.html\" target=\"_blank\" rel=\"noopener\">Un sondage Ipsos<\/a> pour Le Parisien cr\u00e9ditait de <strong>32\u2009%<\/strong> des voix au premier tour la gauche unie, hors LFI, derri\u00e8re Emmanuel Gr\u00e9goire, talonn\u00e9e par Rachida Dati (27\u2009%), soutenue par le MoDem. Pierre-Yves Bournazel est lui estim\u00e9 \u00e0 14\u2009%, contre 13\u2009% pour Sophia Chikirou (LFI). \u00c0 l\u2019extr\u00eame droite, la liste du RN de Thierry Mariani est cr\u00e9dit\u00e9e de 7\u2009%, ex-aequo avec celle de Sarah Knafo, candidate potentielle.<\/p>\n<p class=\" wall-content\">Avec AFP.<\/p>\n<p class=\" wall-content\">Personnalisez votre actualit\u00e9 en ajoutant vos villes et m\u00e9dias en favori avec <a href=\"https:\/\/moncompte.actu.fr\" title=\"D\u00e9couvez Mon Actu\" rel=\"nofollow noopener\" data-trk=\"{&quot;cta&quot;:{&quot;action&quot;:&quot;https:\\\/\\\/moncompte.actu.fr&quot;,&quot;category&quot;:&quot;mon compte&quot;,&quot;from&quot;:&quot;article footer&quot;,&quot;name&quot;:&quot;Mon actu&quot;,&quot;type&quot;:&quot;cta&quot;}}\" target=\"_blank\">Mon Actu<\/a>.<\/p>\n<p>                    <script async src=\"\/\/www.instagram.com\/embed.js\"><\/script><\/p>\n","protected":false},"excerpt":{"rendered":"Par R\u00e9daction Paris Publi\u00e9 le 18 d\u00e9c. 2025 \u00e0 8h41 Socialistes, \u00e9cologistes et communistes pr\u00e9senteront bien une liste&hellip;\n","protected":false},"author":2,"featured_media":607022,"comment_status":"","ping_status":"","sticky":false,"template":"","format":"standard","meta":{"footnotes":""},"categories":[1888],"tags":[1111,1928,11,1927,4188,8186,1777,674,1011,27,2381,3434,12,1926,626,1925,316,25],"class_list":{"0":"post-607021","1":"post","2":"type-post","3":"status-publish","4":"format-standard","5":"has-post-thumbnail","7":"category-paris","8":"tag-actu","9":"tag-actu-paris","10":"tag-actualites","11":"tag-actualites-paris","12":"tag-elections-municipales","13":"tag-emmanuel-gregoire","14":"tag-eu","15":"tag-europe","16":"tag-fr","17":"tag-france","18":"tag-mairie-de-paris","19":"tag-municipales-2026","20":"tag-news","21":"tag-news-paris","22":"tag-paris","23":"tag-paris-news","24":"tag-politique","25":"tag-republique-francaise"},"share_on_mastodon":{"url":"https:\/\/pubeurope.com\/@fr\/115739626316237300","error":""},"_links":{"self":[{"href":"https:\/\/www.europesays.com\/fr\/wp-json\/wp\/v2\/posts\/607021","targetHints":{"allow":["GET"]}}],"collection":[{"href":"https:\/\/www.europesays.com\/fr\/wp-json\/wp\/v2\/posts"}],"about":[{"href":"https:\/\/www.europesays.com\/fr\/wp-json\/wp\/v2\/types\/post"}],"author":[{"embeddable":true,"href":"https:\/\/www.europesays.com\/fr\/wp-json\/wp\/v2\/users\/2"}],"replies":[{"embeddable":true,"href":"https:\/\/www.europesays.com\/fr\/wp-json\/wp\/v2\/comments?post=607021"}],"version-history":[{"count":0,"href":"https:\/\/www.europesays.com\/fr\/wp-json\/wp\/v2\/posts\/607021\/revisions"}],"wp:featuredmedia":[{"embeddable":true,"href":"https:\/\/www.europesays.com\/fr\/wp-json\/wp\/v2\/media\/607022"}],"wp:attachment":[{"href":"https:\/\/www.europesays.com\/fr\/wp-json\/wp\/v2\/media?parent=607021"}],"wp:term":[{"taxonomy":"category","embeddable":true,"href":"https:\/\/www.europesays.com\/fr\/wp-json\/wp\/v2\/categories?post=607021"},{"taxonomy":"post_tag","embeddable":true,"href":"https:\/\/www.europesays.com\/fr\/wp-json\/wp\/v2\/tags?post=607021"}],"curies":[{"name":"wp","href":"https:\/\/api.w.org\/{rel}","templated":true}]}}