{"id":607030,"date":"2025-12-18T08:33:20","date_gmt":"2025-12-18T08:33:20","guid":{"rendered":"https:\/\/www.europesays.com\/fr\/607030\/"},"modified":"2025-12-18T08:33:20","modified_gmt":"2025-12-18T08:33:20","slug":"lutilisation-des-avoirs-russes-geles-au-coeur-dun-sommet-de-lue-a-bruxelles-en-presence-de-zelensky","status":"publish","type":"post","link":"https:\/\/www.europesays.com\/fr\/607030\/","title":{"rendered":"l\u2019utilisation des avoirs russes gel\u00e9s au c\u0153ur d\u2019un sommet de l\u2019UE \u00e0 Bruxelles, en pr\u00e9sence de Zelensky"},"content":{"rendered":"<p class=\"upper-letter\">Apr\u00e8s la fermeture du robinet am\u00e9ricain d\u00e9cid\u00e9e par Donald Trump, les Europ\u00e9ens se sont engag\u00e9s \u00e0 fournir, au cours des deux prochaines ann\u00e9es, l\u2019essentiel du soutien financier et militaire \u00e0 l\u2019Ukraine. Mais les Vingt-Sept peinent \u00e0 s\u2019accorder sur la mani\u00e8re de l\u2019assurer. C\u2019est dans ce cadre que les chefs d\u2019Etat et de gouvernement de l\u2019Union europ\u00e9enne se r\u00e9unissent ce jeudi pour un sommet \u00e0 Bruxelles, o\u00f9 des d\u00e9cisions cruciales et difficiles sont notamment attendues sur l\u2019utilisation des avoirs russes gel\u00e9s pour aider Kiev.<\/p>\n<p>Si les Europ\u00e9ens n\u2019arrivent pas \u00e0 s\u2019entendre sur le recours \u00e0 ces avoirs russes, \u00ab\u00a0la capacit\u00e9 d\u2019action de l\u2019Union europ\u00e9enne sera gravement compromise pour des ann\u00e9es, et m\u00eame plus longtemps\u00a0\u00bb, a mis en garde le chancelier allemand Friedrich Merz en d\u00e9but de semaine. Le pr\u00e9sident ukrainien Volodymyr Zelensky fera le d\u00e9placement ce jeudi \u00e0 Bruxelles pour convaincre ses alli\u00e9s europ\u00e9ens de l\u2019importance de cette d\u00e9cision.<\/p>\n<p>Faute d\u2019accord, l\u2019Ukraine risque de se retrouver \u00e0 court d\u2019argent d\u00e8s le premier trimestre 2026. Or, pr\u00e8s de quatre ans apr\u00e8s l\u2019offensive \u00e0 grande \u00e9chelle de Moscou, Volodymyr Zelensky a estim\u00e9 mercredi que la Russie se pr\u00e9parait \u00e0 mener une nouvelle \u00ab\u00a0ann\u00e9e de guerre\u00a0\u00bb, malgr\u00e9 l\u2019acc\u00e9l\u00e9ration des pourparlers sur la base du plan de Donald Trump.<\/p>\n<p>Une rencontre entre \u00e9missaires russes et am\u00e9ricains est pr\u00e9vue ce week-end \u00e0 Miami, en Floride, selon un responsable de la Maison Blanche. Mais aucun cessez-le-feu ne se profile.<\/p>\n<p><a href=\"https:\/\/www.challenges.fr\/monde\/aboutir-a-une-paix-juste-et-durable-pour-lukraine-pas-si-simple_634080\" rel=\"noopener noreferrer\" class=\"cursor-pointer decoration-inherit\" stop=\"false\" data-v-a5631e0e=\"\" target=\"_blank\"><\/p>\n<p>Aboutir \u00e0 une \u00ab\u00a0paix juste et durable\u00a0\u00bb pour l\u2019Ukraine, pas si simple<\/p>\n<p><\/a><a href=\"https:\/\/www.challenges.fr\/monde\/aboutir-a-une-paix-juste-et-durable-pour-lukraine-pas-si-simple_634080\" rel=\"noopener noreferrer\" class=\"cursor-pointer decoration-inherit\" stop=\"false\" data-v-a5631e0e=\"\" target=\"_blank\"><\/a><\/p>\n<p>A Bruxelles, deux options sont officiellement sur la table des chefs d\u2019Etat et de gouvernement de l\u2019UE. L\u2019UE pourrait emprunter, mais plusieurs pays y sont tr\u00e8s r\u00e9ticents, dont l\u2019Allemagne. Et au moins un Etat membre, la Hongrie, s\u2019y oppose totalement. Or, une telle d\u00e9cision requiert l\u2019unanimit\u00e9.<\/p>\n<p>Reste alors un recours aux avoirs gel\u00e9s russes, dont l\u2019essentiel, 210\u00a0milliards d\u2019euros, se trouve en Belgique, sous le contr\u00f4le de la soci\u00e9t\u00e9 Euroclear, institution financi\u00e8re bas\u00e9e \u00e0 Bruxelles. Ces avoirs permettraient de financer un \u00ab\u00a0pr\u00eat de r\u00e9paration\u00a0\u00bb en faveur de Kiev de 90\u00a0milliards d\u2019euros, voire davantage si n\u00e9cessaire.<\/p>\n<p><a href=\"https:\/\/www.challenges.fr\/monde\/avoirs-russes-geles-ou-emprunt-europeen-bruxelles-presente-deux-plans-pour-financer-137-milliards-deuros-de-soutien-a-lukraine_632654\" rel=\"noopener noreferrer\" class=\"cursor-pointer decoration-inherit\" stop=\"false\" data-v-a5631e0e=\"\" target=\"_blank\"><\/p>\n<p>Avoirs russes gel\u00e9s ou emprunt europ\u00e9en\u00a0: Bruxelles pr\u00e9sente deux plans pour financer 137\u00a0milliards d\u2019euros de soutien \u00e0 l\u2019Ukraine<\/p>\n<p><\/a><a href=\"https:\/\/www.challenges.fr\/monde\/avoirs-russes-geles-ou-emprunt-europeen-bruxelles-presente-deux-plans-pour-financer-137-milliards-deuros-de-soutien-a-lukraine_632654\" rel=\"noopener noreferrer\" class=\"cursor-pointer decoration-inherit\" stop=\"false\" data-v-a5631e0e=\"\" target=\"_blank\"><\/a><\/p>\n<p>Une tr\u00e8s large majorit\u00e9 des pays de l\u2019UE y sont favorables. Et pour cause\u00a0: cette solution ne co\u00fbte rien au contribuable, elle envoie un signal fort sur l\u2019engagement des Europ\u00e9ens aux c\u00f4t\u00e9s de l\u2019Ukraine et un message clair d\u2019ind\u00e9pendance au moment o\u00f9 ces avoirs sont aussi un enjeu des pourparlers de paix conduits par Washington.<\/p>\n<p>Les avoirs russes \u00ab\u00a0peuvent changer la donne pour l\u2019Europe et pour l\u2019Ukraine\u00a0\u00bb, a soulign\u00e9 la pr\u00e9sidente de la commission europ\u00e9enne Ursula von der Leyen devant le Parlement europ\u00e9en \u00e0 Strasbourg. C\u2019est \u00ab\u00a0le moment de l\u2019ind\u00e9pendance de l\u2019Europe\u00a0\u00bb, a-t-elle martel\u00e9.<\/p>\n<p><a href=\"https:\/\/www.challenges.fr\/monde\/cet-etau-trumpo-poutinien-qui-se-referme-sur-leurope_633118\" rel=\"noopener noreferrer\" class=\"cursor-pointer decoration-inherit\" stop=\"false\" data-v-a5631e0e=\"\" target=\"_blank\"><\/p>\n<p>Cet \u00e9tau trumpo-poutinien qui se referme sur l\u2019Europe<\/p>\n<p><\/a><a href=\"https:\/\/www.challenges.fr\/monde\/cet-etau-trumpo-poutinien-qui-se-referme-sur-leurope_633118\" rel=\"noopener noreferrer\" class=\"cursor-pointer decoration-inherit\" stop=\"false\" data-v-a5631e0e=\"\" target=\"_blank\"><\/a><\/p>\n<p>Encore faut-il convaincre la Belgique, qui d\u00e9tient la cl\u00e9 du coffre. Son Premier ministre Bart De Wever ne cesse de le rappeler\u00a0: pas question que son pays soit le seul \u00e0 payer les pots cass\u00e9s en cas de repr\u00e9sailles juridiques et financi\u00e8res de Moscou. Malgr\u00e9 la pression, la Belgique n\u2019avait toujours pas donn\u00e9 son feu vert mercredi.<\/p>\n<p>Bart De Wever redoute de subir des repr\u00e9sailles russes jusqu\u2019\u00e0 \u00ab\u00a0l\u2019\u00e9ternit\u00e9\u00a0\u00bb et r\u00e9clame une protection solide des int\u00e9r\u00eats de son pays, y compris en Russie. Une demande jug\u00e9e disproportionn\u00e9e par ses partenaires, pr\u00eats \u00e0 apporter leur garantie \u00e0 un pr\u00eat \u00e0 l\u2019Ukraine, mais pas \u00e0 signer un \u00ab\u00a0ch\u00e8que en blanc\u00a0\u00bb, a expliqu\u00e9 un des n\u00e9gociateurs europ\u00e9ens.<\/p>\n<p><a href=\"https:\/\/www.challenges.fr\/monde\/pourquoi-leurope-risque-de-lacher-lukraine_633135\" rel=\"noopener noreferrer\" class=\"cursor-pointer decoration-inherit\" stop=\"false\" data-v-a5631e0e=\"\" target=\"_blank\"><\/p>\n<p>Pourquoi l\u2019Europe risque de l\u00e2cher l\u2019Ukraine<\/p>\n<p><\/a><a href=\"https:\/\/www.challenges.fr\/monde\/pourquoi-leurope-risque-de-lacher-lukraine_633135\" rel=\"noopener noreferrer\" class=\"cursor-pointer decoration-inherit\" stop=\"false\" data-v-a5631e0e=\"\" target=\"_blank\"><\/a><\/p>\n<p>De complexes m\u00e9canismes de protection sont en discussion et le seront jusqu\u2019au d\u00e9but du sommet, pour favoriser un accord des dirigeants de l\u2019UE. En tout \u00e9tat de cause, \u00ab\u00a0il y aura un soutien financier pour l\u2019Ukraine\u00a0\u00bb, assure-t-on de source diplomatique.<\/p>\n<p>La d\u00e9cision de recourir aux avoirs russes gel\u00e9s peut \u00eatre prise \u00e0 la majorit\u00e9 qualifi\u00e9e des Etats membres, donc th\u00e9oriquement sans la Belgique, mais surtout sans la Hongrie, pays europ\u00e9en le plus proche du Kremlin, totalement oppos\u00e9e \u00e0 cette option. \u00ab\u00a0Ce sont des d\u00e9cisions complexes qui ne peuvent pas \u00eatre forc\u00e9es\u00a0\u00bb, a cependant averti mercredi la cheffe du gouvernement italien Giorgia Meloni.<\/p>\n<p>Faute d\u2019accord, une solution de transition pourrait \u00eatre mise en place, car \u00ab\u00a0l\u2019Ukraine ne peut pas attendre\u00a0\u00bb, indique un diplomate \u00e0 Bruxelles. Mais personne ne voit encore tr\u00e8s bien laquelle, observe un autre. Les discussions risquent donc de durer. Le pr\u00e9sident du Conseil europ\u00e9en Antonio Costa, qui dirigera les d\u00e9bats, est pr\u00eat \u00e0 les prolonger aussi longtemps que n\u00e9cessaire pour \u00e9viter un \u00e9chec du sommet. Une hypoth\u00e8se que personne ne se r\u00e9sout \u00e0 envisager apr\u00e8s les critiques de Donald Trump sur la \u00ab\u00a0faiblesse\u00a0\u00bb des dirigeants europ\u00e9ens.<\/p>\n","protected":false},"excerpt":{"rendered":"Apr\u00e8s la fermeture du robinet am\u00e9ricain d\u00e9cid\u00e9e par Donald Trump, les Europ\u00e9ens se sont engag\u00e9s \u00e0 fournir, au&hellip;\n","protected":false},"author":2,"featured_media":607031,"comment_status":"","ping_status":"","sticky":false,"template":"","format":"standard","meta":{"footnotes":""},"categories":[1590],"tags":[11,2360,1777,674,12,132,220,364,134],"class_list":{"0":"post-607030","1":"post","2":"type-post","3":"status-publish","4":"format-standard","5":"has-post-thumbnail","7":"category-ukraine","8":"tag-actualites","9":"tag-bruxelles","10":"tag-eu","11":"tag-europe","12":"tag-news","13":"tag-russie","14":"tag-ukraine","15":"tag-union-europeenne","16":"tag-volodymyr-zelensky"},"share_on_mastodon":{"url":"https:\/\/pubeurope.com\/@fr\/115739649969344083","error":""},"_links":{"self":[{"href":"https:\/\/www.europesays.com\/fr\/wp-json\/wp\/v2\/posts\/607030","targetHints":{"allow":["GET"]}}],"collection":[{"href":"https:\/\/www.europesays.com\/fr\/wp-json\/wp\/v2\/posts"}],"about":[{"href":"https:\/\/www.europesays.com\/fr\/wp-json\/wp\/v2\/types\/post"}],"author":[{"embeddable":true,"href":"https:\/\/www.europesays.com\/fr\/wp-json\/wp\/v2\/users\/2"}],"replies":[{"embeddable":true,"href":"https:\/\/www.europesays.com\/fr\/wp-json\/wp\/v2\/comments?post=607030"}],"version-history":[{"count":0,"href":"https:\/\/www.europesays.com\/fr\/wp-json\/wp\/v2\/posts\/607030\/revisions"}],"wp:featuredmedia":[{"embeddable":true,"href":"https:\/\/www.europesays.com\/fr\/wp-json\/wp\/v2\/media\/607031"}],"wp:attachment":[{"href":"https:\/\/www.europesays.com\/fr\/wp-json\/wp\/v2\/media?parent=607030"}],"wp:term":[{"taxonomy":"category","embeddable":true,"href":"https:\/\/www.europesays.com\/fr\/wp-json\/wp\/v2\/categories?post=607030"},{"taxonomy":"post_tag","embeddable":true,"href":"https:\/\/www.europesays.com\/fr\/wp-json\/wp\/v2\/tags?post=607030"}],"curies":[{"name":"wp","href":"https:\/\/api.w.org\/{rel}","templated":true}]}}