{"id":607048,"date":"2025-12-18T08:43:14","date_gmt":"2025-12-18T08:43:14","guid":{"rendered":"https:\/\/www.europesays.com\/fr\/607048\/"},"modified":"2025-12-18T08:43:14","modified_gmt":"2025-12-18T08:43:14","slug":"volley-le-challenge-interentreprises-de-volley-se-mobilise-a-nouveau-fortement-pour-le-telethon","status":"publish","type":"post","link":"https:\/\/www.europesays.com\/fr\/607048\/","title":{"rendered":"VOLLEY : Le Challenge Interentreprises de Volley se mobilise \u00e0 nouveau fortement pour le T\u00e9l\u00e9thon"},"content":{"rendered":"<p><img decoding=\"async\" class=\"newsFullImg  newsFullImgReduced  type:primaryImage\" src=\"https:\/\/www.europesays.com\/fr\/wp-content\/uploads\/2025\/12\/102522_1_full.jpg\"\/><\/p>\n<p>La deuxi\u00e8me \u00e9tape de la saison s\u2019est d\u00e9roul\u00e9e Mardi 16 D\u00e9cembre \u00e0 la Halle des Sports dans le cadre du T\u00e9l\u00e9thon. Pour cette \u00e9dition, 26 \u00e9quipes ont r\u00e9pondu pr\u00e9sentes. Le Creusot Volley Ball a revers\u00e9 le montant des inscriptions repr\u00e9sentant 288 \u20ac, \u00e0 l\u2019AFM T\u00e9l\u00e9thon. La remise du ch\u00e8que s\u2019est faite en pr\u00e9sence de Samuel Brych, Pr\u00e9sident de l\u2019OMS, Carlos Fernandes responsable T\u00e9l\u00e9thon \u00e0 l\u2019OMS, Sonia Duchet et Roger Moury repr\u00e9sentant l\u2019AFM et Arnaud Deleplanque, D\u00e9l\u00e9gu\u00e9 \u00e0 la vie associative Adjoint au Sport.<\/p>\n<p>A l\u2019issue des trois phases de match, l\u2019\u00e9quipe \u2018Framateam\u2019 remporte le tournoi. L\u2019\u00e9quipe \u2018Educ\u2019 Nat\u2019 termine sur la deuxi\u00e8me marche. L\u2019\u00e9quipe \u2018Laminage\u2019 d\u2019Industeel compl\u00e8te le podium.<\/p>\n<p>Le Creusot Volley Ball remercie l\u2019ensemble des participants, mais aussi les b\u00e9n\u00e9voles pr\u00e9sents pour encadrer et animer la soir\u00e9e.\u00a0 Remerciements \u00e9galement \u00e0 la Ville du Creusot pour la mise \u00e0 disposition de la Halle et de ses \u00e9quipements. Enfin le CVB remercie les partenaires de la soir\u00e9e ayant contribu\u00e9s \u00e0 la fourniture des lots d\u00e9cern\u00e9s aux vainqueurs : L\u2019Office Municipal des Sports du Creusot, A Fleur de Pot et Maison Durque.<\/p>\n<p>La troisi\u00e8me \u00e9tape du Challenge Interentreprises se d\u00e9roulera Mardi 24 f\u00e9vrier 2026. D\u2019ici l\u00e0, Le Creusot Volley Ball vous informe que des s\u00e9ances de volley loisir ont lieu les mardis pour celles et ceux qui le souhaitent.<\/p>\n<p>\t\t\t\t\t\t\t<\/p>\n","protected":false},"excerpt":{"rendered":"La deuxi\u00e8me \u00e9tape de la saison s\u2019est d\u00e9roul\u00e9e Mardi 16 D\u00e9cembre \u00e0 la Halle des Sports dans le&hellip;\n","protected":false},"author":2,"featured_media":607049,"comment_status":"","ping_status":"","sticky":false,"template":"","format":"standard","meta":{"footnotes":""},"categories":[1417],"tags":[1011,27,60,1470,1469],"class_list":{"0":"post-607048","1":"post","2":"type-post","3":"status-publish","4":"format-standard","5":"has-post-thumbnail","7":"category-volley","8":"tag-fr","9":"tag-france","10":"tag-sports","11":"tag-volley","12":"tag-volleyball"},"share_on_mastodon":{"url":"https:\/\/pubeurope.com\/@fr\/115739690948780979","error":""},"_links":{"self":[{"href":"https:\/\/www.europesays.com\/fr\/wp-json\/wp\/v2\/posts\/607048","targetHints":{"allow":["GET"]}}],"collection":[{"href":"https:\/\/www.europesays.com\/fr\/wp-json\/wp\/v2\/posts"}],"about":[{"href":"https:\/\/www.europesays.com\/fr\/wp-json\/wp\/v2\/types\/post"}],"author":[{"embeddable":true,"href":"https:\/\/www.europesays.com\/fr\/wp-json\/wp\/v2\/users\/2"}],"replies":[{"embeddable":true,"href":"https:\/\/www.europesays.com\/fr\/wp-json\/wp\/v2\/comments?post=607048"}],"version-history":[{"count":0,"href":"https:\/\/www.europesays.com\/fr\/wp-json\/wp\/v2\/posts\/607048\/revisions"}],"wp:featuredmedia":[{"embeddable":true,"href":"https:\/\/www.europesays.com\/fr\/wp-json\/wp\/v2\/media\/607049"}],"wp:attachment":[{"href":"https:\/\/www.europesays.com\/fr\/wp-json\/wp\/v2\/media?parent=607048"}],"wp:term":[{"taxonomy":"category","embeddable":true,"href":"https:\/\/www.europesays.com\/fr\/wp-json\/wp\/v2\/categories?post=607048"},{"taxonomy":"post_tag","embeddable":true,"href":"https:\/\/www.europesays.com\/fr\/wp-json\/wp\/v2\/tags?post=607048"}],"curies":[{"name":"wp","href":"https:\/\/api.w.org\/{rel}","templated":true}]}}