{"id":607062,"date":"2025-12-18T08:56:12","date_gmt":"2025-12-18T08:56:12","guid":{"rendered":"https:\/\/www.europesays.com\/fr\/607062\/"},"modified":"2025-12-18T08:56:12","modified_gmt":"2025-12-18T08:56:12","slug":"audiences-capitaine-marleau-et-corinne-masiero-terrassent-la-concurrence-sur-france-2-arte-3e-chaine-de-la-soiree-devant-m6-et-france-3-ozap-com","status":"publish","type":"post","link":"https:\/\/www.europesays.com\/fr\/607062\/","title":{"rendered":"Audiences : &quot;Capitaine Marleau&quot; et Corinne Masiero terrassent la concurrence sur France 2, Arte 3e cha\u00eene de la soir\u00e9e devant M6 et France 3 &#8211; ozap.com"},"content":{"rendered":"<ol>\n<li><a href=\"https:\/\/news.google.com\/rss\/articles\/CBMi_AFBVV95cUxOaVFTLWtETW5XbE90M1ktZXJuLUtUckFMUTVxcTF3QU4xUzVFNGJ6RFNOckdTbmhsZVZpNEt1bEJobWdJS2xTbFpXckZwQXRabGJQMGg2VC1FNVgybXZ5LWcwS0RXeWE1OGR6Q1kwRENjSnRWanFYYkRZM1dVRFAtVDNYMTNtakgwZEMwZzkyd3RtcFZsSWV3S2N4cXlnaXduZlRuSmQxRW1sNlZrX3F3bVRFaWFWWTRMaGxYUmlZR1huRVMtY2pES1BmTFJkUlo0RzJaaW94SDRkb3hkWlhSOFNGNU5Hc2RkWWdtenFxa0JJY3laRVdnN0c1clU?oc=5\" target=\"_blank\" rel=\"noopener\">Audiences : \u00ab\u00a0Capitaine Marleau\u00a0\u00bb et Corinne Masiero terrassent la concurrence sur France 2, Arte 3e cha\u00eene de la soir\u00e9e devant M6 et France 3<\/a>&nbsp;&nbsp;ozap.com<\/li>\n<li><a href=\"https:\/\/news.google.com\/rss\/articles\/CBMijAJBVV95cUxNeFB5RnczbWwwclJrb0R3aHIxbzFsdUlLX1R5YS1FUDlCMzQtZWpKZi05Vms5dWtyRXVsOVpfajI5LWwxZ3dQQVhaX2Nvc1h2OXNFRnFoMEhmU2ZpNkRScXI2MXA2dkJPR296OG1nd3k0aHo2VUZld0tMMElhaHRKTFg3R2R1YTgtY2ZjYnZUWEdjSVRaR3d2RmdTdWJVeUFtV2lWclpsYlNBNlluQUE5MG1FSHFkd3N0ems2Q0ZSbzRfY0Nmd2ZBcmJWQVFQQnBpSWhkQm1BRXZGOXhnemw5dThuemZvUWpmY0NYRVozWE1IMi1ycjRhM1lpMXVDSlR6THZZb1laSkZHbTJF?oc=5\" target=\"_blank\" rel=\"noopener\">Audiences TV Prime (mercredi 17 d\u00e9cembre 2025) : Capitaine Marleau large leader devant la fin de Will Trent, retour timide pour Plein les yeux<\/a>&nbsp;&nbsp;Toutelatele<\/li>\n<li><a href=\"https:\/\/news.google.com\/rss\/articles\/CBMi1gFBVV95cUxNQnFjQUZacXVNaGlXZDNRTUw4dl9LY0ZYMXU4dThSWVpaQVAyZXFPRnRNUEdTQ0FhcEZtTVFEZUJxc3Z4SklBeG9vNUMwNXB4Mjd5UHF2bFZmXzBuV2M3blRSeFI0T21qVHpLLXhuX280dnpUUDZmMmVFOEgwNHFkeXlWdXhiaWdDcFZwRG96UGpreERJdU85U29NRjNNcHUyRWZYQ2R5RzRieHcxZXIyYW9WWXMtd25uVC1zcHh5WmlIN3JObWVtQUdZel9hZUVuSk1UXzlR?oc=5\" target=\"_blank\" rel=\"noopener\">INTERVIEW DIVERTO. \u201cOn est des oppos\u00e9s\u201d, Lor\u00e0nt Deutsch rejoint Corinne Masiero dans Capitaine Marleau<\/a>&nbsp;&nbsp;Diverto<\/li>\n<li><a href=\"https:\/\/news.google.com\/rss\/articles\/CBMi5AFBVV95cUxPUjBTeFI4UUJjQW1SUmczVkRCWmhfRHlLdlNPdkJfM28zV1pBOTdCOTdoODFWR2pyMGduTXE5RTFSNktVNWRRN0pwaDl4cEYxXzhMM0ZnejVvQkEzSjgzb3Q4RW53V3hWbGZ4YUlpOGxLTzZaYW5lelhybW5YLUJtY0c1ZHdiZ21lVlpQUDZlbXRTSlBFUGF4dGM3QnZEVDFJbWRFR0h3bGFvaWdIUVpvMG5ZUzB1OXpSN1ROZ0dCZkRmdEl1RWZHRHIwUzIxWGU5NjBISjZnRkxVZDRfWklxbl9iN1E?oc=5\" target=\"_blank\" rel=\"noopener\">Un num\u00e9ro in\u00e9dit de Capitaine Marleau ce mercredi, avec les Nordistes Corinne Masiero et Jacques Bonnaff\u00e9<\/a>&nbsp;&nbsp;Actu.fr<\/li>\n<li><a href=\"https:\/\/news.google.com\/rss\/articles\/CBMifkFVX3lxTE1hNHk5dTZIQ0h0RTMyb3VqVU1wQlpWWjJQV2F2d1FTaWFybHJLbkxQSkpZUDZqeWdqTnpqUmJUTHNTekVaZXBsbHZhV2pTSnlITkZjYkNwREVrZmhjckFzUEJzUFlSTkdEX0NKS2tPQ2w2a3lwTXRnaHJXdUw3QQ?oc=5\" target=\"_blank\" rel=\"noopener\">Capitaine Marleau : France 2 change sa case horaire pour son grand retour<\/a>&nbsp;&nbsp;AlloCin\u00e9<\/li>\n<\/ol>\n","protected":false},"excerpt":{"rendered":"Audiences : \u00ab\u00a0Capitaine Marleau\u00a0\u00bb et Corinne Masiero terrassent la concurrence sur France 2, Arte 3e cha\u00eene de la&hellip;\n","protected":false},"author":2,"featured_media":395849,"comment_status":"","ping_status":"","sticky":false,"template":"","format":"standard","meta":{"footnotes":""},"categories":[1356],"tags":[58,59,1011,27,252,1364],"class_list":{"0":"post-607062","1":"post","2":"type-post","3":"status-publish","4":"format-standard","5":"has-post-thumbnail","7":"category-television","8":"tag-divertissement","9":"tag-entertainment","10":"tag-fr","11":"tag-france","12":"tag-television","13":"tag-tv"},"share_on_mastodon":{"url":"","error":""},"_links":{"self":[{"href":"https:\/\/www.europesays.com\/fr\/wp-json\/wp\/v2\/posts\/607062","targetHints":{"allow":["GET"]}}],"collection":[{"href":"https:\/\/www.europesays.com\/fr\/wp-json\/wp\/v2\/posts"}],"about":[{"href":"https:\/\/www.europesays.com\/fr\/wp-json\/wp\/v2\/types\/post"}],"author":[{"embeddable":true,"href":"https:\/\/www.europesays.com\/fr\/wp-json\/wp\/v2\/users\/2"}],"replies":[{"embeddable":true,"href":"https:\/\/www.europesays.com\/fr\/wp-json\/wp\/v2\/comments?post=607062"}],"version-history":[{"count":0,"href":"https:\/\/www.europesays.com\/fr\/wp-json\/wp\/v2\/posts\/607062\/revisions"}],"wp:featuredmedia":[{"embeddable":true,"href":"https:\/\/www.europesays.com\/fr\/wp-json\/wp\/v2\/media\/395849"}],"wp:attachment":[{"href":"https:\/\/www.europesays.com\/fr\/wp-json\/wp\/v2\/media?parent=607062"}],"wp:term":[{"taxonomy":"category","embeddable":true,"href":"https:\/\/www.europesays.com\/fr\/wp-json\/wp\/v2\/categories?post=607062"},{"taxonomy":"post_tag","embeddable":true,"href":"https:\/\/www.europesays.com\/fr\/wp-json\/wp\/v2\/tags?post=607062"}],"curies":[{"name":"wp","href":"https:\/\/api.w.org\/{rel}","templated":true}]}}