{"id":607063,"date":"2025-12-18T08:57:11","date_gmt":"2025-12-18T08:57:11","guid":{"rendered":"https:\/\/www.europesays.com\/fr\/607063\/"},"modified":"2025-12-18T08:57:11","modified_gmt":"2025-12-18T08:57:11","slug":"oui-celine-dion-prete-a-se-remarier","status":"publish","type":"post","link":"https:\/\/www.europesays.com\/fr\/607063\/","title":{"rendered":"\u00ab\u00a0Oui !\u00a0\u00bb, C\u00e9line Dion pr\u00eate \u00e0 se remarier ?"},"content":{"rendered":"<p>\u00ab\u00a0Oui\u00a0\u00bb, <a href=\"https:\/\/www.public.fr\/tag\/celine-dion\" target=\"_blank\" rel=\"noopener\">C\u00e9line Dion<\/a> le dirait sans doute encore aujourd&rsquo;hui, <strong>plus de trente ans apr\u00e8s avoir uni sa vie \u00e0 celle de Ren\u00e9 Ang\u00e9lil<\/strong>. <\/p>\n<p>Ce mercredi 17 d\u00e9cembre 2025, jour anniversaire de ses <strong>noces de Basane<\/strong>, la chanteuse canadienne s&rsquo;est empar\u00e9e de ses r\u00e9seaux sociaux pour c\u00e9l\u00e9brer cette <strong>date hautement symbolique<\/strong>. <\/p>\n<p>Un hommage charg\u00e9 d\u2019\u00e9motion, rendu malgr\u00e9 la disparition de son mari, d\u00e9c\u00e9d\u00e9 des suites d&rsquo;un cancer le 14 janvier 2016, \u00e0 l\u2019aube de ses 74 ans.<\/p>\n<p>Un anniversaire de mariage charg\u00e9 d&rsquo;\u00e9motion pour C\u00e9line Dion<\/p>\n<p>Sur <a href=\"https:\/\/www.instagram.com\/celinedion\/\" target=\"_blank\" rel=\"noreferrer noopener\">Instagram<\/a>, C\u00e9line Dion a partag\u00e9 un message bouleversant, accompagn\u00e9 d&rsquo;un adorable souvenir de leur mariage : \u00ab\u00a0<strong>Et pour moi, c&rsquo;est toujours oui\u2026 Joyeux anniversaire, mon amour\u2026<\/strong>\u00a0\u00bb Une d\u00e9claration qui n&rsquo;a pas tard\u00e9 \u00e0 susciter une vague d&rsquo;\u00e9motion parmi ses fans. <\/p>\n<p>\u00ab\u00a0Quand on aime quelqu&rsquo;un de tout son c\u0153ur, il est impossible qu&rsquo;il soit remplac\u00e9, m\u00eame apr\u00e8s sa mort\u00a0\u00bb, a notamment comment\u00e9 un internaute. \u00ab\u00a0La plus belle robe de mari\u00e9e et la chanson la plus apaisante que j&rsquo;aie jamais entendue\u00a0\u00bb, a ajout\u00e9 un autre. <\/p>\n<p>Et un troisi\u00e8me de rench\u00e9rir ainsi : \u00ab\u00a0Un tr\u00e8s joyeux anniversaire de mariage, C\u00e9line et Ren\u00e9\u00a0\u00bb. Des mots que l&rsquo;int\u00e9ress\u00e9e devrait particuli\u00e8rement appr\u00e9cier. <\/p>\n<p>Un mariage princier pour la chanteuse<\/p>\n<p>Pour rappel, le mariage de C\u00e9line Dion et de Ren\u00e9 Ang\u00e9lil avait attir\u00e9 tous les regards en <strong>1994<\/strong>. Un \u00e9v\u00e9nement d&rsquo;une ampleur exceptionnelle, au point que sa diffusion avait \u00e9t\u00e9 pr\u00e9vue \u00e0 la t\u00e9l\u00e9vision canadienne. Soucieuse du moindre d\u00e9tail, la chanteuse avait souhait\u00e9 que tout soit absolument parfait.<\/p>\n<p>Selon Le Journal de Montr\u00e9al, la c\u00e9r\u00e9monie aurait co\u00fbt\u00e9 <strong>pr\u00e8s d&rsquo;un demi-million de dollars<\/strong> et se serait d\u00e9roul\u00e9e dans le cadre majestueux de la <strong>basilique Notre-Dame de Montr\u00e9al<\/strong>. Les pr\u00e9paratifs, \u00e9tal\u00e9s sur trois mois, auraient <strong>mobilis\u00e9 pas moins de 800 personnes<\/strong>.<\/p>\n<p>La robe de mari\u00e9e de C\u00e9line Dion, devenue mythique, aurait quant \u00e0 elle n\u00e9cessit\u00e9 plus de <strong>1 000 heures de travail<\/strong>. D&rsquo;une valeur estim\u00e9e \u00e0 <strong>25 000 euros<\/strong>, elle \u00e9tait compos\u00e9e de taffetas, de pierres pr\u00e9cieuses, de perles et de nombreuses autres broderies d\u00e9licates. Une robe de r\u00eave pour l&rsquo;une des plus grandes stars de la plan\u00e8te ! <\/p>\n<p>\n          Hits &amp; People en continu\n        <\/p>\n<p>\n          Public Radio\n        <\/p>\n<p>      Mentionn\u00e9s dans cet article<\/p>\n<p>      Sur le m\u00eame sujet<\/p>\n<p>  <script async src=\"\/\/www.instagram.com\/embed.js\"><\/script><\/p>\n","protected":false},"excerpt":{"rendered":"\u00ab\u00a0Oui\u00a0\u00bb, C\u00e9line Dion le dirait sans doute encore aujourd&rsquo;hui, plus de trente ans apr\u00e8s avoir uni sa vie&hellip;\n","protected":false},"author":2,"featured_media":607064,"comment_status":"","ping_status":"","sticky":false,"template":"","format":"standard","meta":{"footnotes":""},"categories":[1355],"tags":[7043,58,59,1011,27,1930,1361,873],"class_list":{"0":"post-607063","1":"post","2":"type-post","3":"status-publish","4":"format-standard","5":"has-post-thumbnail","7":"category-musique","8":"tag-celine-dion","9":"tag-divertissement","10":"tag-entertainment","11":"tag-fr","12":"tag-france","13":"tag-mariage","14":"tag-music","15":"tag-musique"},"share_on_mastodon":{"url":"https:\/\/pubeurope.com\/@fr\/115739744359349644","error":""},"_links":{"self":[{"href":"https:\/\/www.europesays.com\/fr\/wp-json\/wp\/v2\/posts\/607063","targetHints":{"allow":["GET"]}}],"collection":[{"href":"https:\/\/www.europesays.com\/fr\/wp-json\/wp\/v2\/posts"}],"about":[{"href":"https:\/\/www.europesays.com\/fr\/wp-json\/wp\/v2\/types\/post"}],"author":[{"embeddable":true,"href":"https:\/\/www.europesays.com\/fr\/wp-json\/wp\/v2\/users\/2"}],"replies":[{"embeddable":true,"href":"https:\/\/www.europesays.com\/fr\/wp-json\/wp\/v2\/comments?post=607063"}],"version-history":[{"count":0,"href":"https:\/\/www.europesays.com\/fr\/wp-json\/wp\/v2\/posts\/607063\/revisions"}],"wp:featuredmedia":[{"embeddable":true,"href":"https:\/\/www.europesays.com\/fr\/wp-json\/wp\/v2\/media\/607064"}],"wp:attachment":[{"href":"https:\/\/www.europesays.com\/fr\/wp-json\/wp\/v2\/media?parent=607063"}],"wp:term":[{"taxonomy":"category","embeddable":true,"href":"https:\/\/www.europesays.com\/fr\/wp-json\/wp\/v2\/categories?post=607063"},{"taxonomy":"post_tag","embeddable":true,"href":"https:\/\/www.europesays.com\/fr\/wp-json\/wp\/v2\/tags?post=607063"}],"curies":[{"name":"wp","href":"https:\/\/api.w.org\/{rel}","templated":true}]}}