{"id":607065,"date":"2025-12-18T08:58:11","date_gmt":"2025-12-18T08:58:11","guid":{"rendered":"https:\/\/www.europesays.com\/fr\/607065\/"},"modified":"2025-12-18T08:58:11","modified_gmt":"2025-12-18T08:58:11","slug":"une-belle-surprise-attend-les-fans-francais","status":"publish","type":"post","link":"https:\/\/www.europesays.com\/fr\/607065\/","title":{"rendered":"une belle surprise attend les fans fran\u00e7ais"},"content":{"rendered":"<p>En 2025, Retour vers le futur f\u00eatait ses 40 ans. Et apr\u00e8s quatre d\u00e9cennies \u00e0 nourrir et inspirer la pop culture, le long-m\u00e9trage de Robert Zemeckis va se pr\u00e9senter aux fans fran\u00e7ais sous une toute nouvelle forme. Saviez-vous qu\u2019il existe une version sc\u00e8ne de l\u2019histoire de Marty McFly et Doc Brown\u00a0? En 2020, un th\u00e9\u00e2tre de Manchester accueillait une com\u00e9die musicale Retour vers le futur, sans savoir que celle-ci allait finir par devenir un ph\u00e9nom\u00e8ne plan\u00e9taire. Le succ\u00e8s fulgurant de cette r\u00e9invention a fini par mener la Delorean sur les planches du West End \u00e0 Londres, puis sur celles de Broadway \u00e0 New York, avant de s\u2019exporter \u00e0 Sydney, \u00e0 Tokyo et en tourn\u00e9e dans d\u2019autres grandes villes du monde.<\/p>\n<p>Et pour la toute premi\u00e8re fois, ce spectacle multiprim\u00e9 (et notamment distingu\u00e9 par l\u2019Oliver Award de la meilleure com\u00e9die musicale en 2022) s\u2019invite enfin dans l\u2019Hexagone. TF1 Spectacles et La Seine Musicale viennent en effet d\u2019annoncer que <strong>20 repr\u00e9sentations exclusives de Retour vers le futur\u00a0: le spectacle musical seront jou\u00e9es \u00e0 La Seine Musicale du 23 septembre au 10 octobre 2027.<\/strong><\/p>\n<p> Retour vers le futur en com\u00e9die musicale, \u00e7a donne quoi\u00a0? <\/p>\n<p>Le spectacle imagin\u00e9 par Bob Gale, co-cr\u00e9ateur de la trilogie avec Robert Zemeckis, est r\u00e9put\u00e9 pour son humour, son \u00e9nergie mais aussi et surtout ses prouesses techniques. M\u00eame les spectateurs moins sensibles aux com\u00e9dies musicales pl\u00e9biscitent ce show pour son impressionnante mise en sc\u00e8ne qui parvient \u00e0 donner vie \u00e0 ce classique du cin\u00e9ma. Une bande-annonce compos\u00e9 d\u2019extraits de la version londonienne de 2022 a d\u2019ailleurs \u00e9t\u00e9 partag\u00e9e pour offrir un aper\u00e7u de la r\u00e9alisation aux fans encore r\u00e9ticents.<\/p>\n<p>    <a href=\"https:\/\/www.youtube.com\/user\/JournalduGeek?sub_confirmation=1\" target=\"_blank\" rel=\"nofollow noopener\"><br \/>\n        S&rsquo;abonner \u00e0 Journal du Geek<br \/>\n    <\/a> <\/p>\n<p>\u00c0 noter que, contrairement \u00e0 certaines com\u00e9dies musicales qui s\u2019exportent chez nous avec une adaptation compl\u00e8te du texte et des chansons (comme Cher Evan Hansen ou La Petite Boutique des Horreurs pour citer les plus r\u00e9centes), <strong>Retour vers le futur\u00a0: le spectacle musical sera jou\u00e9 en version originale anglaise, mais s\u2019accompagnera d\u2019\u00e9crans de surtitrage<\/strong> autour de la sc\u00e8ne afin de faciliter la compr\u00e9hension pour les spectateurs non bilingues.<\/p>\n<p> La billetterie est ouverte <\/p>\n<p>Les places pour les 20 repr\u00e9sentations de Retour vers le futur\u00a0: le spectacle musical sont d\u2019ores et d\u00e9j\u00e0 en vente sur <a href=\"https:\/\/www.laseinemusicale.com\/spectacles-concerts\/retour-vers-le-futur-le-spectacle-musical\/\" target=\"_blank\" rel=\"noopener\">la billetterie de La Seine Musicale.<\/a> Voici les diff\u00e9rents tarifs par cat\u00e9gories (chaque cat\u00e9gorie propose des prix r\u00e9duits -28 ans et demandeurs d\u2019emploi) :<\/p>\n<ul>\n<li>Cat\u00e9gorie Or\u00a0: de 88,20\u20ac \u00e0 98\u20ac<\/li>\n<li>Cat\u00e9gorie 1\u00a0: 70,20\u20ac \u00e0 78\u20ac<\/li>\n<li>Cat\u00e9gorie 2\u00a0: 52,20\u20ac \u00e0 58\u20ac<\/li>\n<li>Cat\u00e9gorie 3\u00a0: 34,20 \u00e0 38\u20ac<\/li>\n<\/ul>\n<blockquote style=\"border:1px solid #971048;border-radius:8px;\">\n<p class=\"text-base text-neutral-700 dark:text-neutral-300\" style=\"color:grey;\">\ud83d\udfe3 Pour ne manquer aucune news sur le Journal du Geek, <a href=\"https:\/\/profile.google.com\/cp\/CgwvZy8xejJ2N182c2MaHmh0dHBzOi8vd3d3LmpvdXJuYWxkdWdlZWsuY29tLw==?pf=6\" target=\"_blank\" rel=\"noopener\">suivez-nous sur Google<\/a> et sur notre canal <a href=\"https:\/\/whatsapp.com\/channel\/0029VaClM5y4tRry12tb7D2h\" target=\"_blank\" rel=\"noopener\">WhatsApp<\/a>. Et si vous nous adorez, on a <a href=\"https:\/\/www.journaldugeek.com\/newsletter\/\" target=\"_blank\" rel=\"noopener\">une newsletter tous les matins<\/a>.<\/p>\n<\/blockquote>\n","protected":false},"excerpt":{"rendered":"En 2025, Retour vers le futur f\u00eatait ses 40 ans. Et apr\u00e8s quatre d\u00e9cennies \u00e0 nourrir et inspirer&hellip;\n","protected":false},"author":2,"featured_media":607066,"comment_status":"","ping_status":"","sticky":false,"template":"","format":"standard","meta":{"footnotes":""},"categories":[1354],"tags":[5331,11722,58,59,1346,1011,27,1360,17894,853],"class_list":{"0":"post-607065","1":"post","2":"type-post","3":"status-publish","4":"format-standard","5":"has-post-thumbnail","7":"category-films","8":"tag-adaptation","9":"tag-comedie-musicale","10":"tag-divertissement","11":"tag-entertainment","12":"tag-films","13":"tag-fr","14":"tag-france","15":"tag-movies","16":"tag-retour-vers-le-futur","17":"tag-spectacles"},"share_on_mastodon":{"url":"https:\/\/pubeurope.com\/@fr\/115739748236280971","error":""},"_links":{"self":[{"href":"https:\/\/www.europesays.com\/fr\/wp-json\/wp\/v2\/posts\/607065","targetHints":{"allow":["GET"]}}],"collection":[{"href":"https:\/\/www.europesays.com\/fr\/wp-json\/wp\/v2\/posts"}],"about":[{"href":"https:\/\/www.europesays.com\/fr\/wp-json\/wp\/v2\/types\/post"}],"author":[{"embeddable":true,"href":"https:\/\/www.europesays.com\/fr\/wp-json\/wp\/v2\/users\/2"}],"replies":[{"embeddable":true,"href":"https:\/\/www.europesays.com\/fr\/wp-json\/wp\/v2\/comments?post=607065"}],"version-history":[{"count":0,"href":"https:\/\/www.europesays.com\/fr\/wp-json\/wp\/v2\/posts\/607065\/revisions"}],"wp:featuredmedia":[{"embeddable":true,"href":"https:\/\/www.europesays.com\/fr\/wp-json\/wp\/v2\/media\/607066"}],"wp:attachment":[{"href":"https:\/\/www.europesays.com\/fr\/wp-json\/wp\/v2\/media?parent=607065"}],"wp:term":[{"taxonomy":"category","embeddable":true,"href":"https:\/\/www.europesays.com\/fr\/wp-json\/wp\/v2\/categories?post=607065"},{"taxonomy":"post_tag","embeddable":true,"href":"https:\/\/www.europesays.com\/fr\/wp-json\/wp\/v2\/tags?post=607065"}],"curies":[{"name":"wp","href":"https:\/\/api.w.org\/{rel}","templated":true}]}}