{"id":607067,"date":"2025-12-18T08:59:10","date_gmt":"2025-12-18T08:59:10","guid":{"rendered":"https:\/\/www.europesays.com\/fr\/607067\/"},"modified":"2025-12-18T08:59:10","modified_gmt":"2025-12-18T08:59:10","slug":"ce-danger-invisible-qui-provoque-des-crises-deternuements-et-peut-destabiliser-votre-asthme-tout-lhiver","status":"publish","type":"post","link":"https:\/\/www.europesays.com\/fr\/607067\/","title":{"rendered":"ce danger invisible qui provoque des crises d\u2019\u00e9ternuements et peut d\u00e9stabiliser votre asthme tout l\u2019hiver"},"content":{"rendered":"<p itemprop=\"description\">Chaque d\u00e9cembre, certains voient leur<br \/>\nsalon se transformer en zone de crise respiratoire d\u00e8s que le sapin<br \/>\nde No\u00ebl est install\u00e9. Que cache vraiment ce \u00ab syndrome du sapin de<br \/>\nNo\u00ebl \u00bb qui peut aller bien au\u2011del\u00e0 d\u2019un simple rhume ?<\/p>\n<p>D\u00e9cembre, le salon sent la r\u00e9sine, le sapin brille&#8230; et soudain<br \/>\nvotre nez se met \u00e0 couler en cascade. Les \u00e9ternuements<br \/>\ns&rsquo;encha\u00eenent, les yeux piquent, la toux r\u00e9veille tout le monde la<br \/>\nnuit. Beaucoup pensent \u00e0 un simple rhume hivernal, \u00e0 un virus<br \/>\nramen\u00e9 du bureau ou \u00e0 l&rsquo;air trop sec du chauffage. Pourtant, d\u00e8s<br \/>\nque vous quittez la pi\u00e8ce du sapin, vous allez beaucoup mieux.<\/p>\n<p>Pour certaines personnes, ces crises respiratoires deviennent<br \/>\ncarr\u00e9ment extr\u00eames : dizaines d&rsquo;\u00e9ternuements d&rsquo;affil\u00e9e, sensation<br \/>\nd&rsquo;oppression dans la poitrine, asthme qui se d\u00e9stabilise. Les<br \/>\nm\u00e9decins parlent de <strong>syndrome du sapin de No\u00ebl<\/strong>, un<br \/>\nensemble de sympt\u00f4mes allergiques \u00e9troitement li\u00e9s \u00e0 l&rsquo;arbre d\u00e9cor\u00e9<br \/>\net \u00e0 sa couronne de l&rsquo;Avent. Le ph\u00e9nom\u00e8ne touche surtout les<br \/>\nterrains allergiques, les asthmatiques et les enfants fragiles. Et<br \/>\nce n&rsquo;est pas une simple lubie de m\u00e9decin.<\/p>\n<p>Qu&rsquo;est-ce que le syndrome du sapin de No\u00ebl exactement ?<\/p>\n<p>Ce terme ne correspond pas \u00e0 une maladie officielle dans les<br \/>\nmanuels, mais d\u00e9crit une rhinite allergique, parfois un d\u00e9but de<br \/>\ncrise d&rsquo;<strong>asthme<\/strong>, qui appara\u00eet quand un sapin<br \/>\nnaturel entre dans la maison. Nez bouch\u00e9 ou qui coule, \u00e9ternuements<br \/>\nen rafale, gorge qui gratte, yeux rouges et larmoyants, toux s\u00e8che,<br \/>\nmaux de t\u00eate : les signes surviennent surtout dans la pi\u00e8ce o\u00f9<br \/>\ntr\u00f4ne l&rsquo;arbre et diminuent d\u00e8s qu&rsquo;on s&rsquo;en \u00e9loigne.<\/p>\n<p>Les allergologues observent ce tableau surtout chez les<br \/>\npersonnes d\u00e9j\u00e0 sensibles : rhinite saisonni\u00e8re, ecz\u00e9ma,<br \/>\nhyperr\u00e9activit\u00e9 bronchique. Medisite rappelle qu&rsquo;entre 25 et 30 %<br \/>\nde la population souffre d&rsquo;une maladie allergique, avec 7 \u00e0 10 %<br \/>\nd&rsquo;<strong>asthme<\/strong> et jusqu&rsquo;\u00e0 20 % de rhinite ou<br \/>\nconjonctivite. Les petits enfants, les asthmatiques mal contr\u00f4l\u00e9s<br \/>\net les personnes immunod\u00e9prim\u00e9es peuvent r\u00e9agir plus violemment,<br \/>\navec g\u00eane respiratoire marqu\u00e9e.<\/p>\n<p>Moisissures et produits chimiques : les vrais coupables du<br \/>\nsapin de No\u00ebl<\/p>\n<p>Derri\u00e8re cette avalanche de sympt\u00f4mes, les coupables principaux<br \/>\nsont les <strong>moisissures<\/strong> qui colonisent le tronc et<br \/>\nles aiguilles pendant le stockage. Des mesures cit\u00e9es par la<br \/>\nDeutsche Lungenstiftung montrent qu&rsquo;en hiver, l&rsquo;air int\u00e9rieur<br \/>\ncontient habituellement entre 100 et 3 000 spores de moisissures<br \/>\npar m\u00e8tre cube, mais qu&rsquo;avec un sapin contamin\u00e9 la concentration<br \/>\npeut grimper jusqu&rsquo;\u00e0 5 000 spores. Dans 28 sapins analys\u00e9s, les<br \/>\nchercheurs ont recens\u00e9 jusqu&rsquo;\u00e0 53 esp\u00e8ces diff\u00e9rentes, dont 70 %<br \/>\njug\u00e9es potentiellement nocives.<\/p>\n<p>Les analyses mettent en cause des champignons comme Aspergillus,<br \/>\nPenicillium ou Cladosporium, connus pour irriter fortement les<br \/>\nvoies respiratoires. Le sapin peut aussi avoir re\u00e7u des pesticides<br \/>\net d&rsquo;autres produits chimiques qui s&rsquo;\u00e9vaporent une fois install\u00e9<br \/>\ndans une pi\u00e8ce chauff\u00e9e. Harald Morr, pr\u00e9sident de la Deutsche<br \/>\nLungenstiftung \u00e0 Hanovre, conseille m\u00eame de traiter l&rsquo;arbre avec un<br \/>\nfongicide pour tuer les spores, mais il reconna\u00eet : \u00ab\u00a0Mais c&rsquo;est<br \/>\nd\u00e9j\u00e0 un tr\u00e8s gros effort\u00a0\u00bb, ce qui d\u00e9courage pas mal de<br \/>\nfamilles.<\/p>\n<p>Comment r\u00e9duire le syndrome du sapin de No\u00ebl sans g\u00e2cher la<br \/>\nf\u00eate<\/p>\n<p>Bonne nouvelle, il existe des gestes simples pour limiter ce<br \/>\ncocktail d&rsquo;allerg\u00e8nes sans renoncer au sapin naturel. Les<br \/>\nsp\u00e9cialistes recommandent de pr\u00e9parer l&rsquo;arbre dehors, plusieurs<br \/>\nheures avant de le mettre au salon, puis d&rsquo;a\u00e9rer g\u00e9n\u00e9reusment la<br \/>\npi\u00e8ce chaque jour. Certains allergiques tol\u00e8rent beaucoup mieux le<br \/>\nsapin quand ils raccourcissent sa dur\u00e9e de s\u00e9jour \u00e0 la maison, par<br \/>\nexemple une semaine maximum. Parmi les r\u00e9flexes les plus utiles<br \/>\n:<\/p>\n<ul>\n<li>Rincer le sapin au tuyau d&rsquo;arrosage, puis le laisser bien<br \/>\ns\u00e9cher \u00e0 l&rsquo;ext\u00e9rieur.<\/li>\n<li>Privil\u00e9gier un sapin issu de l&rsquo;agriculture biologique, moins<br \/>\ntrait\u00e9 aux pesticides.<\/li>\n<li>D\u00e9poussi\u00e9rer guirlandes et boules dehors avant de les<br \/>\naccrocher.<\/li>\n<li>\u00c9viter de placer l&rsquo;arbre pr\u00e8s d&rsquo;un radiateur, qui favorise les<br \/>\n\u00e9manations et les spores.<\/li>\n<li>En cas d&rsquo;allergie s\u00e9v\u00e8re, opter pour un sapin artificiel<br \/>\nnettoy\u00e9 chaque ann\u00e9e et stock\u00e9 \u00e0 l&rsquo;abri de l&rsquo;humidit\u00e9.<\/li>\n<\/ul>\n<p>Si malgr\u00e9 ces pr\u00e9cautions les crises d&rsquo;\u00e9ternuements, la toux ou<br \/>\nla g\u00eane respiratoire persistent, en particulier chez un enfant<br \/>\nasthmatique, une consultation m\u00e9dicale s&rsquo;impose. Difficult\u00e9 \u00e0<br \/>\nrespirer, sifflements ou malaise imposent d&rsquo;appeler les secours, ce<br \/>\nguide ne remplace pas l&rsquo;avis d&rsquo;un m\u00e9decin.<\/p>\n","protected":false},"excerpt":{"rendered":"Chaque d\u00e9cembre, certains voient leur salon se transformer en zone de crise respiratoire d\u00e8s que le sapin de&hellip;\n","protected":false},"author":2,"featured_media":607068,"comment_status":"","ping_status":"","sticky":false,"template":"","format":"standard","meta":{"footnotes":""},"categories":[10],"tags":[1011,27,72,6736,15830,71,63446],"class_list":{"0":"post-607067","1":"post","2":"type-post","3":"status-publish","4":"format-standard","5":"has-post-thumbnail","7":"category-sante","8":"tag-fr","9":"tag-france","10":"tag-health","11":"tag-hiver","12":"tag-noel","13":"tag-sante","14":"tag-sapin"},"share_on_mastodon":{"url":"https:\/\/pubeurope.com\/@fr\/115739752225106310","error":""},"_links":{"self":[{"href":"https:\/\/www.europesays.com\/fr\/wp-json\/wp\/v2\/posts\/607067","targetHints":{"allow":["GET"]}}],"collection":[{"href":"https:\/\/www.europesays.com\/fr\/wp-json\/wp\/v2\/posts"}],"about":[{"href":"https:\/\/www.europesays.com\/fr\/wp-json\/wp\/v2\/types\/post"}],"author":[{"embeddable":true,"href":"https:\/\/www.europesays.com\/fr\/wp-json\/wp\/v2\/users\/2"}],"replies":[{"embeddable":true,"href":"https:\/\/www.europesays.com\/fr\/wp-json\/wp\/v2\/comments?post=607067"}],"version-history":[{"count":0,"href":"https:\/\/www.europesays.com\/fr\/wp-json\/wp\/v2\/posts\/607067\/revisions"}],"wp:featuredmedia":[{"embeddable":true,"href":"https:\/\/www.europesays.com\/fr\/wp-json\/wp\/v2\/media\/607068"}],"wp:attachment":[{"href":"https:\/\/www.europesays.com\/fr\/wp-json\/wp\/v2\/media?parent=607067"}],"wp:term":[{"taxonomy":"category","embeddable":true,"href":"https:\/\/www.europesays.com\/fr\/wp-json\/wp\/v2\/categories?post=607067"},{"taxonomy":"post_tag","embeddable":true,"href":"https:\/\/www.europesays.com\/fr\/wp-json\/wp\/v2\/tags?post=607067"}],"curies":[{"name":"wp","href":"https:\/\/api.w.org\/{rel}","templated":true}]}}