{"id":607075,"date":"2025-12-18T09:03:15","date_gmt":"2025-12-18T09:03:15","guid":{"rendered":"https:\/\/www.europesays.com\/fr\/607075\/"},"modified":"2025-12-18T09:03:15","modified_gmt":"2025-12-18T09:03:15","slug":"les-valeurs-a-suivre-a-paris-et-en-europe-18-12-2025-a-0859","status":"publish","type":"post","link":"https:\/\/www.europesays.com\/fr\/607075\/","title":{"rendered":"Les valeurs \u00e0 suivre \u00e0 Paris et en Europe &#8211; 18\/12\/2025 \u00e0 08:59"},"content":{"rendered":"<p>\n * BNP PRIBAS<br \/>\n <a href=\"https:\/\/www.boursorama.com\/cours\/1rPBNP\/\" target=\"_blank\" rel=\"noopener\"><br \/>\n  BNPP.PA<br \/>\n <\/a><br \/>\n est entr\u00e9 en n\u00e9gociations exclusives avec le constructeur allemand MERCEDES-BENZ<br \/>\n <a href=\"https:\/\/www.boursorama.com\/cours\/1zMBG\/\" target=\"_blank\" rel=\"noopener\"><br \/>\n  MBGn.DE<br \/>\n <\/a><br \/>\n en vue d&rsquo;acqu\u00e9rir sa filiale de location longue dur\u00e9e (\u00ab\u00a0leasing\u00a0\u00bb) Athlon, a d\u00e9clar\u00e9 la banque fran\u00e7aise jeudi, dans le cadre d&rsquo;une transaction \u00e9valu\u00e9e \u00e0 environ 1,0 milliard d&rsquo;euros.\n<\/p>\n<p>\n * ESSILORLUXOTTICA<br \/>\n <a href=\"https:\/\/www.boursorama.com\/cours\/1rPEL\/\" target=\"_blank\" rel=\"noopener\"><br \/>\n  ESLX.PA<br \/>\n <\/a><br \/>\n et BURBERRY<br \/>\n <a href=\"https:\/\/www.boursorama.com\/cours\/1uBRBY.L\/\" target=\"_blank\" rel=\"noopener\"><br \/>\n  BRBY.L<br \/>\n <\/a><br \/>\n ont annonc\u00e9 jeudi le renouvellement jusqu&rsquo;au 31 d\u00e9cembre 2035 de leur accord de licence pour la conception, la production et la distribution mondiale de lunettes sous la marque Burberry.\n<\/p>\n<p>\n * GETLINK<br \/>\n <a href=\"https:\/\/www.boursorama.com\/cours\/1rPGET\/\" target=\"_blank\" rel=\"noopener\"><br \/>\n  GETP.PA<br \/>\n <\/a><br \/>\n a annonc\u00e9 jeudi avoir conclu un accord avec ses compagnies d4assurance pour l&rsquo;indemnisation des pertes d&rsquo;exploitation d&rsquo;Eleclink cons\u00e9cutives \u00e0 la suspension de l&rsquo;activit\u00e9 entre le 25 septembre 2024 et le 5 f\u00e9vrier 2025.\n<\/p>\n<p>\n * ALSTOM<br \/>\n <a href=\"https:\/\/www.boursorama.com\/cours\/1rPALO\/\" target=\"_blank\" rel=\"noopener\"><br \/>\n  ALSO.PA<br \/>\n <\/a><br \/>\n a annonc\u00e9 jeudi s&rsquo;\u00eatre vu attribuer, dans le cadre de l&rsquo;Alliance TransitLinX, une part de 1,0 milliard d&rsquo;euros d&rsquo;un contrat global de 4,9 milliards d&rsquo;euros par la Suburban Rail Loop Authority (SRLA) de Melbourne, en Australie.\n<\/p>\n<p>\n * NEXANS<br \/>\n <a href=\"https:\/\/www.boursorama.com\/cours\/1rPNEX\/\" target=\"_blank\" rel=\"noopener\"><br \/>\n  NEXS.PA<br \/>\n <\/a><br \/>\n a annonc\u00e9 mercredi avoir finalis\u00e9 l&rsquo;acquisition du fabricant canadien Electro Cables.\n<\/p>\n<p>\n * SOPRA STERIA GROUP<br \/>\n <a href=\"https:\/\/www.boursorama.com\/cours\/1rPSOP\/\" target=\"_blank\" rel=\"noopener\"><br \/>\n  SOPR.PA<br \/>\n <\/a><br \/>\n a annonc\u00e9 mercredi \u00eatre en n\u00e9gociations exclusives en vue de l&rsquo;acquisition de Starion et Nexova pour le compte de sa filiale CS Group.\n<\/p>\n<p>\n * EIFFAGE<br \/>\n <a href=\"https:\/\/www.boursorama.com\/cours\/1rPFGR\/\" target=\"_blank\" rel=\"noopener\"><br \/>\n  FOUG.PA<br \/>\n <\/a><br \/>\n a annonc\u00e9 mercredi que le conseil de Paris avait approuv\u00e9 le choix du groupement Dalkia\/Eiffage\/Ratp solutions ville pour renouveler la concession du r\u00e9seau de chaleur urbain de la capitale.\n<\/p>\n<p>\n * VIRBAC<br \/>\n <a href=\"https:\/\/www.boursorama.com\/cours\/1rPVIRP\/\" target=\"_blank\" rel=\"noopener\"><br \/>\n  VIRB.PA<br \/>\n <\/a><br \/>\n a annonc\u00e9 jeudi m\u00e9dicament leader mondial dans le traitement de l&rsquo;hyperthyro\u00efdie f\u00e9line.\n<\/p>\n<p>\n * BP<br \/>\n <a href=\"https:\/\/www.boursorama.com\/cours\/1uBP..L\/\" target=\"_blank\" rel=\"noopener\"><br \/>\n  BP.L<br \/>\n <\/a><br \/>\n &#8211; La major britannique a nomm\u00e9 mercredi soir Meg O&rsquo;Neill, jusqu&rsquo;\u00e0 pr\u00e9sent \u00e0 la t\u00eate de la soci\u00e9t\u00e9 p\u00e9troli\u00e8re australienne Woodside Energy WDS.AX , au poste de directrice g\u00e9n\u00e9rale, \u00e0 un moment o\u00f9 le groupe britannique entend augmenter ses b\u00e9n\u00e9fices et se recentrer sur le p\u00e9trole et le gaz apr\u00e8s un changement de strat\u00e9gie concernant les \u00e9nergies renouvelables.\n<\/p>\n<p>\n * DOUGLAS\u00a0&#8211; Le distributeur de produits de beaut\u00e9 a revu \u00e0 la baisse jeudi sa pr\u00e9vision de chiffre d&rsquo;affaires pour 2026 et au-del\u00e0, la morosit\u00e9 des consommateurs pesant sur ses principaux march\u00e9s en Allemagne, en Autriche, en Suisse, aux Pays-Bas et en Belgique.\n<\/p>\n<p>\n * CAMPARI<br \/>\n <a href=\"https:\/\/www.boursorama.com\/cours\/1gCPR\/\" target=\"_blank\" rel=\"noopener\"><br \/>\n  CPRI.MI<br \/>\n <\/a><br \/>\n &#8211; Le groupe italien de boissons a annonc\u00e9 jeudi avoir conclu un accord pour vendre ses marques Averna et Zedda Piras \u00e0 la soci\u00e9t\u00e9 de spiritueux Illva Saronno pour 100 millions d&rsquo;euros, une op\u00e9ration visant \u00e0 rationaliser son portefeuille afin de se concentrer sur ses marques phares et de soutenir son d\u00e9sendettement financier.\n<\/p>\n<p>\n * RHEINMETALL<br \/>\n <a href=\"https:\/\/www.boursorama.com\/cours\/1zRHM\/\" target=\"_blank\" rel=\"noopener\"><br \/>\n  RHMG.DE<br \/>\n <\/a><br \/>\n &#8211; Le fabricant allemand d&rsquo;\u00e9quipements de d\u00e9fense a annonc\u00e9 mercredi avoir entam\u00e9 la vente de ses activit\u00e9s civiles, qui inclut sa division Power Systems, dans le cadre d&rsquo;une strat\u00e9gie visant \u00e0 se concentrer sur ses activit\u00e9s militaires.\n<\/p>\n<p>\n Le groupe a \u00e9galement annonc\u00e9 qu&rsquo;il allait comptabiliser une charge de d\u00e9pr\u00e9ciation hors tr\u00e9sorerie d&rsquo;environ 350 millions d&rsquo;euros en raison de la cessation de ces activit\u00e9s.\n<\/p>\n<p>\n * AENA<br \/>\n <a href=\"https:\/\/www.boursorama.com\/cours\/FF55-AENA\/\" target=\"_blank\" rel=\"noopener\"><br \/>\n  AENA.MC<br \/>\n <\/a><br \/>\n &#8211; L&rsquo;op\u00e9rateur a\u00e9roportuaire espagnol a annonc\u00e9 jeudi avoir conclu un accord pour acqu\u00e9rir 51% des parts d&rsquo;une nouvelle soci\u00e9t\u00e9 holding propri\u00e9taire de l&rsquo;a\u00e9roport de Leeds Bradford et d&rsquo;une partie de l&rsquo;a\u00e9roport de Newcastle au Royaume-Uni.\n<\/p>\n<p>\n * SECTEUR TECHNOLOGIQUE &#8211; Les craintes concernant la formation d&rsquo;une \u00e9ventuelle bulle sp\u00e9culative dans le secteur florissant de l&rsquo;IA ont refait surface et pes\u00e9 mercredi sur la Bourse de New York et jeudi sur les march\u00e9s asiatiques.\n<\/p>\n<p>\n Les pr\u00e9visions optimistes annonc\u00e9es par le fabricant am\u00e9ricain de puces m\u00e9moire Micron Technology<br \/>\n <a href=\"https:\/\/www.boursorama.com\/cours\/MU\/\" target=\"_blank\" rel=\"noopener\"><br \/>\n  MU.O<br \/>\n <\/a><br \/>\n pourraient toutefois offrir un certain r\u00e9pit au secteur, l&rsquo;action du groupe cot\u00e9e \u00e0 la Bourse de Francfort \u00e9tant indiqu\u00e9e en hausse de 12% avant l&rsquo;ouverture.\n<\/p>\n<p>\n * SECTEUR PHARMACEUTIQUE &#8211; La Maison blanche devrait annoncer d\u00e8s vendredi des accords sur les prix des m\u00e9dicaments avec les g\u00e9ants pharmaceutiques NOVARTIS<br \/>\n <a href=\"https:\/\/www.boursorama.com\/cours\/2aNOVN\/\" target=\"_blank\" rel=\"noopener\"><br \/>\n  NOVN.S<br \/>\n <\/a><br \/>\n et ROCHE<br \/>\n <a href=\"https:\/\/www.boursorama.com\/cours\/2aROG\/\" target=\"_blank\" rel=\"noopener\"><br \/>\n  ROG.S<br \/>\n <\/a><br \/>\n , a rapport\u00e9 mercredi Bloomberg, citant des sources proches du dossier. Selon l&rsquo;agence de presse, d&rsquo;autres fabricants de m\u00e9dicaments pourraient \u00e9galement \u00eatre inclus dans cette annonce.\n<\/p>\n<p>\n * CURRYS\u00a0&#8211; Le d\u00e9taillant britannique d&rsquo;appareils \u00e9lectriques a annonc\u00e9 jeudi que son b\u00e9n\u00e9fice semestriel avait plus que doubl\u00e9 et a maintenu ses pr\u00e9visions de croissance pour l&rsquo;ensemble de l&rsquo;ann\u00e9e, affirmant que les ventes du second semestre, y compris celles du Black Friday, \u00e9taient conformes \u00e0 ses attentes.\n<\/p>\n<p>\n (R\u00e9dig\u00e9 par Claude Chendjou et Diana Mandia, \u00e9dit\u00e9 par Augustin Turpin)<\/p>\n","protected":false},"excerpt":{"rendered":"* BNP PRIBAS BNPP.PA est entr\u00e9 en n\u00e9gociations exclusives avec le constructeur allemand MERCEDES-BENZ MBGn.DE en vue d&rsquo;acqu\u00e9rir&hellip;\n","protected":false},"author":2,"featured_media":607076,"comment_status":"","ping_status":"","sticky":false,"template":"","format":"standard","meta":{"footnotes":""},"categories":[6],"tags":[400,398,408,35,405,33,34,1011,27,403,402,399,404,401,406,407],"class_list":{"0":"post-607075","1":"post","2":"type-post","3":"status-publish","4":"format-standard","5":"has-post-thumbnail","7":"category-economie","8":"tag-action-cac-40","9":"tag-bourse-de-paris","10":"tag-boursorama","11":"tag-business","12":"tag-cotations","13":"tag-economie","14":"tag-economy","15":"tag-fr","16":"tag-france","17":"tag-indices-devises","18":"tag-investir","19":"tag-investissement","20":"tag-marche-boursier","21":"tag-sicav","22":"tag-trackers","23":"tag-warrants"},"share_on_mastodon":{"url":"https:\/\/pubeurope.com\/@fr\/115739767980075056","error":""},"_links":{"self":[{"href":"https:\/\/www.europesays.com\/fr\/wp-json\/wp\/v2\/posts\/607075","targetHints":{"allow":["GET"]}}],"collection":[{"href":"https:\/\/www.europesays.com\/fr\/wp-json\/wp\/v2\/posts"}],"about":[{"href":"https:\/\/www.europesays.com\/fr\/wp-json\/wp\/v2\/types\/post"}],"author":[{"embeddable":true,"href":"https:\/\/www.europesays.com\/fr\/wp-json\/wp\/v2\/users\/2"}],"replies":[{"embeddable":true,"href":"https:\/\/www.europesays.com\/fr\/wp-json\/wp\/v2\/comments?post=607075"}],"version-history":[{"count":0,"href":"https:\/\/www.europesays.com\/fr\/wp-json\/wp\/v2\/posts\/607075\/revisions"}],"wp:featuredmedia":[{"embeddable":true,"href":"https:\/\/www.europesays.com\/fr\/wp-json\/wp\/v2\/media\/607076"}],"wp:attachment":[{"href":"https:\/\/www.europesays.com\/fr\/wp-json\/wp\/v2\/media?parent=607075"}],"wp:term":[{"taxonomy":"category","embeddable":true,"href":"https:\/\/www.europesays.com\/fr\/wp-json\/wp\/v2\/categories?post=607075"},{"taxonomy":"post_tag","embeddable":true,"href":"https:\/\/www.europesays.com\/fr\/wp-json\/wp\/v2\/tags?post=607075"}],"curies":[{"name":"wp","href":"https:\/\/api.w.org\/{rel}","templated":true}]}}