{"id":607079,"date":"2025-12-18T09:05:15","date_gmt":"2025-12-18T09:05:15","guid":{"rendered":"https:\/\/www.europesays.com\/fr\/607079\/"},"modified":"2025-12-18T09:05:15","modified_gmt":"2025-12-18T09:05:15","slug":"avant-le-verdict-du-proces-de-frederic-pechier-retour-sur-trois-mois-et-demi-daudiences-troublantes-liberation","status":"publish","type":"post","link":"https:\/\/www.europesays.com\/fr\/607079\/","title":{"rendered":"Avant le verdict du proc\u00e8s de Fr\u00e9d\u00e9ric P\u00e9chier, retour sur trois mois et demi d\u2019audiences troublantes \u2013 Lib\u00e9ration"},"content":{"rendered":"<p class=\"sc-cPiKLX AiZTS text-element\">Il faut se souvenir <a href=\"https:\/\/www.liberation.fr\/societe\/police-justice\/au-premier-jour-du-proces-de-lanesthesiste-frederic-pechier-je-nai-jamais-empoisonne-personne-20250908_HPXD6K3RJ5B3BBQRFRGKAWZVQQ\/\" target=\"_blank\" rel=\"noreferrer noopener\" title=\"https:\/\/www.liberation.fr\/societe\/police-justice\/au-premier-jour-du-proces-de-lanesthesiste-frederic-pechier-je-nai-jamais-empoisonne-personne-20250908_HPXD6K3RJ5B3BBQRFRGKAWZVQQ\/\">des premiers jours<\/a> et de l\u2019impression de brouillard. Hyperkali\u00e9mie, gluconate de calcium, tako-tsubo, h\u00e9parine\u2026 Aux pr\u00e9mices du proc\u00e8s de Fr\u00e9d\u00e9ric P\u00e9chier, m\u00eame la pr\u00e9sidente de la cour d\u2019assises du Doubs, Delphine Thibierge, t\u00e2tonnait. On pensait aux six jur\u00e9s tir\u00e9s au sort, \u00e0 leur quotidien mis entre parenth\u00e8ses plus de trois mois, \u00e0 leur plong\u00e9e en apn\u00e9e dans les blocs op\u00e9ratoires avec pour mission de r\u00e9pondre \u00e0 cette question vertigineuse\u00a0: l\u2019ancien anesth\u00e9siste est-il coupable de l\u2019empoisonnement de trente patients, \u00e2g\u00e9s de 4 \u00e0 89\u00a0ans, dont douze n\u2019ont pas surv\u00e9cu, dans deux cliniques de Besan\u00e7on, de\u00a02008 \u00e0\u00a02017\u00a0? <a href=\"https:\/\/www.liberation.fr\/societe\/police-justice\/proces-de-frederic-pechier-a-besancon-lanesthesiste-star-et-les-empoisonnements-en-serie-20250908_53XZZA7VTNHSHPFCZ27LAVZXHM\/\" target=\"_blank\" rel=\"noreferrer noopener\" title=\"https:\/\/www.liberation.fr\/societe\/police-justice\/proces-de-frederic-pechier-a-besancon-lanesthesiste-star-et-les-empoisonnements-en-serie-20250908_53XZZA7VTNHSHPFCZ27LAVZXHM\/\">Fr\u00e9d\u00e9ric P\u00e9<\/a><\/p>\n","protected":false},"excerpt":{"rendered":"Il faut se souvenir des premiers jours et de l\u2019impression de brouillard. Hyperkali\u00e9mie, gluconate de calcium, tako-tsubo, h\u00e9parine\u2026&hellip;\n","protected":false},"author":2,"featured_media":607080,"comment_status":"","ping_status":"","sticky":false,"template":"","format":"standard","meta":{"footnotes":""},"categories":[4],"tags":[11,10112,1011,27,51056,12,25],"class_list":{"0":"post-607079","1":"post","2":"type-post","3":"status-publish","4":"format-standard","5":"has-post-thumbnail","7":"category-france","8":"tag-actualites","9":"tag-besancon","10":"tag-fr","11":"tag-france","12":"tag-frederic-pechier","13":"tag-news","14":"tag-republique-francaise"},"share_on_mastodon":{"url":"https:\/\/pubeurope.com\/@fr\/115739775818268484","error":""},"_links":{"self":[{"href":"https:\/\/www.europesays.com\/fr\/wp-json\/wp\/v2\/posts\/607079","targetHints":{"allow":["GET"]}}],"collection":[{"href":"https:\/\/www.europesays.com\/fr\/wp-json\/wp\/v2\/posts"}],"about":[{"href":"https:\/\/www.europesays.com\/fr\/wp-json\/wp\/v2\/types\/post"}],"author":[{"embeddable":true,"href":"https:\/\/www.europesays.com\/fr\/wp-json\/wp\/v2\/users\/2"}],"replies":[{"embeddable":true,"href":"https:\/\/www.europesays.com\/fr\/wp-json\/wp\/v2\/comments?post=607079"}],"version-history":[{"count":0,"href":"https:\/\/www.europesays.com\/fr\/wp-json\/wp\/v2\/posts\/607079\/revisions"}],"wp:featuredmedia":[{"embeddable":true,"href":"https:\/\/www.europesays.com\/fr\/wp-json\/wp\/v2\/media\/607080"}],"wp:attachment":[{"href":"https:\/\/www.europesays.com\/fr\/wp-json\/wp\/v2\/media?parent=607079"}],"wp:term":[{"taxonomy":"category","embeddable":true,"href":"https:\/\/www.europesays.com\/fr\/wp-json\/wp\/v2\/categories?post=607079"},{"taxonomy":"post_tag","embeddable":true,"href":"https:\/\/www.europesays.com\/fr\/wp-json\/wp\/v2\/tags?post=607079"}],"curies":[{"name":"wp","href":"https:\/\/api.w.org\/{rel}","templated":true}]}}