{"id":607081,"date":"2025-12-18T09:06:14","date_gmt":"2025-12-18T09:06:14","guid":{"rendered":"https:\/\/www.europesays.com\/fr\/607081\/"},"modified":"2025-12-18T09:06:14","modified_gmt":"2025-12-18T09:06:14","slug":"le-second-fugitif-interpelle-a-marseille","status":"publish","type":"post","link":"https:\/\/www.europesays.com\/fr\/607081\/","title":{"rendered":"le second fugitif interpell\u00e9 \u00e0 Marseille"},"content":{"rendered":"<p>\n    Consid\u00e9r\u00e9 comme \u00abpotentiellement dangereux\u00bb, cet homme de 19 ans mis en cause dans une tentative d\u2019assassinat a \u00e9t\u00e9 arr\u00eat\u00e9 apr\u00e8s trois semaines de cavale.<\/p>\n<p class=\"fig-paragraph\">La course est finie. Le second\u00a0<a href=\"http:\/\/www.lefigaro.fr\/faits-divers\/un-fugitif-interpelle-le-plus-dangereux-toujours-recherche-ou-en-est-l-enquete-sur-la-double-evasion-a-la-prison-de-dijon-20251129\" target=\"_blank\" data-fig-type=\"NewsFlash\" rel=\"noopener\" data-gtm-custom-categorie=\"navigation\" data-gtm-custom-action=\"crossclick\" data-gtm-custom-label=\"Contextuel\" data-gtm-event=\"customEventSPE\" data-fig-domain=\"LEFIGARO\">\u00e9vad\u00e9 de la prison de Dijon<\/a>, recherch\u00e9 depuis le 27 novembre, a \u00e9t\u00e9 retrouv\u00e9 ce jeudi matin \u00e0 la cit\u00e9 des Rosiers, dans le 14e arrondissement de Marseille, sa ville de naissance, a appris Le Figaro de sources concordantes confirmant une information de BFMTV. Il s\u2019\u00e9tait fait la belle au petit matin en sciant les barreaux de sa cellule du rez-de-chauss\u00e9e, aux c\u00f4t\u00e9s d\u2019un autre d\u00e9tenu, et faisait depuis l\u2019objet d\u2019une notice rouge Interpol.<\/p>\n<p class=\"fig-paragraph\">Cet homme de 19 ans \u00e9tait en d\u00e9tention provisoire pour \u00abdes faits de tentative d\u2019assassinat et association de malfaiteurs\u00bb. Ce jeune majeur est \u00abpotentiellement dangereux\u00bb, avait fait savoir Paul-Edouard Lallois, procureur de la R\u00e9publique \u00e0 Montb\u00e9liard (Doubs), o\u00f9 est instruit son dossier.\u00a0<a href=\"http:\/\/www.lefigaro.fr\/faits-divers\/evasion-de-la-prison-de-dijon-le-parcours-chaotique-du-fugitif-yanik-t-c-un-jeune-qui-n-a-rien-a-perdre-20251201\" target=\"_blank\" data-fig-type=\"Article\" rel=\"noopener\" data-gtm-custom-categorie=\"navigation\" data-gtm-custom-action=\"crossclick\" data-gtm-custom-label=\"Contextuel\" data-gtm-event=\"customEventSPE\" data-fig-domain=\"LEFIGARO\">Incarc\u00e9r\u00e9 \u00e0 de \u00abtr\u00e8s nombreuses reprises alors qu\u2019il \u00e9tait mineur\u00bb<\/a>, il est \u00abdans le registre de la criminalit\u00e9 organis\u00e9e\u00bb et est soup\u00e7onn\u00e9 d\u2019avoir particip\u00e9 \u00e0 \u00abun r\u00e8glement de comptes sur fond de narcotrafic\u00bb \u00e0 Montb\u00e9liard, apr\u00e8s avoir \u00e9t\u00e9 recrut\u00e9, avec deux autres hommes, pour ex\u00e9cuter un \u00abcontrat criminel\u00bb.<\/p>\n<p>                                            <a class=\"fig-a11y-skip\" href=\"#fig-a11y-skip-main-inarticle\" data-module=\"a11y-skip\" data-context=\"was @visible\"><br \/>\n    Passer la publicit\u00e9<br \/>\n<\/a>            <\/p>\n<p class=\"fig-paragraph\">La double \u00e9vasion avait \u00e9t\u00e9 constat\u00e9e jeudi 27 novembre \u00e0 07h00 du matin, lors des contr\u00f4les effectu\u00e9s dans le quartier disciplinaire de la petite maison d\u2019arr\u00eat proche du centre-ville. Les deux hommes s\u2019\u00e9taient \u00e9vad\u00e9s apr\u00e8s avoir \u00abvraisemblablement sci\u00e9 des barreaux\u00bb et avaient \u00abpris la fuite \u00e0 l\u2019aide de draps\u00bb, a pr\u00e9cis\u00e9 le procureur de Dijon dans un communiqu\u00e9. \u00abIls ont utilis\u00e9 des lames de scie \u00e0 l\u2019ancienne, manuelles\u00bb, a pr\u00e9cis\u00e9 Ahmed Saih, d\u00e9l\u00e9gu\u00e9 FO Justice \u00e0 la prison de Dijon.<\/p>\n<p>                                            Le premier fugitif interpell\u00e9 en terrasse d\u2019un caf\u00e9<\/p>\n<p class=\"fig-paragraph\">Le premier fugitif interpell\u00e9 vendredi 28 novembre est \u00e2g\u00e9 de 32 ans et mis en cause \u00abpour des menaces et violences habituelles aggrav\u00e9es sur conjointe\u00bb, selon le procureur Olivier Caracotch. Avant de se faire la belle, il a laiss\u00e9 un \u00e9crit dans sa cellule \u00ab\u00e9voquant les faits qui lui sont reproch\u00e9s et un d\u00e9lai d\u2019incarc\u00e9ration qu\u2019il consid\u00e8re comme \u201cd\u00e9j\u00e0 trop long\u201d\u00bb, a indiqu\u00e9 le procureur. Il a \u00e9t\u00e9 retrouv\u00e9 apr\u00e8s moins de 24 heures de cavales par la BRI qui l\u2019a interpell\u00e9 sans r\u00e9sistance dans un bar-tabac-pmu de Bey, village proche de Chalon-sur-Sa\u00f4ne \u00e0 une heure de Dijon. \u00abIl s\u2019est pr\u00e9sent\u00e9, il a demand\u00e9 un caf\u00e9, un paquet de cigarettes. Il a pay\u00e9 en carte bleue. Il a lu le journal tr\u00e8s tranquillement\u00bb, a racont\u00e9 \u00e0 l\u2019AFP Ramdane Mamou, g\u00e9rant du bar \u00abL\u2019Au Bey Rge\u00bb.<\/p>\n<p class=\"fig-paragraph\">\u00abCinq minutes apr\u00e8s, il y a deux personnes qui sont entr\u00e9es, c\u2019\u00e9taient des policiers en civil. Ils se sont install\u00e9s, ils ont pris un caf\u00e9, ils ont eu un petit temps d\u2019observation\u00bb, a-t-il poursuivi. Et puis quand le fugitif \u00abs\u2019est lev\u00e9 pour venir r\u00e9gler sa note, les policiers l\u2019ont interpell\u00e9\u00bb.<\/p>\n","protected":false},"excerpt":{"rendered":"Consid\u00e9r\u00e9 comme \u00abpotentiellement dangereux\u00bb, cet homme de 19 ans mis en cause dans une tentative d\u2019assassinat a \u00e9t\u00e9&hellip;\n","protected":false},"author":2,"featured_media":607082,"comment_status":"","ping_status":"","sticky":false,"template":"","format":"standard","meta":{"footnotes":""},"categories":[2],"tags":[11,2930,3727,1011,27,12,806],"class_list":{"0":"post-607081","1":"post","2":"type-post","3":"status-publish","4":"format-standard","5":"has-post-thumbnail","7":"category-actualites","8":"tag-actualites","9":"tag-dijon","10":"tag-evasion","11":"tag-fr","12":"tag-france","13":"tag-news","14":"tag-prison"},"share_on_mastodon":{"url":"https:\/\/pubeurope.com\/@fr\/115739779707000467","error":""},"_links":{"self":[{"href":"https:\/\/www.europesays.com\/fr\/wp-json\/wp\/v2\/posts\/607081","targetHints":{"allow":["GET"]}}],"collection":[{"href":"https:\/\/www.europesays.com\/fr\/wp-json\/wp\/v2\/posts"}],"about":[{"href":"https:\/\/www.europesays.com\/fr\/wp-json\/wp\/v2\/types\/post"}],"author":[{"embeddable":true,"href":"https:\/\/www.europesays.com\/fr\/wp-json\/wp\/v2\/users\/2"}],"replies":[{"embeddable":true,"href":"https:\/\/www.europesays.com\/fr\/wp-json\/wp\/v2\/comments?post=607081"}],"version-history":[{"count":0,"href":"https:\/\/www.europesays.com\/fr\/wp-json\/wp\/v2\/posts\/607081\/revisions"}],"wp:featuredmedia":[{"embeddable":true,"href":"https:\/\/www.europesays.com\/fr\/wp-json\/wp\/v2\/media\/607082"}],"wp:attachment":[{"href":"https:\/\/www.europesays.com\/fr\/wp-json\/wp\/v2\/media?parent=607081"}],"wp:term":[{"taxonomy":"category","embeddable":true,"href":"https:\/\/www.europesays.com\/fr\/wp-json\/wp\/v2\/categories?post=607081"},{"taxonomy":"post_tag","embeddable":true,"href":"https:\/\/www.europesays.com\/fr\/wp-json\/wp\/v2\/tags?post=607081"}],"curies":[{"name":"wp","href":"https:\/\/api.w.org\/{rel}","templated":true}]}}