{"id":607083,"date":"2025-12-18T09:07:23","date_gmt":"2025-12-18T09:07:23","guid":{"rendered":"https:\/\/www.europesays.com\/fr\/607083\/"},"modified":"2025-12-18T09:07:23","modified_gmt":"2025-12-18T09:07:23","slug":"la-fin-dannee-temps-fort-pour-la-fromagerie-mons","status":"publish","type":"post","link":"https:\/\/www.europesays.com\/fr\/607083\/","title":{"rendered":"la fin d\u2019ann\u00e9e, temps fort pour la fromagerie Mons"},"content":{"rendered":"<p>P\u00e9riode la plus intense de l\u2019ann\u00e9e, les f\u00eates de No\u00ebl et du Jour de l\u2019An sont cruciales pour le chiffre d\u2019affaires annuel de la fromagerie Mons. Au sein de la boutique st\u00e9phanoise, les employ\u00e9s, port\u00e9s par la passion du bon fromage, s\u2019activent. \u00ab\u00a0En temps normal, je g\u00e8re seul la boutique en semaine, explique Maxence, responsable du magasin st\u00e9phanois Mons. Une personne suppl\u00e9mentaire m\u2019\u00e9paule les vendredis et samedis. Mais depuis le d\u00e9but d\u00e9cembre et jusqu\u2019en f\u00e9vrier, le rythme s\u2019acc\u00e9l\u00e9rant drastiquement, les horaires d\u2019ouverture \u00e9tant \u00e9largis sans interruption du temps de midi, une personne suppl\u00e9mentaire vient renforcer l\u2019\u00e9quipe le samedi. \u00bb<\/p>\n<p><strong>&amp;g&#8230;<\/strong><\/p>\n","protected":false},"excerpt":{"rendered":"P\u00e9riode la plus intense de l\u2019ann\u00e9e, les f\u00eates de No\u00ebl et du Jour de l\u2019An sont cruciales pour&hellip;\n","protected":false},"author":2,"featured_media":607084,"comment_status":"","ping_status":"","sticky":false,"template":"","format":"standard","meta":{"footnotes":""},"categories":[9653],"tags":[1111,11,2430,4406,33,7539,1777,674,1011,27,3367,12,25,4001,7538],"class_list":{"0":"post-607083","1":"post","2":"type-post","3":"status-publish","4":"format-standard","5":"has-post-thumbnail","7":"category-saint-etienne","8":"tag-actu","9":"tag-actualites","10":"tag-auvergne-rhone-alpes","11":"tag-commerce-et-services","12":"tag-economie","13":"tag-edition-loire-sud","14":"tag-eu","15":"tag-europe","16":"tag-fr","17":"tag-france","18":"tag-loire","19":"tag-news","20":"tag-republique-francaise","21":"tag-saint-etienne","22":"tag-saint-etienne-ville"},"share_on_mastodon":{"url":"https:\/\/pubeurope.com\/@fr\/115739783609467003","error":""},"_links":{"self":[{"href":"https:\/\/www.europesays.com\/fr\/wp-json\/wp\/v2\/posts\/607083","targetHints":{"allow":["GET"]}}],"collection":[{"href":"https:\/\/www.europesays.com\/fr\/wp-json\/wp\/v2\/posts"}],"about":[{"href":"https:\/\/www.europesays.com\/fr\/wp-json\/wp\/v2\/types\/post"}],"author":[{"embeddable":true,"href":"https:\/\/www.europesays.com\/fr\/wp-json\/wp\/v2\/users\/2"}],"replies":[{"embeddable":true,"href":"https:\/\/www.europesays.com\/fr\/wp-json\/wp\/v2\/comments?post=607083"}],"version-history":[{"count":0,"href":"https:\/\/www.europesays.com\/fr\/wp-json\/wp\/v2\/posts\/607083\/revisions"}],"wp:featuredmedia":[{"embeddable":true,"href":"https:\/\/www.europesays.com\/fr\/wp-json\/wp\/v2\/media\/607084"}],"wp:attachment":[{"href":"https:\/\/www.europesays.com\/fr\/wp-json\/wp\/v2\/media?parent=607083"}],"wp:term":[{"taxonomy":"category","embeddable":true,"href":"https:\/\/www.europesays.com\/fr\/wp-json\/wp\/v2\/categories?post=607083"},{"taxonomy":"post_tag","embeddable":true,"href":"https:\/\/www.europesays.com\/fr\/wp-json\/wp\/v2\/tags?post=607083"}],"curies":[{"name":"wp","href":"https:\/\/api.w.org\/{rel}","templated":true}]}}