{"id":607088,"date":"2025-12-18T09:12:16","date_gmt":"2025-12-18T09:12:16","guid":{"rendered":"https:\/\/www.europesays.com\/fr\/607088\/"},"modified":"2025-12-18T09:12:16","modified_gmt":"2025-12-18T09:12:16","slug":"grand-nancy-la-fin-de-lobligation-annuelle-de-vidange-des-piscines-publiques-facilitera-le-planning-dentretien-de-ces-equipements","status":"publish","type":"post","link":"https:\/\/www.europesays.com\/fr\/607088\/","title":{"rendered":"Grand Nancy. La fin de l\u2019obligation annuelle de vidange des piscines publiques\u00a0facilitera le planning d\u2019entretien de ces \u00e9quipements"},"content":{"rendered":"<p>Les textes officiels pr\u00e9cisant les modalit\u00e9s d\u2019application de la mesure restent \u00e0 publier, mais ce n\u2019est qu\u2019une question de temps\u00a0: l\u2019obligation de vidanger les piscines publiques une fois par an, aura bient\u00f4t v\u00e9cu.<\/p>\n<p>L\u2019annonce est en effet tomb\u00e9e fin novembre, depuis le minist\u00e8re des Sports et celui de la Sant\u00e9\u00a0: le gouvernement \u00ab\u00a0met fin \u00e0 la vidange annuelle obligatoire des piscines publiques\u00a0\u00bb, r\u00e9sume le communiqu\u00e9 commun, \u00e9voquant des arguments \u00e9conomiques (co\u00fbt pour la collectivit\u00e9, consommation d\u2019eau\u2026) et pr\u00e9cisant que la fr\u00e9quence des vidanges pourra \u00eatre \u00ab\u00a0adapt\u00e9e en fonction de la qualit\u00e9 r\u00e9elle de l\u2019eau\u00a0\u00bb. D\u00e9cision prise sur la base de travaux de l\u2019ANSES (Agence nationale de s\u00e9curit\u00e9 sanitaire) et suite \u00e0 une demande des \u00e9lus.<\/p>\n<p>  En cas de s\u00e9cheresse et d\u2019arr\u00eat\u00e9\u2026<\/p>\n<p>En pratique, cette mesure pourrait faciliter la vie des collectivit\u00e9s qui, jusqu\u2019en 2016, devaient m\u00eame vidanger les bassins (et donc fermer les piscines) deux fois par an. \u00ab\u00a0La fin de cette obligation annuelle apportera plus de souplesse\u00a0\u00bb, estime Claude Pourchet, directeur des sports au Grand Nancy. \u00ab <a href=\"https:\/\/www.estrepublicain.fr\/environnement\/2025\/07\/04\/le-meurthe-et-moselle-passe-en-alerte-sans-secheresse\" target=\"_blank\" rel=\"noopener\">Notamment en cas d\u2019arr\u00eat\u00e9 pr\u00e9fectoral en p\u00e9riode de s\u00e9cheresse<\/a> \u00a0: si une vidange est planifi\u00e9e car le cycle annuel le pr\u00e9voyait, on pourra d\u00e9caler plus facilement. Actuellement, on doit demander une d\u00e9rogation \u00e0 la DDT et \u00e0 l\u2019ARS.\u00a0\u00bb<\/p>\n<p>Un param\u00e8tre important car aujourd\u2019hui, <a href=\"https:\/\/www.estrepublicain.fr\/culture-loisirs\/2025\/09\/04\/la-piscine-de-tomblaine-sera-fermee-pour-travaux-l-ete-prochain-celle-de-vandoeuvre-pendant-18-mois-au-moins-des-2027\" target=\"_blank\" rel=\"noopener\">pour les bassins qu\u2019elle g\u00e8re (\u00e0 Vandoeuvre, Laxou, Laneuveville, Tomblaine, et Nancy avec la petite piscine Pierre-de-Coubertin)<\/a> , la M\u00e9tropole est \u00ab\u00a0souvent confront\u00e9e \u00e0 un dilemme\u00a0: on a les scolaires de septembre \u00e0 juin, <a href=\"https:\/\/www.estrepublicain.fr\/culture-loisirs\/2025\/10\/18\/les-piscines-proposent-stages-et-animations-pendant-les-vacances-de-la-toussaint-sauf-le-lido-ferme-deux-semaines\" target=\"_blank\" rel=\"noopener\">le public des petites vacances<\/a> , la p\u00e9riode estivale avec d\u2019autres prestations dont <a href=\"https:\/\/www.estrepublicain.fr\/culture-loisirs\/2025\/06\/30\/plage-des-deux-rives-c-est-parti\" target=\"_blank\" rel=\"noopener\">la plage des Deux-Rives<\/a> , mais\u00a0les piscines ont aussi besoin de travaux dont certains, par exemple sur les carrelages ou sur de la tuyauterie, n\u00e9cessitent de vider le bassin. Autant que possible, on essaye de faire co\u00efncider les vidanges avec les travaux de maintenance, mais parfois, certaines vidanges s\u2019imposent \u00e0 nous parfois car la qualit\u00e9 de l\u2019eau n\u2019est plus suffisante.\u00a0\u00bb<\/p>\n<p>  Un volume moyen de 625\u00a0m\u00b3<\/p>\n<p> C\u2019est le cas actuellement \u00e0 Laneuveville\u00a0: la pr\u00e9sence d\u2019algues microscopiques ayant \u00e9t\u00e9 r\u00e9v\u00e9l\u00e9e, l\u2019\u00e9tablissement est ferm\u00e9 du 15 au 28\u00a0d\u00e9cembre pour vidange et nettoyage des bassins. \u00ab\u00a0Cela ne faisait pas tout \u00e0 fait un an depuis la pr\u00e9c\u00e9dente vidange, mais l\u00e0 il faut y passer\u00a0\u00bb, note Claude Pourchet. \u00ab\u00a0Nos protocoles de contr\u00f4le de l\u2019eau tr\u00e8s pouss\u00e9s, donc en cas de probl\u00e8me de ce type, on d\u00e9cide de vidanger.\u00a0\u00bb <\/p>\n<p>Au-del\u00e0 de ces cas pr\u00e9cis, avec la future r\u00e9glementation, les d\u00e9cideurs auront donc une plus grande latitude pour choisir le moment de vider compl\u00e8tement une piscine, op\u00e9ration forc\u00e9ment co\u00fbteuse. \u00ab\u00a0En moyenne, pour nos bassins de 25\u00a0m qui ont cinq ou six couloirs, cela repr\u00e9sente 625\u00a0m\u00b3.\u00a0\u00bb Une eau venant du r\u00e9seau et qu\u2019il faut traiter, et surtout faire remonter en temp\u00e9rature.<\/p>\n<p>Un peu plus long que de faire chauffer une casserole pour son th\u00e9\u2026<\/p>\n<p>        &#13;<br \/>\n          <a href=\"https:\/\/cdn-s-www.estrepublicain.fr\/images\/0c08d500-ecb5-4629-9e8f-36b60c1ca5e6\/NW_raw\/didier-ringwald-dirige-le-site-nancy-thermal-photo-severine-kichenbrand-1765998307.jpg\" title=\"Didier Ringwald dirige le site Nancy thermal.  Photo S\u00e9verine Kichenbrand\" class=\"chocolat-image GA-tracking\" data-ga_type=\"click\" data-ga_category=\"D\u00e9tail\" data-ga_action=\"zoomer\" data-ga_label=\"agrandir image\" target=\"_blank\" rel=\"noopener\">&#13;<br \/>\n            <img loading=\"lazy\" decoding=\"async\" src=\"https:\/\/www.europesays.com\/fr\/wp-content\/uploads\/2025\/12\/didier-ringwald-dirige-le-site-nancy-thermal-photo-severine-kichenbrand-1765998307.jpg\" alt=\"Didier Ringwald dirige le site Nancy thermal.  Photo S\u00e9verine Kichenbrand\"\/>&#13;<br \/>\n          <\/a>&#13;<br \/>\n          &#13;<\/p>\n<p class=\"insetTitle\">\u00c0 Nancy Thermal, les vidanges seront maintenues au d\u00e9but de chaque ann\u00e9e<\/p>\n<p>Du c\u00f4t\u00e9 de l\u2019espace Aquasport de Nancy Thermal, o\u00f9 les bassins (doit-on le rappeler\u00a0?) sont remplis <a href=\"https:\/\/www.estrepublicain.fr\/sante\/2020\/02\/16\/savez-vous-a-quelle-temperature-est-l-eau-thermale-locale\" target=\"_blank\" rel=\"noopener\">d\u2019eau de source,<\/a> la nouvelle r\u00e9glementation ne changera pas la donne, explique Didier Ringwald. \u00ab\u00a0M\u00eame si on nous permet de ne plus proc\u00e9der \u00e0 une vidange annuelle, <a href=\"https:\/\/www.estrepublicain.fr\/culture-loisirs\/2024\/01\/31\/premiere-vidange-annuelle-pour-thermal-depuis-sa-reouverture-des-tests-et-des-reparations-en-prime\" target=\"_blank\" rel=\"noopener\">on continuera de le faire pour pouvoir inspecter l\u2019\u00e9tat des carrelages et des joints<\/a> , notamment dans <a href=\"https:\/\/www.estrepublicain.fr\/culture-loisirs\/2024\/05\/18\/le-bassin-olympique-de-nancy-thermal-reste-ferme\" target=\"_blank\" rel=\"noopener\"> le bassin int\u00e9rieur de 50\u00a0m qui a connu des probl\u00e8mes \u00e0 ce niveau et que l\u2019on surveille de pr\u00e8s <\/a> \u00bb, rappelle le directeur du site, o\u00f9 l\u2019eau des bassins est d\u2019ailleurs renouvel\u00e9e en continu au-del\u00e0 des normes.<\/p>\n<p>S\u2019il faut au moins 30 litres d\u2019eau neuve par baigneur et par jour dans les piscines publiques, \u00ab\u00a0on est plut\u00f4t entre 50 et 90 litres selon les bassins\u00a0; vidanger ne sert donc pas tant pour la qualit\u00e9 d\u2019eau, mais aussi pour contr\u00f4ler les installations\u00a0\u00bb.<\/p>\n<p>Les dates des prochaines fermetures pour vidanges sont d\u2019ailleurs fix\u00e9es\u00a0: du 5 au 16\u00a0janvier pour le spa, et du 19 au 30\u00a0janvier inclus pour l\u2019Aquasport.<\/p>\n<p>Sachant que Thermal a ses atouts\u00a0: le co\u00fbt est moindre puisque l\u2019eau thermale provient du sous-sol et arrive \u00e0 34 degr\u00e9s. \u00ab\u00a0On n\u2019a donc pas \u00e0 la chauffer, on doit juste la maintenir \u00e0 temp\u00e9rature.\u00a0\u00bb<\/p>\n<p class=\"insetSignature\">S.C.<\/p>\n","protected":false},"excerpt":{"rendered":"Les textes officiels pr\u00e9cisant les modalit\u00e9s d\u2019application de la mesure restent \u00e0 publier, mais ce n\u2019est qu\u2019une question&hellip;\n","protected":false},"author":2,"featured_media":607089,"comment_status":"","ping_status":"","sticky":false,"template":"","format":"standard","meta":{"footnotes":""},"categories":[9635],"tags":[1111,11,1687,1704,436,1777,674,1011,27,775,1702,1703,12,25,12817],"class_list":{"0":"post-607088","1":"post","2":"type-post","3":"status-publish","4":"format-standard","5":"has-post-thumbnail","7":"category-nancy","8":"tag-actu","9":"tag-actualites","10":"tag-culture-loisirs","11":"tag-edition-nancy-et-agglomeration","12":"tag-environnement","13":"tag-eu","14":"tag-europe","15":"tag-fr","16":"tag-france","17":"tag-grand-est","18":"tag-nancy","19":"tag-nancy-ville-54b","20":"tag-news","21":"tag-republique-francaise","22":"tag-secheresse"},"share_on_mastodon":{"url":"https:\/\/pubeurope.com\/@fr\/115739804786303547","error":""},"_links":{"self":[{"href":"https:\/\/www.europesays.com\/fr\/wp-json\/wp\/v2\/posts\/607088","targetHints":{"allow":["GET"]}}],"collection":[{"href":"https:\/\/www.europesays.com\/fr\/wp-json\/wp\/v2\/posts"}],"about":[{"href":"https:\/\/www.europesays.com\/fr\/wp-json\/wp\/v2\/types\/post"}],"author":[{"embeddable":true,"href":"https:\/\/www.europesays.com\/fr\/wp-json\/wp\/v2\/users\/2"}],"replies":[{"embeddable":true,"href":"https:\/\/www.europesays.com\/fr\/wp-json\/wp\/v2\/comments?post=607088"}],"version-history":[{"count":0,"href":"https:\/\/www.europesays.com\/fr\/wp-json\/wp\/v2\/posts\/607088\/revisions"}],"wp:featuredmedia":[{"embeddable":true,"href":"https:\/\/www.europesays.com\/fr\/wp-json\/wp\/v2\/media\/607089"}],"wp:attachment":[{"href":"https:\/\/www.europesays.com\/fr\/wp-json\/wp\/v2\/media?parent=607088"}],"wp:term":[{"taxonomy":"category","embeddable":true,"href":"https:\/\/www.europesays.com\/fr\/wp-json\/wp\/v2\/categories?post=607088"},{"taxonomy":"post_tag","embeddable":true,"href":"https:\/\/www.europesays.com\/fr\/wp-json\/wp\/v2\/tags?post=607088"}],"curies":[{"name":"wp","href":"https:\/\/api.w.org\/{rel}","templated":true}]}}