{"id":607090,"date":"2025-12-18T09:13:13","date_gmt":"2025-12-18T09:13:13","guid":{"rendered":"https:\/\/www.europesays.com\/fr\/607090\/"},"modified":"2025-12-18T09:13:13","modified_gmt":"2025-12-18T09:13:13","slug":"emploi-preparez-vous-pour-la-nuit-de-lorientation-a-toulon","status":"publish","type":"post","link":"https:\/\/www.europesays.com\/fr\/607090\/","title":{"rendered":"Emploi. Pr\u00e9parez-vous pour la Nuit de l\u2019Orientation \u00e0 Toulon"},"content":{"rendered":"<p>                    Par<br \/>\n        <strong><br \/>\n            <a href=\"https:\/\/actu.fr\/auteur\/laetitia-soula-gmail-com\" title=\"Consulter tous les articles de Laetitia Soula\" target=\"_blank\" rel=\"noopener\">Laetitia Soula<\/a><br \/>\n                    <\/strong><\/p>\n<p>        Publi\u00e9 le<\/p>\n<p>            18 d\u00e9c. 2025 \u00e0 8h55        <\/p>\n<p>Ce soir, jeudi 18 d\u00e9cembre 2025, la <strong>Nuit de l\u2019Orientation<\/strong> vous donne rendez-vous au Palais des Congr\u00e8s Neptune de <a href=\"https:\/\/actu.fr\/provence-alpes-cote-d-azur\/toulon_83137\" target=\"_blank\" rel=\"noopener\"><strong>Toulon<\/strong><\/a>. L\u2019\u00e9v\u00e9nement port\u00e9 par la <strong>Chambre de commerce et d\u2019industrie<\/strong> (CCI) du <a href=\"https:\/\/actu.fr\/provence-alpes-cote-d-azur\/var_83\" target=\"_blank\" rel=\"noopener\"><strong>Var<\/strong><\/a>, est \u00e0 destination des <strong>jeunes de 15 \u00e0 25 ans<\/strong>, des demandeurs d\u2019emploi et des adultes <strong>en reconversion<\/strong>. Il est gratuit <a href=\"https:\/\/my.weezevent.com\/les-nuits-de-l-orientation-cci-var\" target=\"_blank\" rel=\"noopener\">sur r\u00e9servation<\/a>.<\/p>\n<p>    <a href=\"https:\/\/www.facebook.com\/plugins\/video.php?height=314&amp;href=https%3A%2F%2Fwww.facebook.com%2Freel%2F1618435516297129%2F&amp;show_text=false&amp;width=350&amp;t=0\" title=\"Ouvrie le lien\" target=\"_blank\" rel=\"noopener\">Cliquez ici pour visualiser le contenu<\/a><\/p>\n<p>De nombreuses animations<\/p>\n<p class=\" wall-content\">Stands d\u00e9di\u00e9s aux stages, \u00e0 l\u2019<strong>apprentissage<\/strong> et \u00e0 la cr\u00e9ation d\u2019entreprise, <strong>entretiens<\/strong> personnalis\u00e9s avec des conseillers en orientation, <strong>speed-dating m\u00e9tiers<\/strong> avec des responsables d\u2019entreprises\u2026<\/p>\n<p class=\" wall-content\">Organis\u00e9e dans le cadre du Mois de la <strong>D\u00e9couverte des M\u00e9tiers<\/strong> CCI France, la <a href=\"https:\/\/www.nuitdelorientation83.fr\/\" target=\"_blank\" rel=\"noopener\"><strong>Nuit de l\u2019Orientation<\/strong><\/a> est l\u2019occasion d\u2019\u00e9changer avec des professionnels.<\/p>\n<p class=\" wall-content\">Vous pourrez participer \u00e0 <strong>de nombreuses animations<\/strong> comme la d\u00e9couverte immersive de m\u00e9tiers gr\u00e2ce \u00e0 la <strong>r\u00e9alit\u00e9 virtuelle<\/strong>, ainsi que des <strong>tests et quiz<\/strong> pour mieux se conna\u00eetre.<\/p>\n<p>\u00ab\u00a0Construire leur projet professionnel\u00a0\u00bb<\/p>\n<p class=\" wall-content\">Coll\u00e9giens, lyc\u00e9ens et <strong>\u00e9tudiants<\/strong> trouveront un accompagnement \u00ab\u00a0pour <strong>construire leur projet professionnel<\/strong>\u00a0\u00bb. Quant aux adultes en reconversion ou aux <strong>demandeurs d\u2019emploi<\/strong>, ils pourront \u00ab\u00a0d\u00e9couvrir <strong>de nouveaux m\u00e9tiers<\/strong> et \u00e9changer avec des chefs d\u2019entreprise\u00a0\u00bb, indiquent les organisateurs.<\/p>\n<p>Nuit de l\u2019Orientation, le jeudi 18 d\u00e9cembre 2025 de 18h \u00e0 21h au Palais des Congr\u00e8s Neptune (place Besagne \u00e0 Toulon). Inscription gratuite <a href=\"https:\/\/my.weezevent.com\/les-nuits-de-l-orientation-cci-var\" target=\"_blank\" rel=\"noopener\">sur r\u00e9servation<\/a>.<\/p>\n<p class=\" wall-content\">Personnalisez votre actualit\u00e9 en ajoutant vos villes et m\u00e9dias en favori avec <a href=\"https:\/\/moncompte.actu.fr\" title=\"D\u00e9couvez Mon Actu\" rel=\"nofollow noopener\" data-trk=\"{&quot;cta&quot;:{&quot;action&quot;:&quot;https:\\\/\\\/moncompte.actu.fr&quot;,&quot;category&quot;:&quot;mon compte&quot;,&quot;from&quot;:&quot;article footer&quot;,&quot;name&quot;:&quot;Mon actu&quot;,&quot;type&quot;:&quot;cta&quot;}}\" target=\"_blank\">Mon Actu<\/a>.<\/p>\n","protected":false},"excerpt":{"rendered":"Par Laetitia Soula Publi\u00e9 le 18 d\u00e9c. 2025 \u00e0 8h55 Ce soir, jeudi 18 d\u00e9cembre 2025, la Nuit&hellip;\n","protected":false},"author":2,"featured_media":607091,"comment_status":"","ping_status":"","sticky":false,"template":"","format":"standard","meta":{"footnotes":""},"categories":[9619],"tags":[1111,11,341,1777,674,1011,27,12,882,6046,25,104,2310],"class_list":{"0":"post-607090","1":"post","2":"type-post","3":"status-publish","4":"format-standard","5":"has-post-thumbnail","7":"category-toulon","8":"tag-actu","9":"tag-actualites","10":"tag-emploi","11":"tag-eu","12":"tag-europe","13":"tag-fr","14":"tag-france","15":"tag-news","16":"tag-provence-alpes-cote-dazur","17":"tag-reconversion","18":"tag-republique-francaise","19":"tag-societe","20":"tag-toulon"},"share_on_mastodon":{"url":"https:\/\/pubeurope.com\/@fr\/115739807111134928","error":""},"_links":{"self":[{"href":"https:\/\/www.europesays.com\/fr\/wp-json\/wp\/v2\/posts\/607090","targetHints":{"allow":["GET"]}}],"collection":[{"href":"https:\/\/www.europesays.com\/fr\/wp-json\/wp\/v2\/posts"}],"about":[{"href":"https:\/\/www.europesays.com\/fr\/wp-json\/wp\/v2\/types\/post"}],"author":[{"embeddable":true,"href":"https:\/\/www.europesays.com\/fr\/wp-json\/wp\/v2\/users\/2"}],"replies":[{"embeddable":true,"href":"https:\/\/www.europesays.com\/fr\/wp-json\/wp\/v2\/comments?post=607090"}],"version-history":[{"count":0,"href":"https:\/\/www.europesays.com\/fr\/wp-json\/wp\/v2\/posts\/607090\/revisions"}],"wp:featuredmedia":[{"embeddable":true,"href":"https:\/\/www.europesays.com\/fr\/wp-json\/wp\/v2\/media\/607091"}],"wp:attachment":[{"href":"https:\/\/www.europesays.com\/fr\/wp-json\/wp\/v2\/media?parent=607090"}],"wp:term":[{"taxonomy":"category","embeddable":true,"href":"https:\/\/www.europesays.com\/fr\/wp-json\/wp\/v2\/categories?post=607090"},{"taxonomy":"post_tag","embeddable":true,"href":"https:\/\/www.europesays.com\/fr\/wp-json\/wp\/v2\/tags?post=607090"}],"curies":[{"name":"wp","href":"https:\/\/api.w.org\/{rel}","templated":true}]}}