{"id":607095,"date":"2025-12-18T09:17:13","date_gmt":"2025-12-18T09:17:13","guid":{"rendered":"https:\/\/www.europesays.com\/fr\/607095\/"},"modified":"2025-12-18T09:17:13","modified_gmt":"2025-12-18T09:17:13","slug":"on-ne-peut-pas-miser-uniquement-sur-le-velo-la-pompignane-a-montpellier-un-quartier-toujours-enclave-malgre-des-amenagements-salues","status":"publish","type":"post","link":"https:\/\/www.europesays.com\/fr\/607095\/","title":{"rendered":"\u00ab\u00a0On ne peut pas miser uniquement sur le v\u00e9lo\u00a0\u00bb\u00a0: la Pompignane \u00e0 Montpellier, un quartier toujours enclav\u00e9 malgr\u00e9 des am\u00e9nagements salu\u00e9s"},"content":{"rendered":"<p>\n                                                                Chaque jeudi, Midi Libre donne la parole aux habitants des quartiers. Quel regard portent-ils sur l\u2019action municipale\u00a0? Et quelles attentes ont-ils pour le prochain mandat\u00a0? Ce jeudi, focus sur le quartier la Pompignane en pleine m\u00e9tamorphose\u2026\n                            <\/p>\n<p>\u00c0 l\u2019heure o\u00f9 la fin du mandat municipal approche, Marie-Ange Cuvier, la pr\u00e9sidente du comit\u00e9 de quartier de La Pompignane, dresse un bilan plut\u00f4t positif de l\u2019action de la Ville de Montpellier. Pour autant, si plusieurs am\u00e9nagements ont profond\u00e9ment am\u00e9lior\u00e9 le cadre de vie, des attentes majeures demeurent, notamment en mati\u00e8re de transports, de propret\u00e9 et d\u2019\u00e9quipements publics.<\/p>\n<p>\u00ab\u00a0La Pompignane, c\u2019est trois quartiers en un\u00a0\u00bb, r\u00e9sume cette b\u00e9n\u00e9vole tr\u00e8s impliqu\u00e9e. D\u2019un c\u00f4t\u00e9, le secteur du Lez. De l\u2019autre, la zone pavillonnaire des rues dites \u201cdes oiseaux\u201d. Et enfin le quartier des ACM, class\u00e9 quartier prioritaire de la politique de la ville, qui concentre \u00e0 lui seul vingt-deux b\u00e2timents. Soit un territoire h\u00e9t\u00e9rog\u00e8ne regroupant entre 5\u00a0000\u00a0et 6\u00a0000 habitants.<\/p>\n<p>Des travaux de voirie unanimement salu\u00e9s<\/p>\n<p>Parmi les r\u00e9alisations les plus visibles du mandat \u00e9coul\u00e9, la r\u00e9novation de l\u2019avenue de la Pompignane est unanimement salu\u00e9e. \u00ab\u00a0C\u2019\u00e9tait une avenue vieillissante, pleine de trous, pas agr\u00e9able du tout. Aujourd\u2019hui, on a des pistes cyclables dignes de ce nom des deux c\u00f4t\u00e9s et un trottoir enti\u00e8rement refait. C\u2019\u00e9tait indispensable\u00a0\u00bb. Un changement qui am\u00e9liore \u00e0 la fois la s\u00e9curit\u00e9 et le confort des riverains.<\/p>\n<p>Dans le domaine de l\u2019urbanisme, les am\u00e9nagements du parvis de l\u2019\u00e9cole Paul-Painlev\u00e9 sont \u00e9galement cit\u00e9s en exemple. \u00ab\u00a0Ce n\u2019\u00e9tait pas attractif, compliqu\u00e9 d\u2019acc\u00e8s. Maintenant c\u2019est s\u00e9curis\u00e9, v\u00e9g\u00e9talis\u00e9, beaucoup plus agr\u00e9able\u00a0\u00bb, poursuit l\u2019int\u00e9ress\u00e9e. Plus au c\u0153ur du quartier, entre l\u2019\u00e9cole Jean-Zay et le Lidl, un projet en cours pr\u00e9voit \u00e9galement la cr\u00e9ation d\u2019une place avec des commerces en rez-de-chauss\u00e9e. \u00ab\u00a0L\u2019id\u00e9e, c\u2019est d\u2019avoir un petit bistrot, une boulangerie,\u00a0etc. Un lieu de vie, en somme.\u00a0\u00bb<\/p>\n<p>La salle Pazos, lieu de ressource<\/p>\n<p>Et d\u2019\u00e9num\u00e9rer avec satisfaction la construction d\u2019une r\u00e9sidence seniors et d\u2019une cr\u00e8che, dans le dans le secteur des ACM. Ainsi que le r\u00e9am\u00e9nagement du parc des Pastourelles, avec des jeux inclusifs et des appareils de fitness. Autre point fort du mandat, l\u2019ouverture de la salle municipale Manuel-Pazos, attenante au stade de football. \u00ab\u00a0Elle est mise \u00e0 disposition du monde associatif, avec des permanences toute la semaine\u00a0: CCAS, soutien scolaire, collectif des mamans\u2026 C\u2019est un vrai lieu ressource.\u00a0\u00bb<\/p>\n<p>Et de citer aussi le projet du \u201cHavre de paix de la Loutre\u201d, le long du Lez. \u00ab\u00a0La mairie s\u2019est engag\u00e9e \u00e0 rendre le Lez plus sauvage. Aujourd\u2019hui, la loutre est revenue, avec toute une biodiversit\u00e9.\u00a0\u00bb<\/p>\n<p>Selon la Montpelli\u00e9raine, la s\u00e9curit\u00e9 s\u2019est \u00e9galement am\u00e9lior\u00e9e sur certains aspects tels que \u00ab\u00a0les rod\u00e9os urbains qui ont quasiment disparu gr\u00e2ce aux rondes de la police municipale et \u00e0 la confiscation des deux-roues\u00a0\u00bb.<\/p>\n<p>Des horaires de bus plus tardifs<\/p>\n<p>Mais malgr\u00e9 ces avanc\u00e9es, un sujet cristallise toujours la col\u00e8re des habitants dont Marie-Ange Cuvier se fait la porte-parole\u00a0: le d\u00e9senclavement du quartier. \u00ab\u00a0On a une ligne de bus, la \u201c16\u201d, mais elle oblige \u00e0 changer syst\u00e9matiquement place de l\u2019Europe. R\u00e9sultat, il faut une demi-heure pour rejoindre le centre-ville.\u00a0\u00bb<\/p>\n<p>Fort d\u2019une p\u00e9tition qui a recueilli 700 signatures, le comit\u00e9 de quartier r\u00e9clame depuis longtemps le prolongement de la ligne jusqu\u2019aux \u00c9chelles de la Ville. \u00ab\u00a0En outre, si vous ratez le tram \u00e0 22\u00a0heures \u00e0 la Com\u00e9die, vous rentrez \u00e0 pied. \u00c7a pose un vrai probl\u00e8me. Une extension du service jusqu\u2019\u00e0 23\u00a0h\u00a030 serait appr\u00e9ci\u00e9e. Les aides \u00e0 l\u2019achat de v\u00e9los, comme on nous le r\u00e9torque, ne suffisent pas car beaucoup de personnes n\u2019ont pas les moyens d\u2019avancer les frais. \u00c0 l\u2019horizon 2030, la population pourrait atteindre 10\u00a0000 habitants. On ne peut pas densifier, supprimer du stationnement et miser uniquement sur le v\u00e9lo sans renforcer les transports en commun.\u00a0\u00bb<\/p>\n<p>Des nuisances sonores<\/p>\n<p>Autres attentes pour la prochaine mandature\u00a0: la cr\u00e9ation d\u2019une salle multisport demand\u00e9e par de nombreuses familles. Une action plus importante sur la propret\u00e9 du quartier. Et plus de fermet\u00e9 contre les nuisances nocturnes li\u00e9e \u00e0 une \u00e9picerie de nuit implant\u00e9e sur l\u2019avenue de la Pompignane qui a d\u00e9j\u00e0 \u00e9t\u00e9 ferm\u00e9e administrativement.<\/p>\n<p>\u00ab\u00a0Certaines r\u00e9sidences subissent des nuisances jusqu\u2019\u00e0 3 ou 4\u00a0heures du matin par des personnes qui sont dans des voitures, musique \u00e0 fond. Sans parler de la consommation de protoxyde d\u2019azote, de drogue et d\u2019alcool sous leurs fen\u00eatres. Des habitants sont \u00e9puis\u00e9s, certains sont m\u00eame tomb\u00e9s en d\u00e9pression\u00a0\u00bb, alerte Marie-Ange Cuvier.<\/p>\n","protected":false},"excerpt":{"rendered":"Chaque jeudi, Midi Libre donne la parole aux habitants des quartiers. Quel regard portent-ils sur l\u2019action municipale\u00a0? Et&hellip;\n","protected":false},"author":2,"featured_media":607096,"comment_status":"","ping_status":"","sticky":false,"template":"","format":"standard","meta":{"footnotes":""},"categories":[9599],"tags":[1111,11,5949,1777,674,1011,27,7089,2208,3434,12,2680,316,25],"class_list":{"0":"post-607095","1":"post","2":"type-post","3":"status-publish","4":"format-standard","5":"has-post-thumbnail","7":"category-montpellier","8":"tag-actu","9":"tag-actualites","10":"tag-elections","11":"tag-eu","12":"tag-europe","13":"tag-fr","14":"tag-france","15":"tag-herault","16":"tag-montpellier","17":"tag-municipales-2026","18":"tag-news","19":"tag-occitanie","20":"tag-politique","21":"tag-republique-francaise"},"share_on_mastodon":{"url":"https:\/\/pubeurope.com\/@fr\/115739822997470782","error":""},"_links":{"self":[{"href":"https:\/\/www.europesays.com\/fr\/wp-json\/wp\/v2\/posts\/607095","targetHints":{"allow":["GET"]}}],"collection":[{"href":"https:\/\/www.europesays.com\/fr\/wp-json\/wp\/v2\/posts"}],"about":[{"href":"https:\/\/www.europesays.com\/fr\/wp-json\/wp\/v2\/types\/post"}],"author":[{"embeddable":true,"href":"https:\/\/www.europesays.com\/fr\/wp-json\/wp\/v2\/users\/2"}],"replies":[{"embeddable":true,"href":"https:\/\/www.europesays.com\/fr\/wp-json\/wp\/v2\/comments?post=607095"}],"version-history":[{"count":0,"href":"https:\/\/www.europesays.com\/fr\/wp-json\/wp\/v2\/posts\/607095\/revisions"}],"wp:featuredmedia":[{"embeddable":true,"href":"https:\/\/www.europesays.com\/fr\/wp-json\/wp\/v2\/media\/607096"}],"wp:attachment":[{"href":"https:\/\/www.europesays.com\/fr\/wp-json\/wp\/v2\/media?parent=607095"}],"wp:term":[{"taxonomy":"category","embeddable":true,"href":"https:\/\/www.europesays.com\/fr\/wp-json\/wp\/v2\/categories?post=607095"},{"taxonomy":"post_tag","embeddable":true,"href":"https:\/\/www.europesays.com\/fr\/wp-json\/wp\/v2\/tags?post=607095"}],"curies":[{"name":"wp","href":"https:\/\/api.w.org\/{rel}","templated":true}]}}