{"id":607097,"date":"2025-12-18T09:18:15","date_gmt":"2025-12-18T09:18:15","guid":{"rendered":"https:\/\/www.europesays.com\/fr\/607097\/"},"modified":"2025-12-18T09:18:15","modified_gmt":"2025-12-18T09:18:15","slug":"rouen-jai-prete-main-forte-a-lassociation-le-cadeau-du-coeur-pour-noel","status":"publish","type":"post","link":"https:\/\/www.europesays.com\/fr\/607097\/","title":{"rendered":"Rouen. J&rsquo;ai pr\u00eat\u00e9 main-forte \u00e0 l&rsquo;association Le Cadeau du c\u0153ur pour No\u00ebl"},"content":{"rendered":"<p melodystyle=\"texte\">Avec No\u00ebl en approche, les associations rouennaises ne ch\u00f4ment pas. C&rsquo;est le cas du <a href=\"https:\/\/www.tendanceouest.com\/actualite-423868-seine-maritime-de-la-magie-pour-tous-ils-preparent-un-noel-solidaire\" target=\"_blank\" rel=\"noopener\">Cadeau du c\u0153ur,<\/a> qui r\u00e9colte depuis six ans \u00e0 cette p\u00e9riode de l&rsquo;ann\u00e9e des bo\u00eetes cadeaux. Elles sont ensuite redistribu\u00e9es \u00e0 des personnes pr\u00e9caires et isol\u00e9es. Un geste solidaire qui leur permet d&rsquo;avoir un cadeau pour No\u00ebl. Cette ann\u00e9e, cinq points de collecte ont d\u00e9j\u00e0 permis de r\u00e9colter 2\u00a0100 bo\u00eetes et d&rsquo;autres devraient aussi arriver. Il s&rsquo;agit en r\u00e9alit\u00e9 de bo\u00eetes \u00e0 chaussures qui contiennent un v\u00eatement chaud, un produit d&rsquo;hygi\u00e8ne, une gourmandise, un loisir et un mot doux. Jusqu&rsquo;au 5\u00a0janvier 2026, l&rsquo;association <a href=\"https:\/\/www.tendanceouest.com\/actualite-406155-rouen-des-cours-de-conduite-gratuits-sont-proposes-a-l-association-top-permis\" target=\"_blank\" rel=\"noopener\">Top Permis<\/a> <b\/>met \u00e0 disposition son local au centre commercial Saint-Sever pour les op\u00e9rations de redistribution. La pr\u00e9sidente, Hanane Labardacq, et les b\u00e9n\u00e9voles s&rsquo;occupent maintenant de leur distribution. J&rsquo;ai donc voulu les aider.<\/p>\n<p class=\"article_photo\" data-num=\"2\"><img decoding=\"async\" alt=\"L'association Le Cadeau du c\u0153ur de Rouen a donn\u00e9 des cadeaux \u00e0 plusieurs centres d'h\u00e9bergement comme le foyer de l'Abb\u00e9 Bazire de Rouen.\" src=\"https:\/\/www.europesays.com\/fr\/wp-content\/uploads\/2025\/12\/3647-tab.jpg\"\/>L&rsquo;association Le Cadeau du c\u0153ur de Rouen a donn\u00e9 des cadeaux \u00e0 plusieurs centres d&rsquo;h\u00e9bergement comme le foyer de l&rsquo;Abb\u00e9 Bazire de Rouen.<\/p>\n<p>\u00ab\u00a0On fait des heureux et c&rsquo;est tr\u00e8s bien\u00a0\u00bb<\/p>\n<p melodystyle=\"texte\">Le rendez-vous fix\u00e9, j&rsquo;arrive donc dans les locaux de Top Permis. Ce jour-l\u00e0, Hanane Labardacq explique \u00e0 tous les b\u00e9n\u00e9voles pr\u00e9sents que trois livraisons sont pr\u00e9vues. Les repr\u00e9sentants de trois centres d&rsquo;h\u00e9bergement font le d\u00e9placement pour collecter les cadeaux\u00a0: le foyer de l&rsquo;abb\u00e9 Bazire de Rouen, l&rsquo;\u0152uvre des m\u00e8res de Yerville et Welcome Rouen. Nous nous s\u00e9parons en deux groupes\u00a0: l&rsquo;un s&rsquo;occupe de mettre les cadeaux dans les sacs et l&rsquo;autre fait des allers-retours entre le local et le camion. Je commence par mettre les cadeaux dans les sacs puis je change de r\u00f4le et les am\u00e8ne \u00e0 la voiture. L&rsquo;occasion de discuter avec les b\u00e9n\u00e9voles comme Anne Wallon. \u00ab\u00a0On fait des heureux et c&rsquo;est tr\u00e8s bien\u00a0\u00bb, me confie celle qui a connu l&rsquo;association gr\u00e2ce \u00e0 Jo\u00eblle Vautier, une autre b\u00e9n\u00e9vole. \u00ab\u00a0Depuis que je suis \u00e0 la retraite, je suis investie dans plusieurs associations\u00a0\u00bb, m&rsquo;explique-t-elle. Donner des cadeaux aux plus d\u00e9munis, \u00ab\u00a0c&rsquo;est leur donner de la joie et du bonheur. Et donner du bonheur aux autres, \u00e7a me donne du bonheur\u00a0\u00bb, assure-t-elle. Au cours de cet \u00e9change, je prends conscience que chaque petit geste peut compter et qu&rsquo;aider les plus d\u00e9munis est \u00e0 la port\u00e9e de tous. Je suis d&rsquo;autant plus fi\u00e8re de pr\u00eater main-forte au Cadeau du c\u0153ur \u00e0 mon \u00e9chelle.<\/p>\n<p class=\"article_photo\" data-num=\"3\"><img decoding=\"async\" alt=\"Cette ann\u00e9e, le coll\u00e8ge Francis Yard de Buchy a fait des dons \u00e0 l'association Le Cadeau du c\u0153ur.\" src=\"https:\/\/www.europesays.com\/fr\/wp-content\/uploads\/2025\/12\/6986-tab.jpg\"\/>Cette ann\u00e9e, le coll\u00e8ge Francis Yard de Buchy a fait des dons \u00e0 l&rsquo;association Le Cadeau du c\u0153ur.<\/p>\n<p melodystyle=\"texte\">Apr\u00e8s plusieurs allers-retours \u00e0 la voiture, je discute avec Yanis Abdessalami, animateur social au sein du foyer de l&rsquo;abb\u00e9 Bazire. \u00ab\u00a0\u00c7a fait plaisir de pouvoir offrir un cadeau \u00e0 tout le monde. Ce n&rsquo;est pas quelque chose qu&rsquo;ils ont l&rsquo;habitude de recevoir\u00a0\u00bb, relate-t-il. En effet les personnes dont il s&rsquo;occupe dorment \u00e0 la rue.<\/p>\n<p melodystyle=\"texte\">L&rsquo;an<b> <\/b>dernier, le Cadeau du c\u0153ur a collect\u00e9 2\u00a0500 bo\u00eetes. Il esp\u00e8re atteindre voire d\u00e9passer ce chiffre cette ann\u00e9e.<\/p>\n","protected":false},"excerpt":{"rendered":"Avec No\u00ebl en approche, les associations rouennaises ne ch\u00f4ment pas. C&rsquo;est le cas du Cadeau du c\u0153ur, qui&hellip;\n","protected":false},"author":2,"featured_media":607098,"comment_status":"","ping_status":"","sticky":false,"template":"","format":"standard","meta":{"footnotes":""},"categories":[9587],"tags":[1111,11,1777,674,1011,27,12,5161,25,9590],"class_list":{"0":"post-607097","1":"post","2":"type-post","3":"status-publish","4":"format-standard","5":"has-post-thumbnail","7":"category-rouen","8":"tag-actu","9":"tag-actualites","10":"tag-eu","11":"tag-europe","12":"tag-fr","13":"tag-france","14":"tag-news","15":"tag-normandie","16":"tag-republique-francaise","17":"tag-rouen"},"share_on_mastodon":{"url":"https:\/\/pubeurope.com\/@fr\/115739828459181902","error":""},"_links":{"self":[{"href":"https:\/\/www.europesays.com\/fr\/wp-json\/wp\/v2\/posts\/607097","targetHints":{"allow":["GET"]}}],"collection":[{"href":"https:\/\/www.europesays.com\/fr\/wp-json\/wp\/v2\/posts"}],"about":[{"href":"https:\/\/www.europesays.com\/fr\/wp-json\/wp\/v2\/types\/post"}],"author":[{"embeddable":true,"href":"https:\/\/www.europesays.com\/fr\/wp-json\/wp\/v2\/users\/2"}],"replies":[{"embeddable":true,"href":"https:\/\/www.europesays.com\/fr\/wp-json\/wp\/v2\/comments?post=607097"}],"version-history":[{"count":0,"href":"https:\/\/www.europesays.com\/fr\/wp-json\/wp\/v2\/posts\/607097\/revisions"}],"wp:featuredmedia":[{"embeddable":true,"href":"https:\/\/www.europesays.com\/fr\/wp-json\/wp\/v2\/media\/607098"}],"wp:attachment":[{"href":"https:\/\/www.europesays.com\/fr\/wp-json\/wp\/v2\/media?parent=607097"}],"wp:term":[{"taxonomy":"category","embeddable":true,"href":"https:\/\/www.europesays.com\/fr\/wp-json\/wp\/v2\/categories?post=607097"},{"taxonomy":"post_tag","embeddable":true,"href":"https:\/\/www.europesays.com\/fr\/wp-json\/wp\/v2\/tags?post=607097"}],"curies":[{"name":"wp","href":"https:\/\/api.w.org\/{rel}","templated":true}]}}