{"id":607099,"date":"2025-12-18T09:19:14","date_gmt":"2025-12-18T09:19:14","guid":{"rendered":"https:\/\/www.europesays.com\/fr\/607099\/"},"modified":"2025-12-18T09:19:14","modified_gmt":"2025-12-18T09:19:14","slug":"rouen-les-rollon-2025-distinguent-les-talents-du-territoire","status":"publish","type":"post","link":"https:\/\/www.europesays.com\/fr\/607099\/","title":{"rendered":"Rouen : les Rollon 2025 distinguent les talents du territoire"},"content":{"rendered":"<p>Jeudi 11 d\u00e9cembre au soir, la premi\u00e8re c\u00e9r\u00e9monie des Rollon 2025 a r\u00e9uni acteurs \u00e9conomiques, \u00e9lus et participants autour d\u2019un objectif commun : valoriser celles et ceux qui contribuent au dynamisme de la Normandie. Cette \u00e9dition, organis\u00e9e par l&rsquo;association Les Enfants de Rollon, a mis en avant des initiatives locales, solidaires et entrepreneuriales, illustrant la diversit\u00e9 des projets port\u00e9s sur le territoire.<\/p>\n<p>Le prix de l\u2019audace viking a \u00e9t\u00e9 attribu\u00e9 \u00e0 Jessy Spahija pour la relance du Th\u00e9\u00e2tre Le Normandy au Havre. Le prix de la solidarit\u00e9 normande a r\u00e9compens\u00e9 le docteur Roxane Joannid\u00e8s pour une m\u00e9thode innovante d\u2019apprentissage de l\u2019orthographe. Le prix de la jeune pousse est revenu \u00e0 Amaury Piquiot pour son engagement au sein de Human-Mob en faveur de la mobilit\u00e9 douce.<\/p>\n<p>Le prix des adh\u00e9rents a distingu\u00e9 \u00c9douard Chedru et Antoine Chedru pour leur travail \u00e0 la Ferme des Peupliers. Vincent Mabire a re\u00e7u le prix de la conqu\u00eate internationale pour la promotion de la Normandie \u00e0 l\u2019\u00e9tranger. Le prix d\u2019honneur a salu\u00e9 l\u2019engagement durable de Jean-Louis Louvel au service du territoire.<\/p>\n<p>Le titre de viking de l\u2019ann\u00e9e 2025 a \u00e9t\u00e9 d\u00e9cern\u00e9 \u00e0 Ludovic Garnier pour son engagement depuis 2019 et son action en faveur de la valorisation de la culture viking en Normandie.<\/p>\n","protected":false},"excerpt":{"rendered":"Jeudi 11 d\u00e9cembre au soir, la premi\u00e8re c\u00e9r\u00e9monie des Rollon 2025 a r\u00e9uni acteurs \u00e9conomiques, \u00e9lus et participants&hellip;\n","protected":false},"author":2,"featured_media":607100,"comment_status":"","ping_status":"","sticky":false,"template":"","format":"standard","meta":{"footnotes":""},"categories":[9587],"tags":[1111,11,1777,674,1011,27,12,5161,25,9590],"class_list":{"0":"post-607099","1":"post","2":"type-post","3":"status-publish","4":"format-standard","5":"has-post-thumbnail","7":"category-rouen","8":"tag-actu","9":"tag-actualites","10":"tag-eu","11":"tag-europe","12":"tag-fr","13":"tag-france","14":"tag-news","15":"tag-normandie","16":"tag-republique-francaise","17":"tag-rouen"},"share_on_mastodon":{"url":"https:\/\/pubeurope.com\/@fr\/115739830804055735","error":""},"_links":{"self":[{"href":"https:\/\/www.europesays.com\/fr\/wp-json\/wp\/v2\/posts\/607099","targetHints":{"allow":["GET"]}}],"collection":[{"href":"https:\/\/www.europesays.com\/fr\/wp-json\/wp\/v2\/posts"}],"about":[{"href":"https:\/\/www.europesays.com\/fr\/wp-json\/wp\/v2\/types\/post"}],"author":[{"embeddable":true,"href":"https:\/\/www.europesays.com\/fr\/wp-json\/wp\/v2\/users\/2"}],"replies":[{"embeddable":true,"href":"https:\/\/www.europesays.com\/fr\/wp-json\/wp\/v2\/comments?post=607099"}],"version-history":[{"count":0,"href":"https:\/\/www.europesays.com\/fr\/wp-json\/wp\/v2\/posts\/607099\/revisions"}],"wp:featuredmedia":[{"embeddable":true,"href":"https:\/\/www.europesays.com\/fr\/wp-json\/wp\/v2\/media\/607100"}],"wp:attachment":[{"href":"https:\/\/www.europesays.com\/fr\/wp-json\/wp\/v2\/media?parent=607099"}],"wp:term":[{"taxonomy":"category","embeddable":true,"href":"https:\/\/www.europesays.com\/fr\/wp-json\/wp\/v2\/categories?post=607099"},{"taxonomy":"post_tag","embeddable":true,"href":"https:\/\/www.europesays.com\/fr\/wp-json\/wp\/v2\/tags?post=607099"}],"curies":[{"name":"wp","href":"https:\/\/api.w.org\/{rel}","templated":true}]}}