{"id":607105,"date":"2025-12-18T09:22:16","date_gmt":"2025-12-18T09:22:16","guid":{"rendered":"https:\/\/www.europesays.com\/fr\/607105\/"},"modified":"2025-12-18T09:22:16","modified_gmt":"2025-12-18T09:22:16","slug":"avant-noel-cette-patissiere-bretonne-est-de-retour-a-rennes-avec-ses-trompe-loeil-et-des-tickets-dor","status":"publish","type":"post","link":"https:\/\/www.europesays.com\/fr\/607105\/","title":{"rendered":"Avant No\u00ebl, cette p\u00e2tissi\u00e8re bretonne est de retour \u00e0 Rennes avec ses trompe-l&rsquo;\u0153il et des \u00ab\u00a0tickets d&rsquo;or\u00a0\u00bb"},"content":{"rendered":"<p>                    Par<br \/>\n        <strong><br \/>\n            <a href=\"https:\/\/actu.fr\/auteur\/brian-legoff\" title=\"Consulter tous les articles de Brian Le Goff\" target=\"_blank\" rel=\"noopener\">Brian Le Goff<\/a><br \/>\n                    <\/strong><\/p>\n<p>        Publi\u00e9 le<\/p>\n<p>            18 d\u00e9c. 2025 \u00e0 6h02        <\/p>\n<p><strong>Citrons jaunes et verts, cacahu\u00e8tes, ou encore framboises g\u00e9antes\u2026<\/strong> avec ses p\u00e2tisseries trompe-l\u2019\u0153il, <strong>No\u00e9mie Daunay rencontre un succ\u00e8s fou<\/strong> depuis l\u2019ouverture de sa boutique \u00e0 <a href=\"https:\/\/actu.fr\/bretagne\/montauban-de-bretagne_35184\" target=\"_blank\" rel=\"noopener\">Montauban-de-Bretagne<\/a>, \u00e0 l\u2019ouest de Rennes.<\/p>\n<p class=\" wall-content\">Chaque samedi, au moment de sa vente hebdomadaire, ce sont des<strong> dizaines de clients qui se pressent sur place<\/strong>. \u00ab Il y a des gens qui viennent de Rennes. Certains font 1h30 de route pour un trompe-l\u2019\u0153il\u00bb, t\u00e9moignait-elle aupr\u00e8s d\u2019<a href=\"https:\/\/actu.fr\/rennes\/\" target=\"_blank\" rel=\"noopener\">actu Rennes<\/a>, en mai dernier.<\/p>\n<p class=\" wall-content\">Alors, pour satisfaire ses clients rennais, comme elle a d\u00e9j\u00e0 pu le faire, la p\u00e2tissi\u00e8re revient<strong> \u00e0 Rennes, pour une vente exceptionnelle, lundi 22 d\u00e9cembre, \u00e0 Chez Toi, au 142, rue Saint-H\u00e9lier, \u00e0 partir de 10h<\/strong>.<\/p>\n<p>    <a href=\"https:\/\/www.facebook.com\/plugins\/video.php?height=476&amp;href=https%3A%2F%2Fwww.facebook.com%2Freel%2F824193510416198%2F&amp;show_text=true&amp;width=350&amp;t=0\" title=\"Ouvrie le lien\" target=\"_blank\" rel=\"noopener\">Cliquez ici pour visualiser le contenu<\/a><\/p>\n<p>Des \u00ab\u00a0tickets d\u2019or\u00a0\u00bb \u00e0 gagner<\/p>\n<p class=\" wall-content\">En plus de ses p\u00e2tisseries, No\u00e9mie Daunay \u00ab\u00a0ne vient pas les mains vides\u00a0\u00bb.<\/p>\n<blockquote class=\"ac-article-quote wall-content\">\n<p>Je viens avec plein de box pour des parcs d&rsquo;attraction. Il y a du Disney, du parc Ast\u00e9rix, du Puy du Fou, du Futuroscope. Tout \u00e7a pour deux personnes \u00e0 chaque fois. Comment les gagner ? Trouvez juste ces quatre tickets d&rsquo;or. Que vous achetiez un, quatre, huit, vingt trompe-l&rsquo;\u0153il. Vous avez tous les m\u00eames chances.<\/p>\n<p>    <strong>No\u00e9mie Daunay<\/strong>\n            <\/p><\/blockquote>\n<p class=\" wall-content\">Une raison de plus de venir d\u00e9couvrir le travail artistique de la p\u00e2tissi\u00e8re.<\/p>\n<p class=\" wall-content\">Personnalisez votre actualit\u00e9 en ajoutant vos villes et m\u00e9dias en favori avec <a href=\"https:\/\/moncompte.actu.fr\" title=\"D\u00e9couvez Mon Actu\" rel=\"nofollow noopener\" data-trk=\"{&quot;cta&quot;:{&quot;action&quot;:&quot;https:\\\/\\\/moncompte.actu.fr&quot;,&quot;category&quot;:&quot;mon compte&quot;,&quot;from&quot;:&quot;article footer&quot;,&quot;name&quot;:&quot;Mon actu&quot;,&quot;type&quot;:&quot;cta&quot;}}\" target=\"_blank\">Mon Actu<\/a>.<\/p>\n","protected":false},"excerpt":{"rendered":"Par Brian Le Goff Publi\u00e9 le 18 d\u00e9c. 2025 \u00e0 6h02 Citrons jaunes et verts, cacahu\u00e8tes, ou encore&hellip;\n","protected":false},"author":2,"featured_media":607106,"comment_status":"","ping_status":"","sticky":false,"template":"","format":"standard","meta":{"footnotes":""},"categories":[2821],"tags":[1111,11,258,829,215,130,1777,674,1011,27,1757,12,584,25],"class_list":{"0":"post-607105","1":"post","2":"type-post","3":"status-publish","4":"format-standard","5":"has-post-thumbnail","7":"category-rennes","8":"tag-actu","9":"tag-actualites","10":"tag-alimentation","11":"tag-bretagne","12":"tag-commerce","13":"tag-consommation","14":"tag-eu","15":"tag-europe","16":"tag-fr","17":"tag-france","18":"tag-insolite","19":"tag-news","20":"tag-rennes","21":"tag-republique-francaise"},"share_on_mastodon":{"url":"https:\/\/pubeurope.com\/@fr\/115739842867397686","error":""},"_links":{"self":[{"href":"https:\/\/www.europesays.com\/fr\/wp-json\/wp\/v2\/posts\/607105","targetHints":{"allow":["GET"]}}],"collection":[{"href":"https:\/\/www.europesays.com\/fr\/wp-json\/wp\/v2\/posts"}],"about":[{"href":"https:\/\/www.europesays.com\/fr\/wp-json\/wp\/v2\/types\/post"}],"author":[{"embeddable":true,"href":"https:\/\/www.europesays.com\/fr\/wp-json\/wp\/v2\/users\/2"}],"replies":[{"embeddable":true,"href":"https:\/\/www.europesays.com\/fr\/wp-json\/wp\/v2\/comments?post=607105"}],"version-history":[{"count":0,"href":"https:\/\/www.europesays.com\/fr\/wp-json\/wp\/v2\/posts\/607105\/revisions"}],"wp:featuredmedia":[{"embeddable":true,"href":"https:\/\/www.europesays.com\/fr\/wp-json\/wp\/v2\/media\/607106"}],"wp:attachment":[{"href":"https:\/\/www.europesays.com\/fr\/wp-json\/wp\/v2\/media?parent=607105"}],"wp:term":[{"taxonomy":"category","embeddable":true,"href":"https:\/\/www.europesays.com\/fr\/wp-json\/wp\/v2\/categories?post=607105"},{"taxonomy":"post_tag","embeddable":true,"href":"https:\/\/www.europesays.com\/fr\/wp-json\/wp\/v2\/tags?post=607105"}],"curies":[{"name":"wp","href":"https:\/\/api.w.org\/{rel}","templated":true}]}}