{"id":607123,"date":"2025-12-18T09:33:18","date_gmt":"2025-12-18T09:33:18","guid":{"rendered":"https:\/\/www.europesays.com\/fr\/607123\/"},"modified":"2025-12-18T09:33:18","modified_gmt":"2025-12-18T09:33:18","slug":"bruno-irles-girondins-de-bordeaux-le-championnat-en-priorite","status":"publish","type":"post","link":"https:\/\/www.europesays.com\/fr\/607123\/","title":{"rendered":"Bruno Irles (Girondins de Bordeaux) : \u00ab\u00a0Le championnat en priorit\u00e9\u00a0\u00bb"},"content":{"rendered":"<p><img loading=\"lazy\" decoding=\"async\" width=\"696\" height=\"464\" class=\"lazyload entry-thumb\" src=\"https:\/\/www.europesays.com\/fr\/wp-content\/uploads\/2025\/12\/IRLES-Bruno-696x464.jpg\" alt=\"\" title=\"IRLES Bruno\"\/>Bruno Irles (\u00a9 Philippe Le Brech)<\/p>\n<p style=\"font-size:20px\"><strong>L\u2019affiche des 32\u00e8mes de finale de <a href=\"https:\/\/footamateur.ouest-france.fr\/categories\/coupe-de-france-de-football\/\" target=\"_blank\" rel=\"noreferrer noopener\">la Coupe de France<\/a> entre le Le Puy Foot (National) et les Girondins de Bordeaux (N2) opposera ce week-end deux \u00e9quipes tr\u00e8s en forme. L\u2019entra\u00eeneur bordelais Bruno Irles se place dans la peau de l\u2019outsider dans<a href=\"https:\/\/www.leprogres.fr\/sport\/2025\/12\/17\/le-puy-est-au-dessus-de-nous-bruno-irles-(bordeaux)-s-attend-a-un-match-difficile-en-coupe-de-france\" target=\"_blank\" rel=\"noopener\"> un entretien livr\u00e9 \u00e0 nos confr\u00e8res du Progr\u00e8s<\/a>.<\/strong><\/p>\n<p>\u00ab\u00a0Cela [Les bons r\u00e9sultats du Puy] ne m\u2019\u00e9tonne pas du tout. En fait, leurs r\u00e9sultats actuels sont plus ad\u00e9quats avec la qualit\u00e9 de jeu qu\u2019ils produisent depuis le d\u00e9but. Le Puy est largement au-dessus de nous. On parle de Bordeaux, mais c\u2019est Le Puy qui \u00e9volue le plus haut.\u00ab\u00a0, explique le technicien qui a aussi \u00e9voqu\u00e9 la place occup\u00e9e par la Coupe de France dans la saison de son \u00e9quipe.<\/p>\n<p>\u00ab\u00a0Le championnat en priorit\u00e9. J\u2019ai chang\u00e9 l\u2019effectif \u00e0 90\u00a0% cette saison. Je me suis servi de la coupe pour travailler. Logiquement, il y a un peu de fatigue et ce ne sera pas forc\u00e9ment le onze habituel qui d\u00e9butera dimanche.\u00a0\u00bb\u00a0Le Puy Foot 43 et les Girondins de Bordeaux s\u2019affronteront ce dimanche 21 d\u00e9cembre \u00e0 17h30.<\/p>\n<p><a href=\"https:\/\/footamateur.ouest-france.fr\/author\/fred\/\" class=\"url\" title=\"Fr\u00e9d\u00e9ric Sougey\" target=\"_blank\" rel=\"noopener\"> <img decoding=\"async\" src=\"https:\/\/www.europesays.com\/fr\/wp-content\/uploads\/2025\/04\/gnlpcfya_400x400.jpg\" class=\"lazyload photo\" width=\"250\" alt=\"Fr\u00e9d\u00e9ric Sougey\"\/><\/a><\/p>\n<p>Journaliste chez Sports M\u00e9dia<\/p>\n<p>Elev\u00e9 au c\u0153ur des Alpes, Fred quitte (temporairement) son Grenoble ador\u00e9 pour pr\u00eater sa plume et son regard au monde amateur et plus particuli\u00e8rement au Championnat National dont il est un assidu observateur. Fan de tartiflette, de Karim Mokeddem et de Mulholland Drive. Les bonnes choses de la vie, en somme.<\/p>\n<p><a href=\"https:\/\/footamateur.ouest-france.fr\/author\/fred\/\" class=\"url\" title=\"Fr\u00e9d\u00e9ric Sougey\" target=\"_blank\" rel=\"noopener\"><img decoding=\"async\" src=\"https:\/\/www.europesays.com\/fr\/wp-content\/uploads\/2025\/04\/gnlpcfya_400x400.jpg\" class=\"lazyload photo\" width=\"250\" alt=\"Fr\u00e9d\u00e9ric Sougey\"\/><\/a>Les derniers articles par Fr\u00e9d\u00e9ric Sougey (<a href=\"https:\/\/footamateur.ouest-france.fr\/author\/fred\/\" target=\"_blank\" rel=\"noopener\">tout voir<\/a>)<\/p>\n","protected":false},"excerpt":{"rendered":"Bruno Irles (\u00a9 Philippe Le Brech) L\u2019affiche des 32\u00e8mes de finale de la Coupe de France entre le&hellip;\n","protected":false},"author":2,"featured_media":607124,"comment_status":"","ping_status":"","sticky":false,"template":"","format":"standard","meta":{"footnotes":""},"categories":[2817],"tags":[1111,11,1997,71860,1777,674,1011,27,2908,12,2219,25],"class_list":{"0":"post-607123","1":"post","2":"type-post","3":"status-publish","4":"format-standard","5":"has-post-thumbnail","7":"category-bordeaux","8":"tag-actu","9":"tag-actualites","10":"tag-bordeaux","11":"tag-bruno-irles","12":"tag-eu","13":"tag-europe","14":"tag-fr","15":"tag-france","16":"tag-girondins-de-bordeaux","17":"tag-news","18":"tag-nouvelle-aquitaine","19":"tag-republique-francaise"},"share_on_mastodon":{"url":"https:\/\/pubeurope.com\/@fr\/115739888083715813","error":""},"_links":{"self":[{"href":"https:\/\/www.europesays.com\/fr\/wp-json\/wp\/v2\/posts\/607123","targetHints":{"allow":["GET"]}}],"collection":[{"href":"https:\/\/www.europesays.com\/fr\/wp-json\/wp\/v2\/posts"}],"about":[{"href":"https:\/\/www.europesays.com\/fr\/wp-json\/wp\/v2\/types\/post"}],"author":[{"embeddable":true,"href":"https:\/\/www.europesays.com\/fr\/wp-json\/wp\/v2\/users\/2"}],"replies":[{"embeddable":true,"href":"https:\/\/www.europesays.com\/fr\/wp-json\/wp\/v2\/comments?post=607123"}],"version-history":[{"count":0,"href":"https:\/\/www.europesays.com\/fr\/wp-json\/wp\/v2\/posts\/607123\/revisions"}],"wp:featuredmedia":[{"embeddable":true,"href":"https:\/\/www.europesays.com\/fr\/wp-json\/wp\/v2\/media\/607124"}],"wp:attachment":[{"href":"https:\/\/www.europesays.com\/fr\/wp-json\/wp\/v2\/media?parent=607123"}],"wp:term":[{"taxonomy":"category","embeddable":true,"href":"https:\/\/www.europesays.com\/fr\/wp-json\/wp\/v2\/categories?post=607123"},{"taxonomy":"post_tag","embeddable":true,"href":"https:\/\/www.europesays.com\/fr\/wp-json\/wp\/v2\/tags?post=607123"}],"curies":[{"name":"wp","href":"https:\/\/api.w.org\/{rel}","templated":true}]}}