{"id":607125,"date":"2025-12-18T09:34:10","date_gmt":"2025-12-18T09:34:10","guid":{"rendered":"https:\/\/www.europesays.com\/fr\/607125\/"},"modified":"2025-12-18T09:34:10","modified_gmt":"2025-12-18T09:34:10","slug":"a-toulouse-la-justice-impose-le-gel-du-plan-de-suppression-de-postes-chez-thales-dans-le-spatial","status":"publish","type":"post","link":"https:\/\/www.europesays.com\/fr\/607125\/","title":{"rendered":"\u00c0 Toulouse, la justice impose le gel du plan de suppression de postes chez Thales dans le spatial"},"content":{"rendered":"<p>                    Par<br \/>\n        <strong><br \/>\n            <a href=\"https:\/\/actu.fr\/auteur\/guillaume-laurens\" title=\"Consulter tous les articles de Guillaume Laurens\" target=\"_blank\" rel=\"noopener\">Guillaume Laurens<\/a><br \/>\n                    <\/strong><\/p>\n<p>        Publi\u00e9 le<\/p>\n<p>            18 d\u00e9c. 2025 \u00e0 8h26        <\/p>\n<p>Le couperet est tomb\u00e9 dix jours avant No\u00ebl. Le tribunal judiciaire de <a href=\"https:\/\/actu.fr\/toulouse\/\" target=\"_blank\" rel=\"noopener\"><strong>Toulouse<\/strong> <\/a>a d\u00e9cid\u00e9 de <strong>geler le plan <\/strong>de <a href=\"https:\/\/actu.fr\/occitanie\/toulouse_31555\/toulouse-emplois-remanies-departs-favorises-mais-que-se-passe-t-il-a-thales_60882983.html\" target=\"_blank\" rel=\"noopener\">suppression<\/a><a href=\"https:\/\/actu.fr\/occitanie\/toulouse_31555\/toulouse-emplois-remanies-departs-favorises-mais-que-se-passe-t-il-a-thales_60882983.html\" target=\"_blank\" rel=\"noopener\"> d\u2019environ <strong>un millier de postes<\/strong> dans l\u2019activit\u00e9 spatiale de <\/a><strong><a href=\"https:\/\/actu.fr\/occitanie\/toulouse_31555\/toulouse-emplois-remanies-departs-favorises-mais-que-se-passe-t-il-a-thales_60882983.html\" target=\"_blank\" rel=\"noopener\">Thales, <\/a><\/strong><a href=\"https:\/\/actu.fr\/occitanie\/toulouse_31555\/toulouse-emplois-remanies-departs-favorises-mais-que-se-passe-t-il-a-thales_60882983.html\" target=\"_blank\" rel=\"noopener\">annonc\u00e9 en 2024 <\/a>et contest\u00e9 en justice par la CGT.<\/p>\n<p>Ce que dit le tribunal \u00e0 Toulouse<\/p>\n<p class=\" wall-content\">Dans ce jugement, rendu lundi, la justice \u00ab\u00a0ordonne la suspension du projet\u00a0\u00bb, et enjoint \u00e0 Thales Alenia Space, filiale du groupe dans le spatial, de \u00ab\u00a0proc\u00e9der \u00e0 <strong>une nouvelle \u00e9valuation pr\u00e9cise\u00a0\u00bb<\/strong> de \u00ab\u00a0l\u2019impact du projet\u00a0\u00bb sur la \u00ab\u00a0charge de travail\u00a0\u00bb des salari\u00e9s.<\/p>\n<p>Une victoire pour la CGT<\/p>\n<p class=\" wall-content\">Cette d\u00e9cision donne raison \u00e0 la <strong>CGT,<\/strong> qui estimait que ce plan mettait <strong>\u00ab\u00a0en danger la sant\u00e9 des salari\u00e9s\u00a0\u00bb. <\/strong>Elle \u00ab\u00a0\u00e9loigne d\u00e9finitivement la perspective de ce plan\u00a0\u00bb, s\u2019est d\u2019ailleurs r\u00e9joui <strong>Thomas Meynadier<\/strong>, repr\u00e9sentant du syndicat.<\/p>\n<p>Un secteur des satellites en crise<\/p>\n<p class=\" wall-content\">Thales avait annonc\u00e9 en mars 2024 la suppression et le red\u00e9ploiement de<strong> 1 300 postes de sa branche spatiale<\/strong>, dont 1 000 en France (et plus de 760 \u00e0 Toulouse), ailleurs dans le groupe, en raison de la <strong>crise des satellites<\/strong> de <strong>t\u00e9l\u00e9communication<\/strong>. Le plan a toutefois \u00e9t\u00e9 <a href=\"https:\/\/actu.fr\/occitanie\/toulouse_31555\/gel-des-suppressions-de-postes-chez-thales-soulagement-et-amertume-a-toulouse-ou-il-faudrait-embaucher_62722128.html\" target=\"_blank\" rel=\"noopener\">gel\u00e9 \u00ab\u00a0jusqu\u2019\u00e0 mi-2026\u00a0\u00bb par Thales en juin dernier<\/a>, alors que deux tiers des salari\u00e9s avait d\u00e9j\u00e0 \u00e9t\u00e9 red\u00e9ploy\u00e9s.<\/p>\n<p>La direction esp\u00e9rait un \u00ab\u00a0ralentissement\u00a0\u00bb<\/p>\n<p class=\" wall-content\">Mais la \u00ab\u00a0suspension ne concernait pas les postes indirects\u00a0\u00bb, comme \u00ab\u00a0les RH ou la communication\u00a0\u00bb, explique Thomas Meynadier.<\/p>\n<p>Vid\u00e9os : en ce moment sur Actu<\/p>\n<p class=\" wall-content\">La direction avait en outre pr\u00e9cis\u00e9 qu\u2019elle ne renon\u00e7ait pas \u00e0 son plan, parlant d\u2019un <strong>\u00ab\u00a0ralentissement\u00a0\u00bb de son d\u00e9ploiement<\/strong>, en esp\u00e9rant d\u2019autres contrats majeurs dans le domaine des satellites de t\u00e9l\u00e9communications.<\/p>\n<p>Une prochaine fusion avec Airbus et Leonardo<\/p>\n<p class=\" wall-content\">Entretemps, <strong>Thales<\/strong> a confirm\u00e9 en octobre dernier\u00a0la signature d\u2019un protocole d\u2019accord (MoU) afin de cr\u00e9er une <strong>nouvelle entreprise commune<\/strong> avec Airbus et Leonardo, formant ainsi un <strong>g\u00e9ant europ\u00e9en des satellites<\/strong>, dont le si\u00e8ge sera install\u00e9 \u00e0 Toulouse. Objectif des trois acteurs europ\u00e9ens : concurrencer Elon Musk et son mastodonte SpaceX.<\/p>\n<p>Votre r\u00e9gion, votre actu !<\/p>\n<p>Recevez chaque jour les infos qui comptent pour vous.<\/p>\n<p>\t<a href=\"https:\/\/actu.fr\/newsletter\" class=\"ac-btn ac-btn--corner ac-btn--medium ac-btn--blue800\" target=\"_blank\" rel=\"noopener\">S&rsquo;incrire<\/a><\/p>\n<p class=\" wall-content\">Avec AFP<\/p>\n<p class=\" wall-content\">Personnalisez votre actualit\u00e9 en ajoutant vos villes et m\u00e9dias en favori avec <a href=\"https:\/\/moncompte.actu.fr\" title=\"D\u00e9couvez Mon Actu\" rel=\"nofollow noopener\" data-trk=\"{&quot;cta&quot;:{&quot;action&quot;:&quot;https:\\\/\\\/moncompte.actu.fr&quot;,&quot;category&quot;:&quot;mon compte&quot;,&quot;from&quot;:&quot;article footer&quot;,&quot;name&quot;:&quot;Mon actu&quot;,&quot;type&quot;:&quot;cta&quot;}}\" target=\"_blank\">Mon Actu<\/a>.<\/p>\n","protected":false},"excerpt":{"rendered":"Par Guillaume Laurens Publi\u00e9 le 18 d\u00e9c. 2025 \u00e0 8h26 Le couperet est tomb\u00e9 dix jours avant No\u00ebl.&hellip;\n","protected":false},"author":2,"featured_media":607126,"comment_status":"","ping_status":"","sticky":false,"template":"","format":"standard","meta":{"footnotes":""},"categories":[2816],"tags":[1111,11,341,386,1777,674,1011,27,12,2680,25,104,3427,2312],"class_list":{"0":"post-607125","1":"post","2":"type-post","3":"status-publish","4":"format-standard","5":"has-post-thumbnail","7":"category-toulouse","8":"tag-actu","9":"tag-actualites","10":"tag-emploi","11":"tag-espace","12":"tag-eu","13":"tag-europe","14":"tag-fr","15":"tag-france","16":"tag-news","17":"tag-occitanie","18":"tag-republique-francaise","19":"tag-societe","20":"tag-syndicats","21":"tag-toulouse"},"share_on_mastodon":{"url":"https:\/\/pubeurope.com\/@fr\/115739889788826043","error":""},"_links":{"self":[{"href":"https:\/\/www.europesays.com\/fr\/wp-json\/wp\/v2\/posts\/607125","targetHints":{"allow":["GET"]}}],"collection":[{"href":"https:\/\/www.europesays.com\/fr\/wp-json\/wp\/v2\/posts"}],"about":[{"href":"https:\/\/www.europesays.com\/fr\/wp-json\/wp\/v2\/types\/post"}],"author":[{"embeddable":true,"href":"https:\/\/www.europesays.com\/fr\/wp-json\/wp\/v2\/users\/2"}],"replies":[{"embeddable":true,"href":"https:\/\/www.europesays.com\/fr\/wp-json\/wp\/v2\/comments?post=607125"}],"version-history":[{"count":0,"href":"https:\/\/www.europesays.com\/fr\/wp-json\/wp\/v2\/posts\/607125\/revisions"}],"wp:featuredmedia":[{"embeddable":true,"href":"https:\/\/www.europesays.com\/fr\/wp-json\/wp\/v2\/media\/607126"}],"wp:attachment":[{"href":"https:\/\/www.europesays.com\/fr\/wp-json\/wp\/v2\/media?parent=607125"}],"wp:term":[{"taxonomy":"category","embeddable":true,"href":"https:\/\/www.europesays.com\/fr\/wp-json\/wp\/v2\/categories?post=607125"},{"taxonomy":"post_tag","embeddable":true,"href":"https:\/\/www.europesays.com\/fr\/wp-json\/wp\/v2\/tags?post=607125"}],"curies":[{"name":"wp","href":"https:\/\/api.w.org\/{rel}","templated":true}]}}