{"id":607127,"date":"2025-12-18T09:35:19","date_gmt":"2025-12-18T09:35:19","guid":{"rendered":"https:\/\/www.europesays.com\/fr\/607127\/"},"modified":"2025-12-18T09:35:19","modified_gmt":"2025-12-18T09:35:19","slug":"autoroute-a69-coup-de-tonnerre-le-parquet-de-toulouse-demande-la-suspension-du-chantier","status":"publish","type":"post","link":"https:\/\/www.europesays.com\/fr\/607127\/","title":{"rendered":"Autoroute A69\u00a0: coup de tonnerre, le parquet de Toulouse demande la suspension du chantier"},"content":{"rendered":"<p>\n                                                                    l&rsquo;essentiel<br \/>\n                                                                Nouveau retournement de situation dans le dossier de l\u2019autoroute A69\u00a0: le parquet de Toulouse demande sa suspension imm\u00e9diate pour atteinte \u00e0 l\u2019environnement. Une astreinte de 10\u00a0000\u00a0euros par jour est envisag\u00e9e.\n                            <\/p>\n<p>Le parquet de Toulouse a annonc\u00e9 avoir saisi le juge des libert\u00e9s et de la d\u00e9tention d\u2019un r\u00e9f\u00e9r\u00e9 p\u00e9nal environnemental visant les travaux de l\u2019autoroute A69, apr\u00e8s une plainte d\u00e9pos\u00e9e le 10\u00a0d\u00e9cembre par l\u2019association France Nature Environnement (FNE) Occitanie.<\/p>\n<p class=\"std-elt__inline\">\n        <strong>\u00c0 lire aussi :<\/strong><br \/>\n        <a href=\"https:\/\/www.ladepeche.fr\/2025\/12\/02\/autoroute-a69-apres-les-accusations-de-depassements-demprises-letat-demande-des-comptes-au-concessionnaire-atosca-13085674.php\" target=\"_blank\" rel=\"noopener\">Autoroute A69\u00a0: apr\u00e8s les accusations de d\u00e9passements d\u2019emprises, l\u2019\u00c9tat demande des comptes au concessionnaire Atosca<\/a>\n    <\/p>\n<p>La suspension du chantier est demand\u00e9e, et une astreinte de 10\u00a0000\u00a0euros par jour<\/p>\n<p>L\u2019association d\u00e9nonce la r\u00e9alisation par ATOSCA de multiples emprises ill\u00e9gales dans le cadre du chantier. D\u00e8s le 11\u00a0d\u00e9cembre, le parquet a ouvert une enqu\u00eate p\u00e9nale, cosaisie avec l\u2019Office fran\u00e7ais de la biodiversit\u00e9 et la section de recherche de Toulouse, pour des faits \u00ab\u00a0d\u2019ex\u00e9cution de travaux sans autorisation portant atteinte aux milieux aquatiques et \u00e0 des esp\u00e8ces animales prot\u00e9g\u00e9es\u00a0\u00bb.\u00a0Les premi\u00e8res investigations ont confirm\u00e9, explique le parquet, que de nombreuses interventions ont \u00e9t\u00e9 r\u00e9alis\u00e9es \u00ab\u00a0en dehors du p\u00e9rim\u00e8tre de l\u2019autorisation environnementale\u00a0\u00bb d\u00e9livr\u00e9e le 1er\u00a0mars 2023 par les pr\u00e9fets du Tarn et de la Haute-Garonne.<\/p>\n<p class=\"std-elt__inline\">\n        <strong>\u00c0 lire aussi :<\/strong><br \/>\n        <a href=\"https:\/\/www.ladepeche.fr\/2025\/12\/11\/autoroute-a69-feu-vert-ou-coup-darret-lavenir-du-chantier-se-joue-lors-dune-audience-judiciaire-cruciale-13101983.php\" target=\"_blank\" rel=\"noopener\">Autoroute A69\u00a0: feu vert ou coup d\u2019arr\u00eat\u00a0? L\u2019avenir du chantier se joue lors d\u2019une audience judiciaire cruciale<\/a>\n    <\/p>\n<p>Face \u00e0 la gravit\u00e9 des atteintes environnementales constat\u00e9es, le parquet demande \u00ab\u00a0la suspension imm\u00e9diate des travaux sur 46 sites r\u00e9partis sur l\u2019ensemble du trac\u00e9 de l\u2019A69\u00a0\u00bb, entre Castres et Toulouse, ainsi que l\u2019instauration d\u2019une astreinte de 10\u00a0000\u00a0euros par jour apr\u00e8s un d\u00e9lai de deux jours suivant la d\u00e9cision judiciaire. Une audience publique devant le juge des libert\u00e9s et de la d\u00e9tention va se tenir ce vendredi 19\u00a0d\u00e9cembre \u00e0 10\u00a0heures, au palais de justice de Toulouse.<\/p>\n<p>Plus d\u2019informatons \u00e0 venir<\/p>\n","protected":false},"excerpt":{"rendered":"l&rsquo;essentiel Nouveau retournement de situation dans le dossier de l\u2019autoroute A69\u00a0: le parquet de Toulouse demande sa suspension&hellip;\n","protected":false},"author":2,"featured_media":607128,"comment_status":"","ping_status":"","sticky":false,"template":"","format":"standard","meta":{"footnotes":""},"categories":[2816],"tags":[1111,11,70583,8173,33,1777,674,1011,27,12,2680,25,8412,2312,800],"class_list":{"0":"post-607127","1":"post","2":"type-post","3":"status-publish","4":"format-standard","5":"has-post-thumbnail","7":"category-toulouse","8":"tag-actu","9":"tag-actualites","10":"tag-autoroute-a69-castres-toulouse","11":"tag-castres","12":"tag-economie","13":"tag-eu","14":"tag-europe","15":"tag-fr","16":"tag-france","17":"tag-news","18":"tag-occitanie","19":"tag-republique-francaise","20":"tag-tarn","21":"tag-toulouse","22":"tag-transports"},"share_on_mastodon":{"url":"https:\/\/pubeurope.com\/@fr\/115739893646686255","error":""},"_links":{"self":[{"href":"https:\/\/www.europesays.com\/fr\/wp-json\/wp\/v2\/posts\/607127","targetHints":{"allow":["GET"]}}],"collection":[{"href":"https:\/\/www.europesays.com\/fr\/wp-json\/wp\/v2\/posts"}],"about":[{"href":"https:\/\/www.europesays.com\/fr\/wp-json\/wp\/v2\/types\/post"}],"author":[{"embeddable":true,"href":"https:\/\/www.europesays.com\/fr\/wp-json\/wp\/v2\/users\/2"}],"replies":[{"embeddable":true,"href":"https:\/\/www.europesays.com\/fr\/wp-json\/wp\/v2\/comments?post=607127"}],"version-history":[{"count":0,"href":"https:\/\/www.europesays.com\/fr\/wp-json\/wp\/v2\/posts\/607127\/revisions"}],"wp:featuredmedia":[{"embeddable":true,"href":"https:\/\/www.europesays.com\/fr\/wp-json\/wp\/v2\/media\/607128"}],"wp:attachment":[{"href":"https:\/\/www.europesays.com\/fr\/wp-json\/wp\/v2\/media?parent=607127"}],"wp:term":[{"taxonomy":"category","embeddable":true,"href":"https:\/\/www.europesays.com\/fr\/wp-json\/wp\/v2\/categories?post=607127"},{"taxonomy":"post_tag","embeddable":true,"href":"https:\/\/www.europesays.com\/fr\/wp-json\/wp\/v2\/tags?post=607127"}],"curies":[{"name":"wp","href":"https:\/\/api.w.org\/{rel}","templated":true}]}}