{"id":607171,"date":"2025-12-18T10:03:13","date_gmt":"2025-12-18T10:03:13","guid":{"rendered":"https:\/\/www.europesays.com\/fr\/607171\/"},"modified":"2025-12-18T10:03:13","modified_gmt":"2025-12-18T10:03:13","slug":"le-gfca-lourdement-sanctionne-par-la-dnacg","status":"publish","type":"post","link":"https:\/\/www.europesays.com\/fr\/607171\/","title":{"rendered":"le GFCA lourdement sanctionn\u00e9 par la DNACG"},"content":{"rendered":"<p class=\"article__intro\">Coup dur pour le GFC Ajaccio. Sur d\u00e9cision de la DNACG, le club ajaccien \u00e9cope d\u2019une amende de 9 000 euros et d\u2019un retrait de trois points au classement. Une sanction que ses dirigeants entendent contester en faisant appel.<\/p>\n<p>\n      L\u2019actu des r\u00e9gions\n    <\/p>\n<p>\n      Chaque jour, un tour d\u2019horizon des principales infos de toutes les r\u00e9gions.\n    <\/p>\n<p>    France T\u00e9l\u00e9visions utilise votre adresse e-mail afin de vous envoyer la newsletter \u00ab\u00a0L\u2019actu des r\u00e9gions\u00a0\u00bb. Vous pouvez vous d\u00e9sinscrire \u00e0 tout moment via le lien en bas de cette newsletter. <a target=\"_blank\" href=\"https:\/\/www.francetelevisions.fr\/groupe\/confidentialite\/politique-de-confidentialite\/politique-de-confidentialite-de-france-televisions-6503\" rel=\"noopener\">Notre politique de confidentialit\u00e9<\/a><\/p>\n<p>Lourde p\u00e9nalit\u00e9 pour le GFCA. Sous la menace d\u2019un point de p\u00e9nalit\u00e9 \u00e0 l\u2019issue de son dernier contr\u00f4le, qui l\u2019avait contraint \u00e0 se s\u00e9parer d\u2019un joueur, le club de volley ajaccien a finalement \u00e9t\u00e9 encore plus s\u00e9v\u00e8rement sanctionn\u00e9 par la DNACG, la direction nationale d&rsquo;aide et de contr\u00f4le de gestion. <\/p>\n<p>L\u2019instance de contr\u00f4le financier a prononc\u00e9 une amende de 9 000 euros assortie d\u2019un retrait de trois points au classement.<\/p>\n<p>En cause, une consommation jug\u00e9e excessive des fonds propres du club et la n\u00e9cessit\u00e9 de constituer un fonds de r\u00e9serve destin\u00e9 \u00e0 renforcer sa solidit\u00e9 financi\u00e8re.<\/p>\n<p>Une d\u00e9cision v\u00e9cue comme particuli\u00e8rement s\u00e9v\u00e8re du c\u00f4t\u00e9 du GFCA. Le tr\u00e9sorier du club, Sylvestre Sammarcelli, d\u00e9nonce une sanction \u00ab\u00a0disproportionn\u00e9e, frappant le plus petit budget de la MSL\u00a0\u00bb, la Marmara SpikeLigue, la premi\u00e8re division du volley masculin en France. <\/p>\n<p>Il souligne \u00e9galement que le club que \u00ab\u00a0le club n\u2019a ni dettes ni retard de salaires\u00a0\u00bb, selon des propos rapport\u00e9s par VolleyActu.<\/p>\n<blockquote class=\"twitter-tweet\" data-media-max-width=\"560\">\n<p dir=\"ltr\" lang=\"fr\">\ud835\uddd4\ud835\udddd\ud835\uddd4\ud835\uddd6\ud835\uddd6\ud835\udddc\ud835\udde2 \ud835\udde6\ud835\uddd4\ud835\udde1\ud835\uddd6\ud835\udde7\ud835\udddc\ud835\udde2\ud835\udde1\ud835\udde1\ud835\uddd8\u0301 ! \u274c<br \/>Sous la menace d\u2019un point de p\u00e9nalit\u00e9 depuis son dernier contr\u00f4le, qui l\u2019avait d\u00e9j\u00e0 forc\u00e9 \u00e0 se s\u00e9parer d\u2019un joueur, le GFCA a cette fois \u00e9t\u00e9 lourdement frapp\u00e9 par la DNACG \ud83e\udd2f<br \/>\ud83d\udc49\ud83c\udffb Amende de 9 000 \u20ac<br \/>\ud83d\udc49\ud83c\udffb Retrait de 3 points au classement\u2026 <a href=\"https:\/\/t.co\/WiJr1kjgLy\">pic.twitter.com\/WiJr1kjgLy<\/a><\/p>\n<p>\u2014 VolleyActu (@VolleyActu) <a href=\"https:\/\/twitter.com\/VolleyActu\/status\/2001323516210131100?ref_src=twsrc%5Etfw\" target=\"_blank\" rel=\"noopener\">December 17, 2025<\/a><\/p><\/blockquote>\n<p>Une d\u00e9cision contre laquelle le GFCA entend faire appel devant le Conseil sup\u00e9rieur.<\/p>\n<p>  <script async src=\"https:\/\/platform.twitter.com\/widgets.js\" charset=\"utf-8\"><\/script><\/p>\n","protected":false},"excerpt":{"rendered":"Coup dur pour le GFC Ajaccio. Sur d\u00e9cision de la DNACG, le club ajaccien \u00e9cope d\u2019une amende de&hellip;\n","protected":false},"author":2,"featured_media":607172,"comment_status":"","ping_status":"","sticky":false,"template":"","format":"standard","meta":{"footnotes":""},"categories":[1417],"tags":[1011,27,60,1470,1469],"class_list":{"0":"post-607171","1":"post","2":"type-post","3":"status-publish","4":"format-standard","5":"has-post-thumbnail","7":"category-volley","8":"tag-fr","9":"tag-france","10":"tag-sports","11":"tag-volley","12":"tag-volleyball"},"share_on_mastodon":{"url":"https:\/\/pubeurope.com\/@fr\/115740004087446761","error":""},"_links":{"self":[{"href":"https:\/\/www.europesays.com\/fr\/wp-json\/wp\/v2\/posts\/607171","targetHints":{"allow":["GET"]}}],"collection":[{"href":"https:\/\/www.europesays.com\/fr\/wp-json\/wp\/v2\/posts"}],"about":[{"href":"https:\/\/www.europesays.com\/fr\/wp-json\/wp\/v2\/types\/post"}],"author":[{"embeddable":true,"href":"https:\/\/www.europesays.com\/fr\/wp-json\/wp\/v2\/users\/2"}],"replies":[{"embeddable":true,"href":"https:\/\/www.europesays.com\/fr\/wp-json\/wp\/v2\/comments?post=607171"}],"version-history":[{"count":0,"href":"https:\/\/www.europesays.com\/fr\/wp-json\/wp\/v2\/posts\/607171\/revisions"}],"wp:featuredmedia":[{"embeddable":true,"href":"https:\/\/www.europesays.com\/fr\/wp-json\/wp\/v2\/media\/607172"}],"wp:attachment":[{"href":"https:\/\/www.europesays.com\/fr\/wp-json\/wp\/v2\/media?parent=607171"}],"wp:term":[{"taxonomy":"category","embeddable":true,"href":"https:\/\/www.europesays.com\/fr\/wp-json\/wp\/v2\/categories?post=607171"},{"taxonomy":"post_tag","embeddable":true,"href":"https:\/\/www.europesays.com\/fr\/wp-json\/wp\/v2\/tags?post=607171"}],"curies":[{"name":"wp","href":"https:\/\/api.w.org\/{rel}","templated":true}]}}