{"id":607173,"date":"2025-12-18T10:04:20","date_gmt":"2025-12-18T10:04:20","guid":{"rendered":"https:\/\/www.europesays.com\/fr\/607173\/"},"modified":"2025-12-18T10:04:20","modified_gmt":"2025-12-18T10:04:20","slug":"le-rc-vannes-cest-le-stade-toulousain-de-la-pro-d2-le-rcv-la-nouvelle-tete-daffiche-du-championnat","status":"publish","type":"post","link":"https:\/\/www.europesays.com\/fr\/607173\/","title":{"rendered":"\u00ab\u00a0Le RC Vannes, c\u2019est le Stade Toulousain de la Pro D2\u00a0\u00bb\u00a0: le RCV, la nouvelle t\u00eate d\u2019affiche du championnat"},"content":{"rendered":"<p>Pro D2 (15e journ\u00e9e). AS B\u00e9ziers &#8211; RC Vannes, ce jeudi (21 h)<\/p>\n<p>Les Vannetais commencent \u00e0 en avoir l\u2019habitude. Pour la 12e fois en 15 journ\u00e9es, ils auront l\u2019honneur du prime time, ce jeudi, \u00e0 B\u00e9ziers. C\u2019est \u00e9norme ! Sur la premi\u00e8re partie de saison, ils ont \u00e9t\u00e9 programm\u00e9s une seule fois en multiplex, contre Valence Romans, les deux rencontres restantes ayant eu le droit \u00e0 l\u2019affiche de 19 h (\u00e0 Aurillac et Carcassonne).<\/p>\n<p><img decoding=\"async\" src=\"https:\/\/www.europesays.com\/fr\/wp-content\/uploads\/2025\/12\/6943a98c8b90497f2d0dce43.1.jpeg\" width=\"480\" height=\"300\" class=\"web_golden_m\" loading=\"lazy\" alt=\"\u00ab\u00a0Le RC Vannes, c\u2019est le Stade Toulousain de la Pro D2\u00a0\u00bb\u00a0: le RCV, la nouvelle t\u00eate d\u2019affiche du championnat\"\/> (Montage Le T\u00e9l\u00e9gramme)<\/p>\n<p>Du jamais vu en Pro D2 ! Et la preuve de la nouvelle dimension prise par le club breton depuis <a href=\"https:\/\/www.letelegramme.fr\/sports\/rugby\/rc-vannes\/vannes-cetait-une-benediction-pour-le-top-14-eric-bayle-patron-du-rugby-sur-canal-voit-le-rcv-sinscrire-dans-la-grande-histoire-du-rugby-francais-6844856.php\" target=\"_blank\" rel=\"nofollow noopener\">sa parenth\u00e8se enchant\u00e9e en Top 14<\/a>. \u00ab Si tu veux \u00e9crire que le <a href=\"https:\/\/www.letelegramme.fr\/sports\/rugby\/rc-vannes\/\" target=\"_blank\" rel=\"nofollow noopener\">RC Vannes<\/a>, c\u2019est le PSG de la Pro D2, ou le Stade Toulousain de la Pro D2, tu peux, confie \u00c9ric Bayle, le patron du rugby sur Canal +. C\u2019est \u00e7a, c\u2019est l\u2019\u00e9quipe phare ! Donc, le programmateur que je suis, il la met partout. On sentait que Valence Romans allait faire tourner donc, j\u2019ai dit : \u00ab l\u00e0, il y a moins affiche phare \u00bb. Et on a quand m\u00eame pas mal de souplesse puisqu\u2019on n\u2019a pas un match, mais trois \u00e0 proposer chaque week-end en d\u00e9cal\u00e9*. Donc \u00e7a fait quand m\u00eame six \u00e9quipes \u00e0 montrer. Mais il est clair que Vannes est aujourd\u2019hui l\u2019\u00e9quipe num\u00e9ro un en termes de programmation sur Canal. C\u2019est indiscutable ! \u00bb<\/p>\n<p>\u00ab Tu t\u2019habitues \u00bb \u00e0 jouer le soir<\/p>\n<p>L\u2019\u00e9quipe \u00e0 la mode est d\u00e9sormais la vitrine d\u2019un championnat de deuxi\u00e8me division qui ne cesse de se d\u00e9velopper et de tenter de gagner encore en visibilit\u00e9. Ainsi, cette saison, trois matchs de Pro D2 ont \u00e9t\u00e9 d\u00e9cal\u00e9s le week-end en prime time, le cr\u00e9neau habituel du Top 14. Et \u00e0 chaque fois, les Morbihannais ont fait partie de la f\u00eate (J1 \u00e0 Brive, J11 <a href=\"https:\/\/www.letelegramme.fr\/sports\/rugby\/rc-vannes\/il-fallait-que-ce-soit-vannes-pourquoi-le-choc-de-pro-d2-rcv-grenoble-a-ete-programme-dimanche-soir-par-canal-6926489.php\" target=\"_blank\" rel=\"nofollow noopener\">contre Grenoble \u00e0 Rennes<\/a> et J17 contre Brive, le samedi 17 janvier).<\/p>\n<p>Un nouveau statut permis par ses r\u00e9sultats sportifs et par l\u2019engouement qu\u2019il suscite aussi bien \u00e0 domicile qu\u2019\u00e0 l\u2019ext\u00e9rieur. \u00c0 la mi-saison, le RCV aura disput\u00e9 autant de matchs \u00e0 21 h que sur l\u2019ensemble de la saison 2023-2024, celle du titre, qui \u00e9tait pourtant, logiquement, son record jusqu\u2019\u00e0 pr\u00e9sent.<\/p>\n<p>\u00ab En fait, tu t\u2019habitues un peu, confie <a href=\"https:\/\/www.letelegramme.fr\/fiches\/rugby\/rc-vannes\/rugby\/matteo-desjeux-69028b1e90114323960b82b2.php\" target=\"_blank\" rel=\"nofollow noopener\">Matt\u00e9o Desjeux<\/a>. Tu as un peu la pression mais au final tu oublies et tu joues le match. Ce qui t\u2019importe, c\u2019est ramener la victoire. \u00bb Et le RC Vannes, leader de Pro D2, le fait bien jusqu\u2019\u00e0 pr\u00e9sent.<\/p>\n<p>Cette habitude peut d\u2019ailleurs \u00eatre b\u00e9n\u00e9fique car jouer en soir\u00e9e, c\u2019est diff\u00e9rent. \u00ab En tant que joueurs, oui, \u00e7a change quelque chose, confirme <a href=\"https:\/\/www.letelegramme.fr\/fiches\/rugby\/rc-vannes\/rugby\/pierre-boudehent-6925e2fdc0c0b8d69a099a6b.php\" target=\"_blank\" rel=\"nofollow noopener\">Pierre Boudehent<\/a>. Les journ\u00e9es sont longues. On se l\u00e8ve assez t\u00f4t pour prendre le petit d\u00e9jeuner. On a des r\u00e9unions dans la journ\u00e9e, des \u00e9chauffements\u2026 Jusqu\u2019\u00e0 21 h (il souffle), il faut \u00eatre patient. Surtout qu\u2019il y a la pression du match, le stress qu\u2019on essaie de mettre de c\u00f4t\u00e9. Par contre, on sait que ces matchs \u00e0 21 h, ce sont des gros matchs qui seront forc\u00e9ment vus par toutes les \u00e9quipes. Donc ils sont galvanisants. \u00bb<\/p>\n<p>Des attentes de jeu mais pas toujours les conditions<\/p>\n<p>Ces rencontres sous les feux de la rampe exhortent les joueurs \u00e0 proposer du spectacle. \u00ab On sait qu\u2019en multiplex, on est un peu dans la masse, on va dire, poursuit le trois-quarts centre vannetais. \u00c0 21 h, on doit \u00e9lever son niveau, c\u2019est s\u00fbr. On le sait tous, int\u00e9rieurement. Mais on ne l\u2019\u00e9voque pas pour \u00e9viter de se mettre une pression suppl\u00e9mentaire. \u00bb<\/p>\n<p>D\u2019autant que les conditions de jeu n\u2019y sont pas toujours propices. \u00ab Quand on joue le soir, le ballon est tr\u00e8s humide, explique <a href=\"https:\/\/www.letelegramme.fr\/fiches\/rugby\/rc-vannes\/rugby\/maxime-lafage-6925dfa2002241138301aad2.php\" target=\"_blank\" rel=\"nofollow noopener\">Maxime Lafage<\/a>. On a eu des matchs avec des bonnes conditions, mais le ballon est tremp\u00e9. Donc forc\u00e9ment, tu joues moins bien au rugby, tu d\u00e9places moins bien le ballon, tu te reconcentres plus sur ta conqu\u00eate, sur des mauls. Alors que l\u2019ann\u00e9e derni\u00e8re \u00e0 16 h 30 (en Top 14), souvent avec du beau temps et un ballon sec, on peut mieux jouer au rugby. \u00bb<\/p>\n<p>En cette p\u00e9riode hivernale, particuli\u00e8rement, il n\u2019est pas toujours \u00e9vident de d\u00e9velopper un rugby spectaculaire. Qu\u2019en sera-t-il ce jeudi \u00e0 B\u00e9ziers ?<\/p>\n<p class=\"tech\">* Jeudi 21 h et vendredi (19 h et 21 h)<\/p>\n","protected":false},"excerpt":{"rendered":"Pro D2 (15e journ\u00e9e). AS B\u00e9ziers &#8211; RC Vannes, ce jeudi (21 h) Les Vannetais commencent \u00e0 en&hellip;\n","protected":false},"author":2,"featured_media":607174,"comment_status":"","ping_status":"","sticky":false,"template":"","format":"standard","meta":{"footnotes":""},"categories":[1416],"tags":[11,1011,27,2308,3164,3167,479,1468,60,3165],"class_list":{"0":"post-607173","1":"post","2":"type-post","3":"status-publish","4":"format-standard","5":"has-post-thumbnail","7":"category-rugby","8":"tag-actualites","9":"tag-fr","10":"tag-france","11":"tag-pro-d2","12":"tag-rc-vannes","13":"tag-rcv","14":"tag-rugby","15":"tag-rugby-football","16":"tag-sports","17":"tag-vannes"},"share_on_mastodon":{"url":"https:\/\/pubeurope.com\/@fr\/115740008725757563","error":""},"_links":{"self":[{"href":"https:\/\/www.europesays.com\/fr\/wp-json\/wp\/v2\/posts\/607173","targetHints":{"allow":["GET"]}}],"collection":[{"href":"https:\/\/www.europesays.com\/fr\/wp-json\/wp\/v2\/posts"}],"about":[{"href":"https:\/\/www.europesays.com\/fr\/wp-json\/wp\/v2\/types\/post"}],"author":[{"embeddable":true,"href":"https:\/\/www.europesays.com\/fr\/wp-json\/wp\/v2\/users\/2"}],"replies":[{"embeddable":true,"href":"https:\/\/www.europesays.com\/fr\/wp-json\/wp\/v2\/comments?post=607173"}],"version-history":[{"count":0,"href":"https:\/\/www.europesays.com\/fr\/wp-json\/wp\/v2\/posts\/607173\/revisions"}],"wp:featuredmedia":[{"embeddable":true,"href":"https:\/\/www.europesays.com\/fr\/wp-json\/wp\/v2\/media\/607174"}],"wp:attachment":[{"href":"https:\/\/www.europesays.com\/fr\/wp-json\/wp\/v2\/media?parent=607173"}],"wp:term":[{"taxonomy":"category","embeddable":true,"href":"https:\/\/www.europesays.com\/fr\/wp-json\/wp\/v2\/categories?post=607173"},{"taxonomy":"post_tag","embeddable":true,"href":"https:\/\/www.europesays.com\/fr\/wp-json\/wp\/v2\/tags?post=607173"}],"curies":[{"name":"wp","href":"https:\/\/api.w.org\/{rel}","templated":true}]}}