{"id":607180,"date":"2025-12-18T10:11:13","date_gmt":"2025-12-18T10:11:13","guid":{"rendered":"https:\/\/www.europesays.com\/fr\/607180\/"},"modified":"2025-12-18T10:11:13","modified_gmt":"2025-12-18T10:11:13","slug":"tucker-genal-influenceur-star-de-tiktok-retrouve-pendu-chez-lui-a-31-ans","status":"publish","type":"post","link":"https:\/\/www.europesays.com\/fr\/607180\/","title":{"rendered":"Tucker Genal, influenceur star de TikTok, retrouv\u00e9 pendu chez lui \u00e0 31 ans"},"content":{"rendered":"<p>C\u2019\u00e9tait un succ\u00e8s port\u00e9 par trois fr\u00e8res. L\u2019un d\u2019entre eux, Tucker Genal, a \u00e9t\u00e9 retrouv\u00e9 pendu \u00e0 son domicile en <a href=\"https:\/\/www.20minutes.fr\/dossier\/californie\" class=\"c-link c-link--is-underlined\" target=\"_blank\" rel=\"noopener\">Californie<\/a>, selon le <a href=\"https:\/\/nypost.com\/2025\/12\/15\/us-news\/beloved-tiktok-star-tucker-genal-dead-at-31-by-suicide\/\" target=\"_blank\" class=\"c-link c-link--is-underlined\" rel=\"noopener\">New York Post<\/a>. Ses fr\u00e8res ont partag\u00e9 leur douleur dans un message publi\u00e9 mardi dernier sur <a href=\"https:\/\/www.instagram.com\/p\/DSTB17GkrRv\/?hl=en&amp;img_index=1\" target=\"_blank\" class=\"c-link c-link--is-underlined\" rel=\"noopener\">Instagram<\/a>. La fratrie s\u2019est rendue c\u00e9l\u00e8bre gr\u00e2ce \u00e0 sa cha\u00eene <a href=\"https:\/\/www.20minutes.fr\/high-tech\/tiktok\/\" class=\"c-link c-link--is-underlined\" target=\"_blank\" rel=\"noopener\">TikTok<\/a> suivie par <a href=\"https:\/\/www.tiktok.com\/@tuckergenal?lang=fr\" target=\"_blank\" class=\"c-link c-link--is-underlined\" rel=\"noopener\">2,6\u00a0millions d\u2019abonn\u00e9s<\/a> dans laquelle Tucker Genal relevait des d\u00e9fis avec ses fr\u00e8res, Carson Genal et Connor Genal, ou tout seul.<\/p>\n<p>\u00ab\u00a0Je ne sais m\u00eame pas par o\u00f9 commencer. Tu \u00e9tais mon meilleur ami et un grand fr\u00e8re encore meilleur, \u00e9crit Carson Genal sur <a href=\"https:\/\/www.20minutes.fr\/high-tech\/instagram\/\" class=\"c-link c-link--is-underlined\" target=\"_blank\" rel=\"noopener\">Instagram<\/a>. Toute ma vie, je t\u2019ai admir\u00e9 et j\u2019ai essay\u00e9 de suivre tes traces, car tu as toujours \u00e9t\u00e9 mon h\u00e9ros. Une chose est s\u00fbre, c\u2019est que je continuerai \u00e0 t\u2019admirer jusqu\u2019\u00e0 la fin de ma vie, jusqu\u2019\u00e0 ce que nous nous retrouvions. Tu \u00e9tais la personne la plus gentille que j\u2019ai jamais rencontr\u00e9e et le meilleur fr\u00e8re que l\u2019on puisse souhaiter avoir.\u00a0\u00bb<\/p>\n<\/p>\n<p>Le message a beaucoup \u00e9mu les abonn\u00e9s qui ont apport\u00e9 leur soutien aux deux fr\u00e8res endeuill\u00e9s\u00a0: \u00ab\u00a0Je suis sans voix\u00a0! Je vous envoie tout mon amour et mes pri\u00e8res\u00a0\u00bb\u00a0; \u00ab\u00a0Toutes mes condol\u00e9ances, Carson\u00a0! Je vous envoie tout mon amour, \u00e0 vous et \u00e0 votre famille\u00a0!\u00a0\u00bb\u00a0; \u00ab\u00a0Repose en paix. Je vous envoie tout mon amour et mes pri\u00e8res.\u00a0\u00bb Carson Genal demande par ailleurs le respect de leur vie priv\u00e9e.<\/p>\n<p><script async src=\"\/\/www.instagram.com\/embed.js\"><\/script><script async src=\"\/\/www.tiktok.com\/embed.js\"><\/script><\/p>\n","protected":false},"excerpt":{"rendered":"C\u2019\u00e9tait un succ\u00e8s port\u00e9 par trois fr\u00e8res. L\u2019un d\u2019entre eux, Tucker Genal, a \u00e9t\u00e9 retrouv\u00e9 pendu \u00e0 son&hellip;\n","protected":false},"author":2,"featured_media":607181,"comment_status":"","ping_status":"","sticky":false,"template":"","format":"standard","meta":{"footnotes":""},"categories":[1359],"tags":[47,2139,3983,58,59,73,1011,27,2438,973,104,5748,2439],"class_list":{"0":"post-607180","1":"post","2":"type-post","3":"status-publish","4":"format-standard","5":"has-post-thumbnail","7":"category-people","8":"tag-actualite","9":"tag-californie","10":"tag-deces","11":"tag-divertissement","12":"tag-entertainment","13":"tag-etats-unis","14":"tag-fr","15":"tag-france","16":"tag-influenceur","17":"tag-people","18":"tag-societe","19":"tag-suicide","20":"tag-tiktok"},"share_on_mastodon":{"url":"https:\/\/pubeurope.com\/@fr\/115740035407303044","error":""},"_links":{"self":[{"href":"https:\/\/www.europesays.com\/fr\/wp-json\/wp\/v2\/posts\/607180","targetHints":{"allow":["GET"]}}],"collection":[{"href":"https:\/\/www.europesays.com\/fr\/wp-json\/wp\/v2\/posts"}],"about":[{"href":"https:\/\/www.europesays.com\/fr\/wp-json\/wp\/v2\/types\/post"}],"author":[{"embeddable":true,"href":"https:\/\/www.europesays.com\/fr\/wp-json\/wp\/v2\/users\/2"}],"replies":[{"embeddable":true,"href":"https:\/\/www.europesays.com\/fr\/wp-json\/wp\/v2\/comments?post=607180"}],"version-history":[{"count":0,"href":"https:\/\/www.europesays.com\/fr\/wp-json\/wp\/v2\/posts\/607180\/revisions"}],"wp:featuredmedia":[{"embeddable":true,"href":"https:\/\/www.europesays.com\/fr\/wp-json\/wp\/v2\/media\/607181"}],"wp:attachment":[{"href":"https:\/\/www.europesays.com\/fr\/wp-json\/wp\/v2\/media?parent=607180"}],"wp:term":[{"taxonomy":"category","embeddable":true,"href":"https:\/\/www.europesays.com\/fr\/wp-json\/wp\/v2\/categories?post=607180"},{"taxonomy":"post_tag","embeddable":true,"href":"https:\/\/www.europesays.com\/fr\/wp-json\/wp\/v2\/tags?post=607180"}],"curies":[{"name":"wp","href":"https:\/\/api.w.org\/{rel}","templated":true}]}}