{"id":607184,"date":"2025-12-18T10:14:18","date_gmt":"2025-12-18T10:14:18","guid":{"rendered":"https:\/\/www.europesays.com\/fr\/607184\/"},"modified":"2025-12-18T10:14:18","modified_gmt":"2025-12-18T10:14:18","slug":"stephane-bern-candidat-de-dals-sur-tf1-quen-pense-france-televisions","status":"publish","type":"post","link":"https:\/\/www.europesays.com\/fr\/607184\/","title":{"rendered":"St\u00e9phane Bern, candidat de DALS\u00a0sur TF1\u00a0: qu&rsquo;en pense France T\u00e9l\u00e9visions\u00a0?"},"content":{"rendered":"<p>            <a href=\"https:\/\/www.journaldesfemmes.fr\/people\/magazine\/3250584-infos-actu-people-france-decembre-carole-rousseau-sarkozy-shym\/3250808-booder\" class=\"app_button_nav_prev jMiddlePreviousButton\" target=\"_blank\" rel=\"noopener\"><\/a><a href=\"https:\/\/www.journaldesfemmes.fr\/people\/magazine\/3250584-infos-actu-people-france-decembre-carole-rousseau-sarkozy-shym\/3250975-julie-pietri\" class=\"app_button_nav_next jMiddleNextButton\" target=\"_blank\" rel=\"noopener\"><\/a><\/p>\n<p>                <img loading=\"lazy\" decoding=\"async\" src=\"https:\/\/www.europesays.com\/fr\/wp-content\/uploads\/2025\/12\/40059647.jpeg\" alt=\"\" width=\"250\" height=\"458\"\/><br \/>\n            <a href=\"https:\/\/img-3.journaldesfemmes.fr\/az2XAFb9YXm_6aQ2CMQMmBUMscs=\/638x\/smart\/52144d599d09407fbf3d972dd51cc8e7\/ccmcms-jdf\/40059647.jpeg\" class=\"fancy app_btn_1 app_btn--ico\" target=\"_blank\" rel=\"noopener\"><\/a>St\u00e9phane Bern \u00a9\u00a0Bony\/SIPA    <\/p>\n<p><strong>Indiff\u00e9rence<\/strong>. Animateur embl\u00e9matique du service public, St\u00e9phane Bern fait partie des prochains candidats de Danse Avec Les Stars sur TF1\u00a0mais cela n&rsquo;a pas sembl\u00e9 poser probl\u00e8me \u00e0 France T\u00e9l\u00e9visions\u00a0! \u00ab\u00a0\u00c7a les a peut-\u00eatre un peu \u00e9tonn\u00e9s. J&rsquo;ai dit que c&rsquo;\u00e9tait une incursion de quelques semaines et que je vais continuer \u00e0 faire mes \u00e9missions (&#8230;) Je suis tr\u00e8s attach\u00e9 au service public et je ne pense pas qu&rsquo;il y ait de concurrence avec ce que je fais\u00a0\u00bb, a confi\u00e9 le pr\u00e9sentateur de 62\u00a0ans \u00e0 T\u00e9l\u00e9-Loisirs.<\/p>\n","protected":false},"excerpt":{"rendered":"St\u00e9phane Bern \u00a9\u00a0Bony\/SIPA Indiff\u00e9rence. Animateur embl\u00e9matique du service public, St\u00e9phane Bern fait partie des prochains candidats de Danse&hellip;\n","protected":false},"author":2,"featured_media":607185,"comment_status":"","ping_status":"","sticky":false,"template":"","format":"standard","meta":{"footnotes":""},"categories":[1356],"tags":[71863,51761,58,59,52292,1011,27,51766,1031,252,1364],"class_list":{"0":"post-607184","1":"post","2":"type-post","3":"status-publish","4":"format-standard","5":"has-post-thumbnail","7":"category-television","8":"tag-cms-journaldesfemmes-3250973","9":"tag-controller-content","10":"tag-divertissement","11":"tag-entertainment","12":"tag-format-reportage","13":"tag-fr","14":"tag-france","15":"tag-les-histoires-du-jdf","16":"tag-magazine","17":"tag-television","18":"tag-tv"},"share_on_mastodon":{"url":"https:\/\/pubeurope.com\/@fr\/115740047880111122","error":""},"_links":{"self":[{"href":"https:\/\/www.europesays.com\/fr\/wp-json\/wp\/v2\/posts\/607184","targetHints":{"allow":["GET"]}}],"collection":[{"href":"https:\/\/www.europesays.com\/fr\/wp-json\/wp\/v2\/posts"}],"about":[{"href":"https:\/\/www.europesays.com\/fr\/wp-json\/wp\/v2\/types\/post"}],"author":[{"embeddable":true,"href":"https:\/\/www.europesays.com\/fr\/wp-json\/wp\/v2\/users\/2"}],"replies":[{"embeddable":true,"href":"https:\/\/www.europesays.com\/fr\/wp-json\/wp\/v2\/comments?post=607184"}],"version-history":[{"count":0,"href":"https:\/\/www.europesays.com\/fr\/wp-json\/wp\/v2\/posts\/607184\/revisions"}],"wp:featuredmedia":[{"embeddable":true,"href":"https:\/\/www.europesays.com\/fr\/wp-json\/wp\/v2\/media\/607185"}],"wp:attachment":[{"href":"https:\/\/www.europesays.com\/fr\/wp-json\/wp\/v2\/media?parent=607184"}],"wp:term":[{"taxonomy":"category","embeddable":true,"href":"https:\/\/www.europesays.com\/fr\/wp-json\/wp\/v2\/categories?post=607184"},{"taxonomy":"post_tag","embeddable":true,"href":"https:\/\/www.europesays.com\/fr\/wp-json\/wp\/v2\/tags?post=607184"}],"curies":[{"name":"wp","href":"https:\/\/api.w.org\/{rel}","templated":true}]}}