{"id":607195,"date":"2025-12-18T10:20:13","date_gmt":"2025-12-18T10:20:13","guid":{"rendered":"https:\/\/www.europesays.com\/fr\/607195\/"},"modified":"2025-12-18T10:20:13","modified_gmt":"2025-12-18T10:20:13","slug":"google-pixel-10-la-mise-a-jour-graphique-arrive-enfin-frandroid","status":"publish","type":"post","link":"https:\/\/www.europesays.com\/fr\/607195\/","title":{"rendered":"Google Pixel 10 : la mise \u00e0 jour graphique arrive enfin &#8211; Frandroid"},"content":{"rendered":"<ol>\n<li><a href=\"https:\/\/news.google.com\/rss\/articles\/CBMitgFBVV95cUxOd3Q2XzhmVC02S2ROUk04UjVrRzEzQTlXcmU2NVdINkVSSTVqUkpSQmlHZzNzbFo0V2RGMThDM21acDlqQjdWZmpHVUpwckp2cmtobDJwZXg5VVljZFcxcWx5QVNrUVVDSkthNWRqUWdyRVZncDZxX3dxaEZvbGNzaHUwVEoyeFhGamM2VFdHTmd4Rk8weW9LclJfbTRyUVdhVGZJcmloZGdQTzJwOVlzSEhKdmJKZw?oc=5\" target=\"_blank\" rel=\"noopener\">Google Pixel 10 : la mise \u00e0 jour graphique arrive enfin<\/a>&nbsp;&nbsp;Frandroid<\/li>\n<li><a href=\"https:\/\/news.google.com\/rss\/articles\/CBMi4gFBVV95cUxNS0dSWjdTbE9PMWwzWHA1SHBaSE1jSkNySXRrX2VWdEZ6MkZJYy0xS2NPcndiRU8tYm5rRm5sTXhHemNudFBqOVpqcmVnUnFPYVdlNENKWXp4NVNEN3ZXMXFrSmNWd2kzcmhrdjJlVTI4Q1FJTDJnNk5qVEZqN0VnZTNzTnNRLXBSUF9DZ21yUWZDRFBBU1lwSmNYVTVMSE1wSHVDOHFFcC00Q0x4aTNhNDByN3NzMk5ZNXp5M1NBSl9ZQUNHOUFCSENWeDNUWWZHcjNtMkpZa28tLUdzN1ViT2ZB?oc=5\" target=\"_blank\" rel=\"noopener\">Android 16 : les Pixel gagnent une fonction essentielle que l&rsquo;iPhone propose depuis 2016<\/a>&nbsp;&nbsp;Les Num\u00e9riques<\/li>\n<li><a href=\"https:\/\/news.google.com\/rss\/articles\/CBMihwFBVV95cUxNYWt2Tnk4NEpMWTg3SmlfSU5GcEJTX282TjU2QWtxN2l5YTN5VFBuZmVmUGY0eDVvd05TY0hpU0EzRnFOVlplQTB4VEYxcWIxVHl3Ty1Qd0JtT01XcWtQeUVmTzhJeWhMQ0NBSWU5N1hLc0YtYUQ4Y09TbzVBNHF1Q3ZMd1N6Z00?oc=5\" target=\"_blank\" rel=\"noopener\">Android 16 QPR3 : voici les 5 premi\u00e8res nouveaut\u00e9s<\/a>&nbsp;&nbsp;01net.com<\/li>\n<li><a href=\"https:\/\/news.google.com\/rss\/articles\/CBMisgFBVV95cUxNTnFONXBVNzRuQkx1VVRiVkJTRjlqZzY2T3dFNnd1dzhZWVF3bG9sV1RlcDZZV052bUtQOF93bktVQmZIc3dFZVV5Y1ZLcWxtZUZRRVc2eHlfVHZLX0RMbWkwb1pOMG5oalVmX19WcTkzLTlBOGJ1YWVVN1Z2N1VxTEVjVUk5MDZyV1NLT3ZvY0t3S3dyOS1pTzBFazF2blBwTlNfdm9oaEk1OUFBa0hLbWlR?oc=5\" target=\"_blank\" rel=\"noopener\">Blocages, alertes, arnaques : Android 16 r\u00e9volutionne votre s\u00e9curit\u00e9<\/a>&nbsp;&nbsp;Android MT<\/li>\n<li><a href=\"https:\/\/news.google.com\/rss\/articles\/CBMi5AFBVV95cUxOSkRPWmV6UWFYaU9DeHRMSVZrMXJOMWp5cWVHaFNTYlgyTURxeC1qTGdOU1ZDS1ZjWEtweTF2ZC1tTVotX0N4ZUlLSEFGYm9sRVFRaVMtNlgwMnkwaHlWNDlqYVluR1hoZEk5Zjk4cnBXV2VlVklZOFYwdGNGUkNySE1tbnEtZHdzLU9kdVluWVNwTlBQYjEtMjVIT0E2Rm5KcGZySUd3cWxvYVlUd1lCV1U5eEo2cGRLR0FzWUtRNkQ2UWFzTm9La282dTh0UEhUWkJ1ZmdSOERZbkQ1X2dkVVN2OW8?oc=5\" target=\"_blank\" rel=\"noopener\">Google ajoute sept nouvelles fonctionnalit\u00e9s d&rsquo;accessibilit\u00e9, de s\u00e9curit\u00e9 et de productivit\u00e9 \u00e0 Android<\/a>&nbsp;&nbsp;Comparatel.fr<\/li>\n<\/ol>\n","protected":false},"excerpt":{"rendered":"Google Pixel 10 : la mise \u00e0 jour graphique arrive enfin&nbsp;&nbsp;Frandroid Android 16 : les Pixel gagnent une&hellip;\n","protected":false},"author":2,"featured_media":356659,"comment_status":"","ping_status":"","sticky":false,"template":"","format":"standard","meta":{"footnotes":""},"categories":[7],"tags":[270,1011,27,6707,43,40,41,39,42,44],"class_list":{"0":"post-607195","1":"post","2":"type-post","3":"status-publish","4":"format-standard","5":"has-post-thumbnail","7":"category-sciences-et-technologies","8":"tag-breaking","9":"tag-fr","10":"tag-france","11":"tag-google-pixel-10","12":"tag-science","13":"tag-science-and-technology","14":"tag-sciences","15":"tag-sciences-et-technologies","16":"tag-technologies","17":"tag-technology"},"share_on_mastodon":{"url":"https:\/\/pubeurope.com\/@fr\/115740070756604209","error":""},"_links":{"self":[{"href":"https:\/\/www.europesays.com\/fr\/wp-json\/wp\/v2\/posts\/607195","targetHints":{"allow":["GET"]}}],"collection":[{"href":"https:\/\/www.europesays.com\/fr\/wp-json\/wp\/v2\/posts"}],"about":[{"href":"https:\/\/www.europesays.com\/fr\/wp-json\/wp\/v2\/types\/post"}],"author":[{"embeddable":true,"href":"https:\/\/www.europesays.com\/fr\/wp-json\/wp\/v2\/users\/2"}],"replies":[{"embeddable":true,"href":"https:\/\/www.europesays.com\/fr\/wp-json\/wp\/v2\/comments?post=607195"}],"version-history":[{"count":0,"href":"https:\/\/www.europesays.com\/fr\/wp-json\/wp\/v2\/posts\/607195\/revisions"}],"wp:featuredmedia":[{"embeddable":true,"href":"https:\/\/www.europesays.com\/fr\/wp-json\/wp\/v2\/media\/356659"}],"wp:attachment":[{"href":"https:\/\/www.europesays.com\/fr\/wp-json\/wp\/v2\/media?parent=607195"}],"wp:term":[{"taxonomy":"category","embeddable":true,"href":"https:\/\/www.europesays.com\/fr\/wp-json\/wp\/v2\/categories?post=607195"},{"taxonomy":"post_tag","embeddable":true,"href":"https:\/\/www.europesays.com\/fr\/wp-json\/wp\/v2\/tags?post=607195"}],"curies":[{"name":"wp","href":"https:\/\/api.w.org\/{rel}","templated":true}]}}