{"id":607198,"date":"2025-12-18T10:22:12","date_gmt":"2025-12-18T10:22:12","guid":{"rendered":"https:\/\/www.europesays.com\/fr\/607198\/"},"modified":"2025-12-18T10:22:12","modified_gmt":"2025-12-18T10:22:12","slug":"trump-se-moque-de-ses-predecesseurs-sur-des-plaques-historiques","status":"publish","type":"post","link":"https:\/\/www.europesays.com\/fr\/607198\/","title":{"rendered":"Trump se moque de ses pr\u00e9d\u00e9cesseurs sur des plaques \u00ab historiques \u00bb"},"content":{"rendered":"<p>Un \u00ab\u00a0walk of fame\u00a0\u00bb qui ressemble davantage \u00e0 un \u00ab\u00a0walk of shame\u00a0\u00bb (c\u00e9l\u00e9brit\u00e9\/honte). En septembre, <a href=\"https:\/\/www.parismatch.com\/bio\/donald-trump\" target=\"_blank\" rel=\"noopener\">Donald Trump<\/a> a transform\u00e9 la roseraie de <a href=\"https:\/\/www.parismatch.com\/bio\/jacqueline-kennedy-onassis\" target=\"_blank\" rel=\"noopener\">Jackie Kennedy<\/a>, un petit morceau de jardin fleuri sur lequel donne le Bureau Ovale, en <a href=\"https:\/\/www.parismatch.com\/actu\/international\/donald-trump-joue-les-chauffeurs-de-salle-pour-linauguration-de-sa-nouvelle-roseraie-256650\" target=\"_blank\" rel=\"noopener\">une cour pav\u00e9e<\/a>. \u00c0 cette occasion, le R\u00e9publicain avait fait installer <a href=\"https:\/\/www.parismatch.com\/actu\/international\/qui-depense-200-millions-de-dollars-dans-sa-maison-pour-ensuite-en-partir-trump-et-la-folie-des-grandeurs-257726\" target=\"_blank\" rel=\"noopener\">une \u00ab\u00a0All\u00e9e pr\u00e9sidentielle de la c\u00e9l\u00e9brit\u00e9\u00a0\u00bb<\/a> sous les colonnades, avec les visages des 47 pr\u00e9sidents des <a href=\"https:\/\/www.parismatch.com\/dossiers\/etats-unis\" target=\"_blank\" rel=\"noopener\">\u00c9tats-Unis<\/a> ou plut\u00f4t de 46 d\u2019entre eux.<\/p>\n<p>L\u2019\u00e9poux de <a href=\"https:\/\/www.parismatch.com\/bio\/melania-trump\" target=\"_blank\" rel=\"noopener\">Melania Trump<\/a> avait, en effet, remplac\u00e9 le portrait de <a href=\"https:\/\/www.parismatch.com\/bio\/joe-biden\" target=\"_blank\" rel=\"noopener\">Joe Biden<\/a> par une photo de <a href=\"https:\/\/www.parismatch.com\/actu\/international\/donald-trump-remplace-joe-biden-par-un-stylo-dans-sa-galerie-de-portraits-des-presidents-257572\" target=\"_blank\" rel=\"noopener\">sa signature au bout d\u2019un \u00ab\u00a0autopen\u00a0\u00bb<\/a>, soit une machine \u00e0 signer ou automate servant \u00e0 reproduire la signature de quelqu\u2019un. Une \u00ab\u00a0blague\u00a0\u00bb qui fait r\u00e9f\u00e9rence \u00e0 la th\u00e9orie lanc\u00e9e par le clan Trump selon laquelle bon nombre de d\u00e9crets d\u00e9cid\u00e9s par le d\u00e9mocrate auraient en r\u00e9alit\u00e9 \u00e9t\u00e9 sign\u00e9s par d\u2019autres personnes avec cet outil, dans le but de dissimuler <a href=\"https:\/\/www.parismatch.com\/actu\/international\/trump-ordonne-une-enquete-sur-la-sante-en-declin-de-biden-qui-lui-repond-252347\" target=\"_blank\" rel=\"noopener\">son \u00ab\u00a0d\u00e9clin cognitif\u00a0\u00bb<\/a>.<\/p>\n<p>    La suite apr\u00e8s cette publicit\u00e9<\/p>\n<p>\u00ab\u00a0L\u2019une des figures les plus controvers\u00e9es\u00a0\u00bb<\/p>\n<p>Trois mois plus tard, le portrait de Joe Biden n\u2019a toujours pas \u00e9t\u00e9 remplac\u00e9 et Donald Trump a \u00e9t\u00e9 encore plus loin dans la provocation. Le pr\u00e9sident a fait ajouter des plaques comm\u00e9moratives en dessous de chacun des cadres et \u00e9crit \u00ab\u00a0lui-m\u00eame\u00a0\u00bb quelques lignes sur le mandat de chacun de ses pr\u00e9d\u00e9cesseurs (et les siens). Des textes plus personnels &#8211; et diffamants &#8211; qu\u2019historiques.<\/p>\n<p>    La suite apr\u00e8s cette publicit\u00e9<\/p>\n<p>Le 44e pr\u00e9sident est ainsi pr\u00e9sent\u00e9 de son nom complet, souvent utilis\u00e9 de mani\u00e8re p\u00e9jorative dans les milieux de droite\u00a0: \u00ab\u00a0<a href=\"https:\/\/www.parismatch.com\/bio\/barack-obama\" target=\"_blank\" rel=\"noopener\">Barack Hussein Obama<\/a>\u00a0\u00bb. Il a \u00e9t\u00e9 \u00ab\u00a0le premier pr\u00e9sident noir\u00a0\u00bb, \u00e9crit le R\u00e9publicain, mais surtout \u00ab\u00a0un organisateur communautaire\u00a0\u00bb et \u00ab\u00a0l\u2019une des figures politiques les plus controvers\u00e9es de l\u2019histoire am\u00e9ricaine\u00a0\u00bb, qui a \u00ab\u00a0espionn\u00e9 la campagne pr\u00e9sidentielle de Donald J. Trump en 2016 et pr\u00e9sid\u00e9 la cr\u00e9ation du canular \u201c<a href=\"https:\/\/www.parismatch.com\/Actu\/International\/Donald-Trump-accuse-sans-preuve-Barack-Obama-de-trahison-1690862\" target=\"_blank\" rel=\"noopener\">Russie, Russie, Russie<\/a>\u201d, le pire scandale politique de l\u2019histoire am\u00e9ricaine\u00a0\u00bb.<\/p>\n<p>Trump accuse aussi Obama, sur cette plaque visible de tous les visiteurs de <a href=\"https:\/\/www.parismatch.com\/actu\/international\/lempire-du-bling-a-la-maison-blanche-donald-trump-jure-quil-utilise-du-vrai-or-257765\" target=\"_blank\" rel=\"noopener\">la Maison-Blanche<\/a>, d\u2019\u00eatre \u00e0 l\u2019origine d\u2019une \u00ab\u00a0loi sur les soins de sant\u00e9 inabordable et totalement inefficace\u00a0\u00bb (<a href=\"https:\/\/www.parismatch.com\/Actu\/International\/Aux-Etats-Unis-Obamacare-resiste-au-travail-de-sape-de-Trump-1523327\" target=\"_blank\" rel=\"noopener\">l\u2019Obamacare<\/a>) et d\u2019avoir \u00ab\u00a0pr\u00e9sid\u00e9 \u00e0 une \u00e9conomie stagnante, approuv\u00e9 le terrible accord nucl\u00e9aire iranien et sign\u00e9 les accords unilat\u00e9raux de Paris sur le climat, deux accords qui ont ensuite \u00e9t\u00e9 d\u00e9nonc\u00e9s par le pr\u00e9sident Donald J. Trump\u00a0\u00bb.<\/p>\n<p>    La suite apr\u00e8s cette publicit\u00e9<\/p>\n<p>    La suite apr\u00e8s cette publicit\u00e9<\/p>\n<p>\u00ab\u00a0Le pire pr\u00e9sident de l\u2019histoire\u00a0\u00bb<\/p>\n<p>Le 46e pr\u00e9sident est, lui, pr\u00e9sent\u00e9 comme suit\u00a0: \u00ab\u00a0Joe Biden l\u2019endormi (\u201cSleepy Joe\u201d) a \u00e9t\u00e9, de loin, le pire pr\u00e9sident de l\u2019histoire am\u00e9ricaine. Il a pris ses fonctions \u00e0 la suite de <a href=\"https:\/\/www.parismatch.com\/Actu\/International\/Je-suis-le-putain-de-president-Donald-Trump-a-tente-de-rejoindre-les-emeutiers-du-Capitole-1814854\" target=\"_blank\" rel=\"noopener\">l\u2019\u00e9lection la plus corrompue jamais vue aux \u00c9tats-Unis<\/a> [\u2026 et] a supervis\u00e9 une s\u00e9rie de catastrophes sans pr\u00e9c\u00e9dent qui ont men\u00e9 notre nation au bord de la destruction.\u00a0\u00bb<\/p>\n<p>Le texte d\u00e9plore ensuite le bilan \u00e9conomique du d\u00e9mocrate, sa politique climatique, son approche de l\u2019immigration et sa politique \u00e9trang\u00e8re, notamment <a href=\"https:\/\/www.parismatch.com\/actu\/international\/lidentite-de-lassaillant-qui-a-tire-sur-deux-soldats-a-washington-au-coeur-dun-tres-vif-debat-260735\" target=\"_blank\" rel=\"noopener\">le retrait des troupes am\u00e9ricaines d\u2019Afghanistan<\/a> (\u00ab\u00a0l\u2019un des \u00e9v\u00e9nements les plus humiliants de l\u2019histoire am\u00e9ricaine\u00a0\u00bb). Il affirme \u00e9galement que c\u2019\u00e9tait \u00e0 cause de la \u00ab\u00a0faiblesse\u00a0\u00bb de Biden que <a href=\"https:\/\/www.parismatch.com\/dossiers\/guerre-en-ukraine\" target=\"_blank\" rel=\"noopener\">la Russie a envahi l\u2019Ukraine<\/a> et que \u00ab\u00a0les terroristes du Hamas ont perp\u00e9tr\u00e9 <a href=\"https:\/\/www.parismatch.com\/actu\/international\/israel-le-sacrifice-des-guetteuses-du-7-octobre-242335\" target=\"_blank\" rel=\"noopener\">l\u2019odieux attentat du 7\u00a0octobre<\/a> contre Isra\u00ebl\u00a0\u00bb.<\/p>\n<p>La plaque mentionne \u00e9galement ce que Donald Trump appelle le \u00ab\u00a0grave d\u00e9clin mental\u00a0\u00bb de Biden, et son \u00ab\u00a0utilisation sans pr\u00e9c\u00e9dent de l\u2019Autopen\u00a0\u00bb.<\/p>\n<p>\u00ab\u00a0Le meilleur est \u00e0 venir\u00a0\u00bb<\/p>\n<p>Quand aux plaques sur l\u2019actuel <a href=\"https:\/\/www.parismatch.com\/actu\/international\/qui-depense-200-millions-de-dollars-dans-sa-maison-pour-ensuite-en-partir-trump-et-la-folie-des-grandeurs-257726\" target=\"_blank\" rel=\"noopener\">locataire de la Maison-Blanche<\/a>, celles-ci sont, sans surprise, une suite de louanges. La premi\u00e8re indique ainsi que, durant son premier mandat, Donald Trump a \u00ab\u00a0sign\u00e9 les plus importantes r\u00e9ductions d\u2019imp\u00f4ts de l\u2019histoire, b\u00e2ti une \u00e9conomie florissante, supprim\u00e9 un nombre record de r\u00e9glementations f\u00e9d\u00e9rales, reconstruit l\u2019arm\u00e9e am\u00e9ricaine, mis fin \u00e0 l\u2019accord sur le nucl\u00e9aire iranien et aux accords de Paris sur le climat, mis fin au d\u00e9sastre de l\u2019ALENA, d\u00e9truit le califat de l\u2019EI, sign\u00e9 les <a href=\"https:\/\/www.parismatch.com\/actu\/international\/le-prix-nobel-de-la-paix-se-joue-t-il-en-alaska-donald-trump-y-croit-dur-comme-fer-et-fait-tout-pour-255624\" target=\"_blank\" rel=\"noopener\">accords historiques d\u2019Abraham<\/a> et cr\u00e9\u00e9 la plus grande \u00e9conomie de l\u2019histoire du monde\u00a0\u00bb.<\/p>\n<p>La seconde met, elle, en avant <a href=\"https:\/\/www.parismatch.com\/actu\/economie\/droits-de-douane-vent-de-panique-sur-les-bourses-mondiales-249776\" target=\"_blank\" rel=\"noopener\">les tarifs douaniers exorbitants<\/a> mis en place par Donald Trump, ses \u00ab<a href=\"https:\/\/www.parismatch.com\/actu\/international\/donald-trump-sans-limite-sur-limmigration-la-somalie-est-un-pays-de-merde-immonde-sale-261445\" target=\"_blank\" rel=\"noopener\">\u00a0politiques d\u2019immigration intransigeantes<\/a>\u00a0\u00bb et affirme qu\u2019il a \u00ab\u00a0supprim\u00e9 la th\u00e9orie critique de la race et la folie transgenre des \u00e9coles publiques, et interdit aux hommes de participer aux comp\u00e9titions sportives f\u00e9minines\u00a0\u00bb. \u00ab\u00a0Il a lanc\u00e9 la construction du D\u00f4me d\u2019or, le bouclier antimissile qui prot\u00e8ge le golfe du Mexique, l\u2019a rebaptis\u00e9 golfe d\u2019Am\u00e9rique et a fait construire, ici m\u00eame \u00e0 la Maison Blanche,<a href=\"https:\/\/www.parismatch.com\/actu\/international\/frustre-par-les-limites-fixees-donald-trump-limoge-larchitecte-en-charge-de-sa-salle-de-bal-261170\" target=\"_blank\" rel=\"noopener\"> la magnifique salle de bal pr\u00e9sidentielle Trump<\/a> apr\u00e8s 225\u00a0ans d\u2019attente, peut-on lire. Mais LE MEILLEUR EST \u00c0 VENIR\u00a0!\u00a0\u00bb<\/p>\n","protected":false},"excerpt":{"rendered":"Un \u00ab\u00a0walk of fame\u00a0\u00bb qui ressemble davantage \u00e0 un \u00ab\u00a0walk of shame\u00a0\u00bb (c\u00e9l\u00e9brit\u00e9\/honte). En septembre, Donald Trump a&hellip;\n","protected":false},"author":2,"featured_media":607199,"comment_status":"","ping_status":"","sticky":false,"template":"","format":"standard","meta":{"footnotes":""},"categories":[5],"tags":[11,1011,27,14,12,28],"class_list":{"0":"post-607198","1":"post","2":"type-post","3":"status-publish","4":"format-standard","5":"has-post-thumbnail","7":"category-international","8":"tag-actualites","9":"tag-fr","10":"tag-france","11":"tag-international","12":"tag-news","13":"tag-world"},"share_on_mastodon":{"url":"https:\/\/pubeurope.com\/@fr\/115740078483026158","error":""},"_links":{"self":[{"href":"https:\/\/www.europesays.com\/fr\/wp-json\/wp\/v2\/posts\/607198","targetHints":{"allow":["GET"]}}],"collection":[{"href":"https:\/\/www.europesays.com\/fr\/wp-json\/wp\/v2\/posts"}],"about":[{"href":"https:\/\/www.europesays.com\/fr\/wp-json\/wp\/v2\/types\/post"}],"author":[{"embeddable":true,"href":"https:\/\/www.europesays.com\/fr\/wp-json\/wp\/v2\/users\/2"}],"replies":[{"embeddable":true,"href":"https:\/\/www.europesays.com\/fr\/wp-json\/wp\/v2\/comments?post=607198"}],"version-history":[{"count":0,"href":"https:\/\/www.europesays.com\/fr\/wp-json\/wp\/v2\/posts\/607198\/revisions"}],"wp:featuredmedia":[{"embeddable":true,"href":"https:\/\/www.europesays.com\/fr\/wp-json\/wp\/v2\/media\/607199"}],"wp:attachment":[{"href":"https:\/\/www.europesays.com\/fr\/wp-json\/wp\/v2\/media?parent=607198"}],"wp:term":[{"taxonomy":"category","embeddable":true,"href":"https:\/\/www.europesays.com\/fr\/wp-json\/wp\/v2\/categories?post=607198"},{"taxonomy":"post_tag","embeddable":true,"href":"https:\/\/www.europesays.com\/fr\/wp-json\/wp\/v2\/tags?post=607198"}],"curies":[{"name":"wp","href":"https:\/\/api.w.org\/{rel}","templated":true}]}}