{"id":607210,"date":"2025-12-18T10:32:20","date_gmt":"2025-12-18T10:32:20","guid":{"rendered":"https:\/\/www.europesays.com\/fr\/607210\/"},"modified":"2025-12-18T10:32:20","modified_gmt":"2025-12-18T10:32:20","slug":"le-club-de-toulon-sort-du-silence","status":"publish","type":"post","link":"https:\/\/www.europesays.com\/fr\/607210\/","title":{"rendered":"le club de Toulon sort du silence"},"content":{"rendered":"<p>                    Par<br \/>\n        <strong><br \/>\n            <a href=\"https:\/\/actu.fr\/auteur\/clement-mazella\" title=\"Consulter tous les articles de Cl\u00e9ment Mazella\" target=\"_blank\" rel=\"noopener\">Cl\u00e9ment Mazella<\/a><br \/>\n                    <\/strong><\/p>\n<p>        Publi\u00e9 le<\/p>\n<p>            18 d\u00e9c. 2025 \u00e0 10h21        <\/p>\n<p>Dans un communiqu\u00e9 laconique, le club de <a href=\"https:\/\/actu.fr\/tag\/rct-rugby-club-toulonnais\" target=\"_blank\" rel=\"noopener\">Toulon<\/a> indique \u00ab\u00a0prendre acte\u00a0\u00bb de <strong>la mise en examen de C\u00e9dric Abellon<\/strong>, le lanceur du Pilou Pilou.<\/p>\n<p class=\" wall-content\">Le RCT ne fait aucun autre commentaire sur la situation dans \u00ab\u00a0l\u2019attente des conclusions de l\u2019enqu\u00eate en cours\u00a0\u00bb.<\/p>\n<p>Une solution transitoire au Pilou Pilou<\/p>\n<p class=\" wall-content\">Les dirigeants de Toulon, \u00ab\u00a0en tenant compte de la gravit\u00e9 des faits reproch\u00e9s, de la pr\u00e9somption d\u2019innocence\u00a0\u00bb, annonce qu\u2019une <strong>solution \u00ab\u00a0transitoire\u00a0\u00bb allait \u00eatre mise en place<\/strong> afin que le Pilou Pilou continue de r\u00e9sonner \u00e0 Mayol.<\/p>\n<p class=\" wall-content\">Cela sera effectif d\u00e8s la r\u00e9ception de Perpignan, lors de <a href=\"https:\/\/actu.fr\/rugby\/classements-resultats\" target=\"_blank\" rel=\"noopener\">la 13e journ\u00e9e de Top 14<\/a>, le dimanche 28 d\u00e9cembre (18h).\u00a0<\/p>\n<p class=\" wall-content\">C\u00e9dric Abellon, lanceur du Pilou Pilou, occupe le poste depuis d\u00e9but 2025, apr\u00e8s l\u2019avoir \u00e9t\u00e9 entre 2008 et 2019.<\/p>\n<p>C\u00e9dric Abellon mis en examen<\/p>\n<p class=\" wall-content\">En garde \u00e0 vue pendant 48 heures, C\u00e9dric Abellon a \u00e9t\u00e9 mis en examen, notamment pour viol sur conjointe ou ex-conjointe, selon <a href=\"https:\/\/www.francebleu.fr\/infos\/faits-divers-justice\/a-toulon-le-lanceur-du-pilou-pilou-mis-en-examen-pour-viols-5605149\" target=\"_blank\" rel=\"noopener\">Ici Provence<\/a>.\u00a0<\/p>\n<p class=\" wall-content\">Selon le Parquet de Toulon, le lanceur du Pilou Pilou a \u00e9t\u00e9 mis en examen \u00ab\u00a0pour les faits d\u00e9nonc\u00e9s par deux des plaignantes\u00a0\u00bb et \u00ab\u00a0sous le statut de t\u00e9moin assist\u00e9 pour les faits d\u00e9nonc\u00e9s par la troisi\u00e8me plaignante\u00a0\u00bb.<\/p>\n<p class=\" wall-content\">C\u00e9dric Abellon a \u00e9t\u00e9 plac\u00e9 sous contr\u00f4le judiciaire. Il a interdiction de r\u00e9sider dans le Var.<\/p>\n<p>Votre r\u00e9gion, votre actu !<\/p>\n<p>Recevez chaque jour les infos qui comptent pour vous.<\/p>\n<p>\t<a href=\"https:\/\/actu.fr\/newsletter\" class=\"ac-btn ac-btn--corner ac-btn--medium ac-btn--blue800\" target=\"_blank\" rel=\"noopener\">S&rsquo;incrire<\/a><\/p>\n<p class=\" wall-content\">Personnalisez votre actualit\u00e9 en ajoutant vos villes et m\u00e9dias en favori avec <a href=\"https:\/\/moncompte.actu.fr\" title=\"D\u00e9couvez Mon Actu\" rel=\"nofollow noopener\" data-trk=\"{&quot;cta&quot;:{&quot;action&quot;:&quot;https:\\\/\\\/moncompte.actu.fr&quot;,&quot;category&quot;:&quot;mon compte&quot;,&quot;from&quot;:&quot;article footer&quot;,&quot;name&quot;:&quot;Mon actu&quot;,&quot;type&quot;:&quot;cta&quot;}}\" target=\"_blank\">Mon Actu<\/a>.<\/p>\n","protected":false},"excerpt":{"rendered":"Par Cl\u00e9ment Mazella Publi\u00e9 le 18 d\u00e9c. 2025 \u00e0 10h21 Dans un communiqu\u00e9 laconique, le club de Toulon&hellip;\n","protected":false},"author":2,"featured_media":607211,"comment_status":"","ping_status":"","sticky":false,"template":"","format":"standard","meta":{"footnotes":""},"categories":[9619],"tags":[1111,11,1777,674,1011,27,12,882,6717,25,479,60,478,2310],"class_list":{"0":"post-607210","1":"post","2":"type-post","3":"status-publish","4":"format-standard","5":"has-post-thumbnail","7":"category-toulon","8":"tag-actu","9":"tag-actualites","10":"tag-eu","11":"tag-europe","12":"tag-fr","13":"tag-france","14":"tag-news","15":"tag-provence-alpes-cote-dazur","16":"tag-rct-rugby-club-toulonnais","17":"tag-republique-francaise","18":"tag-rugby","19":"tag-sports","20":"tag-top-14","21":"tag-toulon"},"share_on_mastodon":{"url":"https:\/\/pubeurope.com\/@fr\/115740118011456749","error":""},"_links":{"self":[{"href":"https:\/\/www.europesays.com\/fr\/wp-json\/wp\/v2\/posts\/607210","targetHints":{"allow":["GET"]}}],"collection":[{"href":"https:\/\/www.europesays.com\/fr\/wp-json\/wp\/v2\/posts"}],"about":[{"href":"https:\/\/www.europesays.com\/fr\/wp-json\/wp\/v2\/types\/post"}],"author":[{"embeddable":true,"href":"https:\/\/www.europesays.com\/fr\/wp-json\/wp\/v2\/users\/2"}],"replies":[{"embeddable":true,"href":"https:\/\/www.europesays.com\/fr\/wp-json\/wp\/v2\/comments?post=607210"}],"version-history":[{"count":0,"href":"https:\/\/www.europesays.com\/fr\/wp-json\/wp\/v2\/posts\/607210\/revisions"}],"wp:featuredmedia":[{"embeddable":true,"href":"https:\/\/www.europesays.com\/fr\/wp-json\/wp\/v2\/media\/607211"}],"wp:attachment":[{"href":"https:\/\/www.europesays.com\/fr\/wp-json\/wp\/v2\/media?parent=607210"}],"wp:term":[{"taxonomy":"category","embeddable":true,"href":"https:\/\/www.europesays.com\/fr\/wp-json\/wp\/v2\/categories?post=607210"},{"taxonomy":"post_tag","embeddable":true,"href":"https:\/\/www.europesays.com\/fr\/wp-json\/wp\/v2\/tags?post=607210"}],"curies":[{"name":"wp","href":"https:\/\/api.w.org\/{rel}","templated":true}]}}