{"id":607213,"date":"2025-12-18T10:34:24","date_gmt":"2025-12-18T10:34:24","guid":{"rendered":"https:\/\/www.europesays.com\/fr\/607213\/"},"modified":"2025-12-18T10:34:24","modified_gmt":"2025-12-18T10:34:24","slug":"au-millenaire-a-montpellier-le-bustram-change-la-donne-mais-les-bouchons-le-manque-de-commerces-et-le-malaise-lie-aux-marels-persistent","status":"publish","type":"post","link":"https:\/\/www.europesays.com\/fr\/607213\/","title":{"rendered":"Au Mill\u00e9naire \u00e0 Montpellier, le bustram change la donne mais les bouchons, le manque de commerces et le malaise li\u00e9 aux Marels persistent"},"content":{"rendered":"<p>\u00c0 la lisi\u00e8re du Mill\u00e9naire, la cit\u00e9 des Marels concentre depuis plusieurs ann\u00e9es une exasp\u00e9ration qui ne faiblit pas. En cause, un point de deal notoire, devenu pour les riverains le symbole d\u2019un abandon progressif des pouvoirs publics. \u00ab\u00a0Ce n\u2019est pas uniquement un probl\u00e8me de municipalit\u00e9\u00a0\u00bb, nuance un habitant. \u00ab\u00a0Mais on a laiss\u00e9 ce point se d\u00e9velopper.\u00a0\u00bb<\/p>\n<p>Selon ce riverain, le trafic, longtemps marginal, s\u2019est structur\u00e9 au fil des ans. \u00ab\u00a0Avant, il y avait quelques consommateurs que l\u2019on reconnaissait. Aujourd\u2019hui, le point de deal s\u2019est \u00e9toff\u00e9 et les consommateurs viennent de toute part.\u00a0\u00bb\u00a0Les forces de l\u2019ordre interviennent, reconna\u00eet-il, \u00e0 travers des contr\u00f4les et des op\u00e9rations ponctuelles. Mais sans pr\u00e9sence continue, l\u2019effet reste limit\u00e9. \u00ab\u00a0Il faudrait du 24\u00a0h sur 24, 7\u00a0j\/7. On sait que ce n\u2019est pas possible.\u00a0\u00bb<\/p>\n<p>Au trafic s\u2019ajoutent des nuisances quotidiennes. Robert, autre habitant du secteur, \u00e9voque un quartier \u00ab\u00a0sale\u00a0\u00bb, r\u00e9guli\u00e8rement envahi par des d\u00e9p\u00f4ts sauvages le long du foss\u00e9 o\u00f9 passe la Lironde. Des nettoyages p\u00e9riodiques sont organis\u00e9s, pour un co\u00fbt que certains estiment \u00e9lev\u00e9 (8\u00a0000\u00a0\u20ac\u00a0?). \u00ab\u00a0C\u2019est quand m\u00eame l\u2019argent du contribuable\u00a0\u00bb, souffle l\u2019int\u00e9ress\u00e9, \u00e9voquant aussi des rumeurs de d\u00e9chargements ill\u00e9gaux contre r\u00e9mun\u00e9ration (50\u00a0\u20ac), sans preuve \u00e9tablie.<\/p>\n<p>Stationnements anarchiques, circulation bloqu\u00e9e, consommateurs qui errent apr\u00e8s leurs achats\u2026 le malaise est constant. Si les riverains reconnaissent ne pas subir d\u2019agressions directes, ils d\u00e9noncent un sentiment d\u2019ins\u00e9curit\u00e9 et d\u2019impunit\u00e9. \u00ab\u00a0On pourrait au moins les verbaliser\u00a0\u00bb, insiste Robert, qui s\u2019interroge sur la non-utilisation de la cam\u00e9ra de vid\u00e9oprotection de la rue Becquerel.<\/p>\n<p>Entre valse des pr\u00e9fets, promesses r\u00e9p\u00e9t\u00e9es et r\u00e9ponses partielles, les habitants des Marels oscillent entre r\u00e9signation et col\u00e8re. Avec une certitude, celle de vivre au quotidien les cons\u00e9quences d\u2019un probl\u00e8me que personne n\u2019a su enrayer \u00e0 temps.<\/p>\n","protected":false},"excerpt":{"rendered":"\u00c0 la lisi\u00e8re du Mill\u00e9naire, la cit\u00e9 des Marels concentre depuis plusieurs ann\u00e9es une exasp\u00e9ration qui ne faiblit&hellip;\n","protected":false},"author":2,"featured_media":607214,"comment_status":"","ping_status":"","sticky":false,"template":"","format":"standard","meta":{"footnotes":""},"categories":[9599],"tags":[1111,11,5949,1777,674,1011,27,7089,2208,3434,12,2680,316,25],"class_list":{"0":"post-607213","1":"post","2":"type-post","3":"status-publish","4":"format-standard","5":"has-post-thumbnail","7":"category-montpellier","8":"tag-actu","9":"tag-actualites","10":"tag-elections","11":"tag-eu","12":"tag-europe","13":"tag-fr","14":"tag-france","15":"tag-herault","16":"tag-montpellier","17":"tag-municipales-2026","18":"tag-news","19":"tag-occitanie","20":"tag-politique","21":"tag-republique-francaise"},"share_on_mastodon":{"url":"https:\/\/pubeurope.com\/@fr\/115740125727238040","error":""},"_links":{"self":[{"href":"https:\/\/www.europesays.com\/fr\/wp-json\/wp\/v2\/posts\/607213","targetHints":{"allow":["GET"]}}],"collection":[{"href":"https:\/\/www.europesays.com\/fr\/wp-json\/wp\/v2\/posts"}],"about":[{"href":"https:\/\/www.europesays.com\/fr\/wp-json\/wp\/v2\/types\/post"}],"author":[{"embeddable":true,"href":"https:\/\/www.europesays.com\/fr\/wp-json\/wp\/v2\/users\/2"}],"replies":[{"embeddable":true,"href":"https:\/\/www.europesays.com\/fr\/wp-json\/wp\/v2\/comments?post=607213"}],"version-history":[{"count":0,"href":"https:\/\/www.europesays.com\/fr\/wp-json\/wp\/v2\/posts\/607213\/revisions"}],"wp:featuredmedia":[{"embeddable":true,"href":"https:\/\/www.europesays.com\/fr\/wp-json\/wp\/v2\/media\/607214"}],"wp:attachment":[{"href":"https:\/\/www.europesays.com\/fr\/wp-json\/wp\/v2\/media?parent=607213"}],"wp:term":[{"taxonomy":"category","embeddable":true,"href":"https:\/\/www.europesays.com\/fr\/wp-json\/wp\/v2\/categories?post=607213"},{"taxonomy":"post_tag","embeddable":true,"href":"https:\/\/www.europesays.com\/fr\/wp-json\/wp\/v2\/tags?post=607213"}],"curies":[{"name":"wp","href":"https:\/\/api.w.org\/{rel}","templated":true}]}}