{"id":607217,"date":"2025-12-18T10:36:26","date_gmt":"2025-12-18T10:36:26","guid":{"rendered":"https:\/\/www.europesays.com\/fr\/607217\/"},"modified":"2025-12-18T10:36:26","modified_gmt":"2025-12-18T10:36:26","slug":"roumare-nicolas-installe-des-mini-fermes-chez-les-gens","status":"publish","type":"post","link":"https:\/\/www.europesays.com\/fr\/607217\/","title":{"rendered":"Roumare &#8211; Nicolas installe des mini-fermes chez les gens"},"content":{"rendered":"<p>Il construit des mini fermes dans votre jardin ou celui de votre entreprise. <\/p>\n<p>Chez\u00a0<a target=\"_blank\" rel=\"nofollow noopener noreferrer\" class=\"IciLink ici-link IciArticleLink g-ici-body-regular-1 underline brand svelte-1chfe2s\" href=\"https:\/\/www.johnbost.org\/pavillon\/fam-mas-sarepta\/\">Sarepta<\/a>, chemin du Bosc Hue, \u00e0 Roumare, on n&rsquo;entre pas comme \u00e7a. La grille est ferm\u00e9e. Ici, vous devez saisir le code, pour acc\u00e9der. Quand on sait qui prot\u00e8ge le lieu, on se dit que c&rsquo;est bien le minimum. Les r\u00e9sidents du centre sont tous des adultes polyhandicap\u00e9s. Des personnes fragiles et d\u00e9pendantes, qui auraient t\u00f4t fait de se faire la malle, si on n&rsquo;y prenait garde. \u00c7a n&rsquo;est pas que les pensionnaires n&rsquo;y sont pas heureux, ils donnent le sentiment du contraire. Mais ils ont t\u00f4t fait de suivre un oiseau dans les rues du village. C&rsquo;est l\u00e0, chez Sarepta, que Nicolas m&rsquo;a propos\u00e9 de le rejoindre aujourd&rsquo;hui.<\/p>\n<p> <img decoding=\"async\" src=\"https:\/\/www.europesays.com\/fr\/wp-content\/uploads\/2025\/12\/1766054176_422_1280\" alt=\"illustration agrandir l'image\" style=\"--_image-preview:url('data:image\/jpeg;base64,\/9j\/2wBDACgcHiMeGSgjISMtKygwPGRBPDc3PHtYXUlkkYCZlo+AjIqgtObDoKrarYqMyP\/L2u71\/\/\/\/m8H\/\/\/\/6\/+b9\/\/j\/2wBDASstLTw1PHZBQXb4pYyl+Pj4+Pj4+Pj4+Pj4+Pj4+Pj4+Pj4+Pj4+Pj4+Pj4+Pj4+Pj4+Pj4+Pj4+Pj4+Pj4+Pj\/wAARCAAbACoDASIAAhEBAxEB\/8QAFwAAAwEAAAAAAAAAAAAAAAAAAAIDAf\/EABcQAQEBAQAAAAAAAAAAAAAAAAABEQL\/xAAVAQEBAAAAAAAAAAAAAAAAAAABAP\/EABURAQEAAAAAAAAAAAAAAAAAAAAB\/9oADAMBAAIRAxEAPwCAZo0E0aWU2kAAIJazWUtUKk6NKjFOSlYGcmSf\/9k=');\" loading=\"lazy\" fetchpriority=\"low\" class=\"svelte-1cksh76 rounded\" onload=\"this.__e=event\" onerror=\"this.__e=event\"\/> Marie-Jo et son pensionnaire, main dans la main \u00a9 Aucun(e) &#8211; C\u00f4t\u00e9 Fermes  <\/p>\n<p><strong>L&rsquo;\u00c9V\u00c9NEMENT<\/strong><\/p>\n<p>Quand j&rsquo;arrive, Nico est planqu\u00e9 je ne sais o\u00f9. C&rsquo;est Marie-Jo qui m&rsquo;accueille. Elle fait partie du personnel de soins. Avec quelques coll\u00e8gues et une dizaine de r\u00e9sidents, ils sont d\u00e9j\u00e0 au taquet, dans le parc de la fondation. C&rsquo;est l&rsquo;\u00e9v\u00e9nement, cet apr\u00e8s-midi, pas parce que je suis l\u00e0, tant pis pour mon \u00e9go, mais parce que Nicolas et sa chienne Toupie vont passer, comme c&rsquo;est le cas chaque semaine. Et Nicolas va avoir besoin que les copains d&rsquo;ici mettent la main \u00e0 la p\u00e2te.<\/p>\n<p> <img decoding=\"async\" src=\"https:\/\/www.europesays.com\/fr\/wp-content\/uploads\/2025\/12\/1766054178_451_1280\" alt=\"illustration agrandir l'image\" style=\"--_image-preview:url('data:image\/jpeg;base64,\/9j\/2wBDACgcHiMeGSgjISMtKygwPGRBPDc3PHtYXUlkkYCZlo+AjIqgtObDoKrarYqMyP\/L2u71\/\/\/\/m8H\/\/\/\/6\/+b9\/\/j\/2wBDASstLTw1PHZBQXb4pYyl+Pj4+Pj4+Pj4+Pj4+Pj4+Pj4+Pj4+Pj4+Pj4+Pj4+Pj4+Pj4+Pj4+Pj4+Pj4+Pj4+Pj\/wAARCAAbACoDASIAAhEBAxEB\/8QAFwABAQEBAAAAAAAAAAAAAAAAAAEDAv\/EABcQAQEBAQAAAAAAAAAAAAAAAAABEQL\/xAAWAQADAAAAAAAAAAAAAAAAAAAAAQL\/xAAWEQEBAQAAAAAAAAAAAAAAAAAAEQH\/2gAMAwEAAhEDEQA\/AM405rNZU4bWdF6Z6aoo6tTXNqaQiAJUupoGDUAB\/9k=');\" loading=\"lazy\" fetchpriority=\"low\" class=\"svelte-1cksh76 rounded\" onload=\"this.__e=event\" onerror=\"this.__e=event\"\/> Les r\u00e9sidants et leurs encadrantes attendent Nicolas de pied ferme \u00a9 Aucun(e) &#8211; C\u00f4t\u00e9 Fermes  <\/p>\n<p><strong>UNE COVID ET DES QUESTIONS<\/strong><\/p>\n<p>Je peux vous dire comment a commenc\u00e9 cette histoire. Nicolas \u00e9tait salari\u00e9 dans le monde agricole. Il a notamment boss\u00e9 pour <strong>S\u00e9nalia<\/strong>, coop\u00e9rative agricole du port de Rouen. Pendant ce temps, \u00e0 la maison, il a toujours eu des animaux. Et boum! La COVID pointe son nez, il y a bient\u00f4t 4 ans. C&rsquo;est l\u00e0 que Nico fait comme beaucoup d&rsquo;entre-nous, il s&rsquo;interroge. Sa vie ressemble-t-elle \u00e0 ce qu&rsquo;elle devrait \u00eatre? N&rsquo;y a-t-il pas autre chose \u00e0 faire ailleurs? Bref, les questions existentielles qui nous prennent \u00e0 des moments plus qu&rsquo;\u00e0 d&rsquo;autres. Quand beaucoup d&rsquo;entre nous reprennent l\u00e0 o\u00f9 ils s&rsquo;\u00e9taient mis en pause, apr\u00e8s la pand\u00e9mie, Nicolas tire un trait sur le pass\u00e9, pour prendre la route de sa nouvelle vie.<\/p>\n<p> <img decoding=\"async\" src=\"https:\/\/www.europesays.com\/fr\/wp-content\/uploads\/2025\/12\/1766054180_567_1280\" alt=\"illustration agrandir l'image\" style=\"--_image-preview:url('data:image\/jpeg;base64,\/9j\/2wBDACgcHiMeGSgjISMtKygwPGRBPDc3PHtYXUlkkYCZlo+AjIqgtObDoKrarYqMyP\/L2u71\/\/\/\/m8H\/\/\/\/6\/+b9\/\/j\/2wBDASstLTw1PHZBQXb4pYyl+Pj4+Pj4+Pj4+Pj4+Pj4+Pj4+Pj4+Pj4+Pj4+Pj4+Pj4+Pj4+Pj4+Pj4+Pj4+Pj4+Pj\/wAARCAAbACoDASIAAhEBAxEB\/8QAFwABAQEBAAAAAAAAAAAAAAAAAgEAA\/\/EABcQAQEBAQAAAAAAAAAAAAAAAAABEQL\/xAAVAQEBAAAAAAAAAAAAAAAAAAAAAf\/EABURAQEAAAAAAAAAAAAAAAAAAAAR\/9oADAMBAAIRAxEAPwAQoKygQ1VAMbDxsIgVJWqRQ4cc+XSKLi4yoP\/Z');\" loading=\"lazy\" fetchpriority=\"low\" class=\"svelte-1cksh76 rounded\" onload=\"this.__e=event\" onerror=\"this.__e=event\"\/> Thomas est pr\u00eat \u00e0 jeter le grain, sous les yeux de Marie-Jo \u00a9 Aucun(e) &#8211; C\u00f4t\u00e9 Fermes  <\/p>\n<p><strong>DE L&rsquo;ESPACE \u00c0 REVENDRE<\/strong><\/p>\n<p>Cet amour que Nicolas nourrit pour la nature et le monde animal, il va le partager. En cr\u00e9ant sa petite boite: <strong>C\u00f4t\u00e9 Fermes<\/strong>. Son job, dor\u00e9navant, ce sera d&rsquo;installer et, en fonction des options, d&rsquo;entretenir des mini fermes chez les particuliers, dans les \u00e9coles ou sur une partie des espaces verts d&rsquo;entreprises du secteur. C&rsquo;est comme \u00e7a que le voil\u00e0 chez <strong>Sarepta<\/strong>. Parce qu&rsquo;ici il y a de l&rsquo;espace \u00e0 revendre. Un grand et beau parc d&rsquo;arbres et de gazon. Il y a de quoi se faire plaisir. Et surtout, il y a de quoi faire du bien \u00e0 Thomas, Rapha\u00ebl, Christopher et les autres petits pensionnaires du lieu.<\/p>\n<p> <img decoding=\"async\" src=\"https:\/\/www.europesays.com\/fr\/wp-content\/uploads\/2025\/12\/1766054182_520_1280\" alt=\"illustration agrandir l'image\" style=\"--_image-preview:url('data:image\/jpeg;base64,\/9j\/2wBDACgcHiMeGSgjISMtKygwPGRBPDc3PHtYXUlkkYCZlo+AjIqgtObDoKrarYqMyP\/L2u71\/\/\/\/m8H\/\/\/\/6\/+b9\/\/j\/2wBDASstLTw1PHZBQXb4pYyl+Pj4+Pj4+Pj4+Pj4+Pj4+Pj4+Pj4+Pj4+Pj4+Pj4+Pj4+Pj4+Pj4+Pj4+Pj4+Pj4+Pj\/wAARCAAbACoDASIAAhEBAxEB\/8QAFwABAQEBAAAAAAAAAAAAAAAAAAECA\/\/EABYQAQEBAAAAAAAAAAAAAAAAAAARAf\/EABYBAQEBAAAAAAAAAAAAAAAAAAABAv\/EABURAQEAAAAAAAAAAAAAAAAAAAAR\/9oADAMBAAIRAxEAPwDhFVYxWkRqEKMQjUIUMazExrGKhCNCUZhFFqv\/2Q==');\" loading=\"lazy\" fetchpriority=\"low\" class=\"svelte-1cksh76 rounded\" onload=\"this.__e=event\" onerror=\"this.__e=event\"\/> Chez Sarepta, il y a de l&rsquo;espace \u00e0 revendre \u00a9 Aucun(e) &#8211; C\u00f4t\u00e9 Fermes  <\/p>\n<p><strong>UN JOUR PEUT-\u00caTRE DES PONEYS<\/strong><\/p>\n<p>Quand Nicolas la d\u00e9marche, l&rsquo;institution adh\u00e8re tout de suite \u00e0 l&rsquo;id\u00e9e. Une mini ferme ici, ce sera g\u00e9nial pour les r\u00e9sidents. Alors Nicolas s&rsquo;y met. Il plante des piquets, installe des cl\u00f4tures, monte de petits b\u00e2timents de bois. Et peuple tout \u00e7a. Des lapins, des biquettes, des moutons, et des poules. Il reste de la place, on envisage de la proposer \u00e0 une bande de poneys. C&rsquo;est beau, c&rsquo;est la vie et \u00e7a fait un bien fou aux r\u00e9sidents du lieu. \u00c7a fait un bien fou de caresser un poney. C&rsquo;est gratifiant de donner le foin aux brebis. C&rsquo;est amusant de ramasser les \u0153ufs.<\/p>\n<p> <img decoding=\"async\" src=\"https:\/\/www.europesays.com\/fr\/wp-content\/uploads\/2025\/12\/1766054184_662_1280\" alt=\"illustration agrandir l'image\" style=\"--_image-preview:url('data:image\/jpeg;base64,\/9j\/2wBDACgcHiMeGSgjISMtKygwPGRBPDc3PHtYXUlkkYCZlo+AjIqgtObDoKrarYqMyP\/L2u71\/\/\/\/m8H\/\/\/\/6\/+b9\/\/j\/2wBDASstLTw1PHZBQXb4pYyl+Pj4+Pj4+Pj4+Pj4+Pj4+Pj4+Pj4+Pj4+Pj4+Pj4+Pj4+Pj4+Pj4+Pj4+Pj4+Pj4+Pj\/wAARCAAbACoDASIAAhEBAxEB\/8QAFgABAQEAAAAAAAAAAAAAAAAAAAEC\/8QAFhABAQEAAAAAAAAAAAAAAAAAABEB\/8QAFgEBAQEAAAAAAAAAAAAAAAAAAAEC\/8QAFREBAQAAAAAAAAAAAAAAAAAAABH\/2gAMAwEAAhEDEQA\/AMLgMNVqlZKFXUBBYRRKjIqFAFYo\/9k=');\" loading=\"lazy\" fetchpriority=\"low\" class=\"svelte-1cksh76 rounded\" onload=\"this.__e=event\" onerror=\"this.__e=event\"\/> Chez Sarepta, je me suis fait une bande de copains \u00a9 Aucun(e) &#8211; C\u00f4t\u00e9 Fermes  <\/p>\n<p><strong>UNE FERME DANS LE JARDIN<\/strong><\/p>\n<p>Je ne vous ferai pas l&rsquo;article sur les bienfaits de la m\u00e9diation animale, \u00e0 vous qui comprenez si bien l&rsquo;int\u00e9r\u00eat que toutes ces petites b\u00eates ont \u00e0 vivre ici, avec Rapha\u00ebl et les autres. Pour mettre des \u00e9toiles dans les yeux de mes gamins, y&rsquo;a rien de tel. D&rsquo;ailleurs, Nicolas, ses mini fermes, il les installe partout o\u00f9 on le demande, je vous l&rsquo;ai dit. Chez vous ou dans votre boite. Une petite dizaine de m\u00e8tres carr\u00e9s dans le jardin? \u00c7a peut servir \u00e0 installer un grand clapier \u00e0 lapins. \u00c9videmment, plus vous aurez d&rsquo;espace, plus le champ des possibilit\u00e9s le sera. M\u00eame que pour les flemmards qui en feront la demande pourront compter sur Nicolas pour venir nourrir les bestioles. Mais bon, c&rsquo;est vous qui voyez. C&rsquo;est plus cher et \u00e7a vous enl\u00e8ve une bonne partie de l&rsquo;int\u00e9r\u00eat; \u00e0 quoi bon \u00e9lever un animal si \u00e7a n&rsquo;est pas pour le bichonner soi-m\u00eame, hein!<\/p>\n<p> <img decoding=\"async\" src=\"https:\/\/www.europesays.com\/fr\/wp-content\/uploads\/2025\/12\/1766054185_96_1280\" alt=\"illustration agrandir l'image\" style=\"--_image-preview:url('data:image\/jpeg;base64,\/9j\/2wBDACgcHiMeGSgjISMtKygwPGRBPDc3PHtYXUlkkYCZlo+AjIqgtObDoKrarYqMyP\/L2u71\/\/\/\/m8H\/\/\/\/6\/+b9\/\/j\/2wBDASstLTw1PHZBQXb4pYyl+Pj4+Pj4+Pj4+Pj4+Pj4+Pj4+Pj4+Pj4+Pj4+Pj4+Pj4+Pj4+Pj4+Pj4+Pj4+Pj4+Pj\/wAARCAAbACoDASIAAhEBAxEB\/8QAFgABAQEAAAAAAAAAAAAAAAAAAQIA\/8QAFhABAQEAAAAAAAAAAAAAAAAAAAER\/8QAFgEBAQEAAAAAAAAAAAAAAAAAAQAC\/8QAFREBAQAAAAAAAAAAAAAAAAAAABH\/2gAMAwEAAhEDEQA\/AHRo1mTCGIURYMXgwIKgioS0hYgpoNBD\/9k=');\" loading=\"lazy\" fetchpriority=\"low\" class=\"svelte-1cksh76 rounded\" onload=\"this.__e=event\" onerror=\"this.__e=event\"\/> Nicolas fabrique lui-m\u00eame les habitations de vos petites b\u00eates \u00a9 Aucun(e) &#8211; C\u00f4t\u00e9 Fermes  <\/p>\n","protected":false},"excerpt":{"rendered":"Il construit des mini fermes dans votre jardin ou celui de votre entreprise. Chez\u00a0Sarepta, chemin du Bosc Hue,&hellip;\n","protected":false},"author":2,"featured_media":607218,"comment_status":"","ping_status":"","sticky":false,"template":"","format":"standard","meta":{"footnotes":""},"categories":[9587],"tags":[1111,11,1777,674,1011,27,12,5161,25,9590],"class_list":{"0":"post-607217","1":"post","2":"type-post","3":"status-publish","4":"format-standard","5":"has-post-thumbnail","7":"category-rouen","8":"tag-actu","9":"tag-actualites","10":"tag-eu","11":"tag-europe","12":"tag-fr","13":"tag-france","14":"tag-news","15":"tag-normandie","16":"tag-republique-francaise","17":"tag-rouen"},"share_on_mastodon":{"url":"https:\/\/pubeurope.com\/@fr\/115740134784386509","error":""},"_links":{"self":[{"href":"https:\/\/www.europesays.com\/fr\/wp-json\/wp\/v2\/posts\/607217","targetHints":{"allow":["GET"]}}],"collection":[{"href":"https:\/\/www.europesays.com\/fr\/wp-json\/wp\/v2\/posts"}],"about":[{"href":"https:\/\/www.europesays.com\/fr\/wp-json\/wp\/v2\/types\/post"}],"author":[{"embeddable":true,"href":"https:\/\/www.europesays.com\/fr\/wp-json\/wp\/v2\/users\/2"}],"replies":[{"embeddable":true,"href":"https:\/\/www.europesays.com\/fr\/wp-json\/wp\/v2\/comments?post=607217"}],"version-history":[{"count":0,"href":"https:\/\/www.europesays.com\/fr\/wp-json\/wp\/v2\/posts\/607217\/revisions"}],"wp:featuredmedia":[{"embeddable":true,"href":"https:\/\/www.europesays.com\/fr\/wp-json\/wp\/v2\/media\/607218"}],"wp:attachment":[{"href":"https:\/\/www.europesays.com\/fr\/wp-json\/wp\/v2\/media?parent=607217"}],"wp:term":[{"taxonomy":"category","embeddable":true,"href":"https:\/\/www.europesays.com\/fr\/wp-json\/wp\/v2\/categories?post=607217"},{"taxonomy":"post_tag","embeddable":true,"href":"https:\/\/www.europesays.com\/fr\/wp-json\/wp\/v2\/tags?post=607217"}],"curies":[{"name":"wp","href":"https:\/\/api.w.org\/{rel}","templated":true}]}}