{"id":607219,"date":"2025-12-18T10:37:12","date_gmt":"2025-12-18T10:37:12","guid":{"rendered":"https:\/\/www.europesays.com\/fr\/607219\/"},"modified":"2025-12-18T10:37:12","modified_gmt":"2025-12-18T10:37:12","slug":"mercosur-dermatose-nodulaire-les-agriculteurs-se-mobilisent-a-rouen-et-a-bruxelles","status":"publish","type":"post","link":"https:\/\/www.europesays.com\/fr\/607219\/","title":{"rendered":"Mercosur, dermatose nodulaire&#8230; Les agriculteurs se mobilisent \u00e0 Rouen et \u00e0 Bruxelles"},"content":{"rendered":"<p melodystyle=\"texte\">La <a href=\"https:\/\/www.tendanceouest.com\/actualite-434811-agriculture-mobilisation-a-saint-lo-au-mont-saint-michel-et-a-bruxelles-contre-le-mercosur-et-la-gestion-de-la-dnc\" target=\"_blank\" rel=\"noopener\">col\u00e8re gronde toujours<\/a> chez les agriculteurs.<\/p>\n<p melodystyle=\"texte\">Jeudi 18\u00a0d\u00e9cembre, les syndicats de la profession organisent une mobilisation \u00e0 Bruxelles pour protester contre l&rsquo;accord de libre-\u00e9change entre l&rsquo;UE et le Mercosur et pour dire non \u00e0 la taxe sur les engrais import\u00e9s. En Seine-Maritime, la FNSEA et les JA ont mis en place des bus tr\u00e8s t\u00f4t pour rejoindre la capitale belge. Plusieurs dizaines d&rsquo;agriculteurs ont pris la route depuis Saint-Romain-de-Colbosc, Fauville ou les Hayons.<\/p>\n<p>Une op\u00e9ration escargot sur l&rsquo;A28 vers Rouen<\/p>\n<p melodystyle=\"texte\">En parall\u00e8le, les agriculteurs de la Coordination rurale (CR) de Seine-Maritime, avec le soutien de la section de l&rsquo;Eure, organisent une action \u00e0 Rouen dans l&rsquo;apr\u00e8s-midi. Une cinquantaine de tracteurs doit converger vers le rond-point de Moulin d&rsquo;Ecalles sur la zone d&rsquo;activit\u00e9 vers 13h pour une op\u00e9ration escargot sur l&rsquo;A28 en d\u00e9but d&rsquo;apr\u00e8s-midi. Une d\u00e9l\u00e9gation a rendez-vous \u00e0 la Direction d\u00e9partementale des territoires et de la mer, quartier Saint-Sever \u00e0 Rouen. \u00ab\u00a0Il y aura un peu de d\u00e9versements, du fumier et des pommes de terre, mais ce sera calme\u00a0\u00bb, indique Sylvain de Bosschere, pr\u00e9sident de la CR de Seine-Maritime.<\/p>\n<p melodystyle=\"texte\">Le groupe prendra en fin d&rsquo;apr\u00e8s-midi la direction <a href=\"https:\/\/www.tendanceouest.com\/actualite-434789-dermatose-nodulaire-contagieuse-la-prefecture-de-l-orne-appelle-a-la-responsabilite-de-l-ensemble-des-acteurs-de-la-filiere-bovine\" target=\"_blank\" rel=\"noopener\">de la pr\u00e9fecture<\/a> de Rouen, o\u00f9 une d\u00e9l\u00e9gation doit \u00e9galement \u00eatre re\u00e7ue. \u00ab\u00a0On organisera aussi une distribution de pommes de terre pour ceux qui le veulent\u00a0\u00bb, indique l&rsquo;agriculteur qui souhaite conserver le soutien de la population.<\/p>\n<p melodystyle=\"texte\">En plus de leur opposition au Mercosur, la CR veut affirmer son soutien aux agriculteurs concern\u00e9s par l&rsquo;\u00e9pid\u00e9mie de dermatose nodulaire. Le syndicat s&rsquo;oppose \u00e0 l&rsquo;abattage syst\u00e9matique des troupeaux, \u00ab\u00a0surtout pour les troupeaux vaccin\u00e9s\u00a0\u00bb, indique Sylvain de Bosschere.<\/p>\n","protected":false},"excerpt":{"rendered":"La col\u00e8re gronde toujours chez les agriculteurs. Jeudi 18\u00a0d\u00e9cembre, les syndicats de la profession organisent une mobilisation \u00e0&hellip;\n","protected":false},"author":2,"featured_media":607220,"comment_status":"","ping_status":"","sticky":false,"template":"","format":"standard","meta":{"footnotes":""},"categories":[9587],"tags":[1111,11,1777,674,1011,27,12,5161,25,9590],"class_list":{"0":"post-607219","1":"post","2":"type-post","3":"status-publish","4":"format-standard","5":"has-post-thumbnail","7":"category-rouen","8":"tag-actu","9":"tag-actualites","10":"tag-eu","11":"tag-europe","12":"tag-fr","13":"tag-france","14":"tag-news","15":"tag-normandie","16":"tag-republique-francaise","17":"tag-rouen"},"share_on_mastodon":{"url":"https:\/\/pubeurope.com\/@fr\/115740137577418125","error":""},"_links":{"self":[{"href":"https:\/\/www.europesays.com\/fr\/wp-json\/wp\/v2\/posts\/607219","targetHints":{"allow":["GET"]}}],"collection":[{"href":"https:\/\/www.europesays.com\/fr\/wp-json\/wp\/v2\/posts"}],"about":[{"href":"https:\/\/www.europesays.com\/fr\/wp-json\/wp\/v2\/types\/post"}],"author":[{"embeddable":true,"href":"https:\/\/www.europesays.com\/fr\/wp-json\/wp\/v2\/users\/2"}],"replies":[{"embeddable":true,"href":"https:\/\/www.europesays.com\/fr\/wp-json\/wp\/v2\/comments?post=607219"}],"version-history":[{"count":0,"href":"https:\/\/www.europesays.com\/fr\/wp-json\/wp\/v2\/posts\/607219\/revisions"}],"wp:featuredmedia":[{"embeddable":true,"href":"https:\/\/www.europesays.com\/fr\/wp-json\/wp\/v2\/media\/607220"}],"wp:attachment":[{"href":"https:\/\/www.europesays.com\/fr\/wp-json\/wp\/v2\/media?parent=607219"}],"wp:term":[{"taxonomy":"category","embeddable":true,"href":"https:\/\/www.europesays.com\/fr\/wp-json\/wp\/v2\/categories?post=607219"},{"taxonomy":"post_tag","embeddable":true,"href":"https:\/\/www.europesays.com\/fr\/wp-json\/wp\/v2\/tags?post=607219"}],"curies":[{"name":"wp","href":"https:\/\/api.w.org\/{rel}","templated":true}]}}