{"id":607221,"date":"2025-12-18T10:38:11","date_gmt":"2025-12-18T10:38:11","guid":{"rendered":"https:\/\/www.europesays.com\/fr\/607221\/"},"modified":"2025-12-18T10:38:11","modified_gmt":"2025-12-18T10:38:11","slug":"son-beau-geste-pour-ses-fans","status":"publish","type":"post","link":"https:\/\/www.europesays.com\/fr\/607221\/","title":{"rendered":"son beau geste pour ses fans"},"content":{"rendered":"<p>                    Par<br \/>\n        <strong><br \/>\n            <a href=\"https:\/\/actu.fr\/auteur\/lisa-rodrigues\" title=\"Consulter tous les articles de Lisa Rodrigues\" target=\"_blank\" rel=\"noopener\">Lisa Rodrigues<\/a><br \/>\n                    <\/strong><\/p>\n<p>        Publi\u00e9 le<\/p>\n<p>            18 d\u00e9c. 2025 \u00e0 10h54        <\/p>\n<p>La soir\u00e9e aurait pu \u00eatre beaucoup moins sympathique pour les fans du chanteur <a href=\"https:\/\/actu.fr\/tag\/amir\" target=\"_blank\" rel=\"noopener\">Amir<\/a>, qui devait se produire mercredi 17 d\u00e9cembre au Summum \u00e0 <a href=\"https:\/\/actu.fr\/auvergne-rhone-alpes\/grenoble_38185\" target=\"_blank\" rel=\"noopener\">Grenoble<\/a>. L\u2019artiste a annonc\u00e9 <strong>une annulation forc\u00e9e de son spectacle<\/strong> sur ces r\u00e9seaux sociaux.<\/p>\n<p class=\" wall-content\">\u00ab\u00a0C\u2019est le c\u0153ur lourd que je dois vous annoncer que le concert pr\u00e9vu ce soir \u00e0 Grenoble est annul\u00e9\u00a0\u00bb, \u00e9crit Amir dans sa story Instagram, quelques heures \u00e0 peine avant le d\u00e9but du concert. \u00ab\u00a0Notre guitariste \u00c9douard a rencontr\u00e9 un <strong>souci de sant\u00e9<\/strong> et, sur avis m\u00e9dical de l\u2019h\u00f4pital de Grenoble, il lui est impossible de monter sur sc\u00e8ne.\u00a0\u00bb\u00a0<\/p>\n<p>Surprise pour les fans d\u00e9\u00e7us<\/p>\n<p class=\" wall-content\">Ne pouvant pas se produire sans l\u2019ensemble de ses musiciens, la production a donc pris la \u00ab\u00a0d\u00e9cision difficile mais n\u00e9cessaire\u00a0\u00bb d\u2019annuler la date grenobloise.<\/p>\n<p class=\" wall-content\">Des fans ayant toutefois fait le <a href=\"https:\/\/actu.fr\/auvergne-rhone-alpes\/grenoble_38185\/grenoble-une-nouvelle-salle-de-spectacle-a-1-8-million-d-euros-va-ouvrir-a-alpexpo_62190243.html\" target=\"_blank\" rel=\"noopener\">d\u00e9placement au Summum<\/a>, le groupe et Amir sont donc all\u00e9s directement \u00e0 leur rencontre mercredi soir pour leur annoncer la mauvaise nouvelle.<\/p>\n<blockquote class=\"ac-article-quote wall-content\">\n<p>Je sais que c&rsquo;est peu de choses, mais vos places seront \u00e9videmment rembours\u00e9es. En ce qui nous concerne, on est tr\u00e8s tristes de devoir annuler ce concert. Tous les musiciens sont importants.<\/p>\n<p>    <strong>Amir<\/strong>\n            <\/p><\/blockquote>\n<p class=\" wall-content\">En revanche, il n\u2019est pas venu les voir avec les mains vides. \u00ab\u00a0Je reviendrai dans quelques minutes vous proposer une<strong> s\u00e9ance de d\u00e9dicaces improvis\u00e9e<\/strong>, que vous puissiez tous prendre des photos\u00a0\u00bb pour garder un souvenir de la soir\u00e9e, promet Amir.<\/p>\n<p>\u00ab\u00a0L\u2019un des plus beaux moments de cette tourn\u00e9e\u00a0\u00bb<\/p>\n<p class=\" wall-content\">Chose promise, chose due. Amir et son groupe sont ressortis quelques instants plus tard avec leurs instruments pour un <strong>petit concert improvis\u00e9 en plein air<\/strong> devant un public ravi.<\/p>\n<p>Votre r\u00e9gion, votre actu !<\/p>\n<p>Recevez chaque jour les infos qui comptent pour vous.<\/p>\n<p>\t<a href=\"https:\/\/actu.fr\/newsletter\" class=\"ac-btn ac-btn--corner ac-btn--medium ac-btn--blue800\" target=\"_blank\" rel=\"noopener\">S&rsquo;incrire<\/a><\/p>\n<p class=\" wall-content\"><a href=\"https:\/\/www.instagram.com\/reel\/DSYO_0qDhnQ\/embed\" title=\"Ouvrir le lien sur Instagram\" target=\"_blank\" rel=\"noopener\">Visualiser le contenu sur Instagram<\/a><\/p>\n<p class=\" wall-content\">\u00ab\u00a0Et c\u2019est devenu l\u2019un des plus beaux moments de cette tourn\u00e9e\u2026 Merci Grenoble\u00a0\u00bb, \u00e9crit le chanteur sur ces r\u00e9seaux sociaux. Tout en esp\u00e9rant\u00a0\u00ab\u00a0pouvoir retourner faire un concert \u00e0 Grenoble le plus vite possible\u00a0\u00bb.<\/p>\n<p class=\" wall-content\">Jeudi matin, Amir a donn\u00e9 des nouvelles rassurantes d\u2019\u00c9douard, le guitariste. \u00ab\u00a0Il est de retour, il va mieux. Merci pour les nombreux messages que vous lui avez adress\u00e9.\u00a0\u00bb Le groupe devrait donc pouvoir se produire jeudi soir \u00e0 <a href=\"https:\/\/actu.fr\/auvergne-rhone-alpes\/lyon_69123\" target=\"_blank\" rel=\"noopener\">Lyon<\/a> \u00e0 la <a href=\"https:\/\/actu.fr\/auvergne-rhone-alpes\/lyon_69123\/lyon-projets-concerts-concurrence-de-la-ldlc-arena-le-patron-de-la-halle-tony-garnier-repond_62663666.html\" target=\"_blank\" rel=\"noopener\">Halle Tony Garnier<\/a>, puis \u00e0 Gen\u00e8ve.<\/p>\n<p class=\" wall-content\">Personnalisez votre actualit\u00e9 en ajoutant vos villes et m\u00e9dias en favori avec <a href=\"https:\/\/moncompte.actu.fr\" title=\"D\u00e9couvez Mon Actu\" rel=\"nofollow noopener\" data-trk=\"{&quot;cta&quot;:{&quot;action&quot;:&quot;https:\\\/\\\/moncompte.actu.fr&quot;,&quot;category&quot;:&quot;mon compte&quot;,&quot;from&quot;:&quot;article footer&quot;,&quot;name&quot;:&quot;Mon actu&quot;,&quot;type&quot;:&quot;cta&quot;}}\" target=\"_blank\">Mon Actu<\/a>.<\/p>\n<p>                    <script async src=\"\/\/www.instagram.com\/embed.js\"><\/script><\/p>\n","protected":false},"excerpt":{"rendered":"Par Lisa Rodrigues Publi\u00e9 le 18 d\u00e9c. 2025 \u00e0 10h54 La soir\u00e9e aurait pu \u00eatre beaucoup moins sympathique&hellip;\n","protected":false},"author":2,"featured_media":607222,"comment_status":"","ping_status":"","sticky":false,"template":"","format":"standard","meta":{"footnotes":""},"categories":[9566],"tags":[1111,11,33287,2430,1697,1777,674,1011,27,2731,12,25,104],"class_list":{"0":"post-607221","1":"post","2":"type-post","3":"status-publish","4":"format-standard","5":"has-post-thumbnail","7":"category-grenoble","8":"tag-actu","9":"tag-actualites","10":"tag-amir","11":"tag-auvergne-rhone-alpes","12":"tag-concert","13":"tag-eu","14":"tag-europe","15":"tag-fr","16":"tag-france","17":"tag-grenoble","18":"tag-news","19":"tag-republique-francaise","20":"tag-societe"},"share_on_mastodon":{"url":"https:\/\/pubeurope.com\/@fr\/115740141437625695","error":""},"_links":{"self":[{"href":"https:\/\/www.europesays.com\/fr\/wp-json\/wp\/v2\/posts\/607221","targetHints":{"allow":["GET"]}}],"collection":[{"href":"https:\/\/www.europesays.com\/fr\/wp-json\/wp\/v2\/posts"}],"about":[{"href":"https:\/\/www.europesays.com\/fr\/wp-json\/wp\/v2\/types\/post"}],"author":[{"embeddable":true,"href":"https:\/\/www.europesays.com\/fr\/wp-json\/wp\/v2\/users\/2"}],"replies":[{"embeddable":true,"href":"https:\/\/www.europesays.com\/fr\/wp-json\/wp\/v2\/comments?post=607221"}],"version-history":[{"count":0,"href":"https:\/\/www.europesays.com\/fr\/wp-json\/wp\/v2\/posts\/607221\/revisions"}],"wp:featuredmedia":[{"embeddable":true,"href":"https:\/\/www.europesays.com\/fr\/wp-json\/wp\/v2\/media\/607222"}],"wp:attachment":[{"href":"https:\/\/www.europesays.com\/fr\/wp-json\/wp\/v2\/media?parent=607221"}],"wp:term":[{"taxonomy":"category","embeddable":true,"href":"https:\/\/www.europesays.com\/fr\/wp-json\/wp\/v2\/categories?post=607221"},{"taxonomy":"post_tag","embeddable":true,"href":"https:\/\/www.europesays.com\/fr\/wp-json\/wp\/v2\/tags?post=607221"}],"curies":[{"name":"wp","href":"https:\/\/api.w.org\/{rel}","templated":true}]}}