{"id":607225,"date":"2025-12-18T10:40:12","date_gmt":"2025-12-18T10:40:12","guid":{"rendered":"https:\/\/www.europesays.com\/fr\/607225\/"},"modified":"2025-12-18T10:40:12","modified_gmt":"2025-12-18T10:40:12","slug":"manifestation-des-agriculteurs-a-rennes-la-circulation-sera-t-elle-perturbee-sur-la-rocade-ce-jeudi-actu-fr","status":"publish","type":"post","link":"https:\/\/www.europesays.com\/fr\/607225\/","title":{"rendered":"Manifestation des agriculteurs \u00e0 Rennes : la circulation sera-t-elle perturb\u00e9e sur la rocade, ce jeudi ? &#8211; Actu.fr"},"content":{"rendered":"<ol>\n<li><a href=\"https:\/\/news.google.com\/rss\/articles\/CBMi5gFBVV95cUxQdFVLc0l6Sk5zMzctT3ZwbmY2anB6QTBtaHpaeFJ0clFkWXR1djVLaUhMclNUODdNOU1oUDFPRHFUa2xwUGhXd25ySVFjYS1zSG9QM2haaXNqQkVTVDg1ZU1VYkdjcDdCeEpVLVA3bmFqdlFERERYV3V0MnhtM2stOW9icVNIcnlZV2d2UmNiMnlEZ2twejZ4MDZWbzhwRERtRDVzOVlWNHpVM3J1RXhFem1XVnVRR205dkVSOE1DWVUzOWd0OXQ0VlYtMU0yX21IdUxEOEd0dVpmQllCaHJYSmllcW52QQ?oc=5\" target=\"_blank\" rel=\"noopener\">Manifestation des agriculteurs \u00e0 Rennes : la circulation sera-t-elle perturb\u00e9e sur la rocade, ce jeudi ?<\/a>&nbsp;&nbsp;Actu.fr<\/li>\n<li><a href=\"https:\/\/news.google.com\/rss\/articles\/CBMigwJBVV95cUxPaW0xRGh5Ni0tZy1IX3pJb1dpZ1luVXM1dXlvTWl1X3FNczI3Zml2RDg0NFJ5Wi13cjNCU3kwMEg4QUxVUTVvbXMteGpxOHlEN1dxd3JOdXhPRDJ5Yy1MNkU3Mk5kaDlsTDlaYmVuYVpBa0JOTTBOU211ZXFBS0k1Z0lvNlozaWxRT3JmRUxxTy1DR1lVQzB6QkYzaEt3bzdBNmRIenlTR1hBTkZKVjQycWZrOV9wdzRuZUhxMDZOLXRlbVpSWnlaakZ3Zm02NWxsVWpaZnFSSURtUGlQV3k3OGV0ZmxJZFZJRUlVLTgyamtUOXJTTmxYX3g0Z0tPOHF0eVU0?oc=5\" target=\"_blank\" rel=\"noopener\">Les agriculteurs vont-ils maintenir les blocages des autoroutes jusqu\u2019aux f\u00eates de fin d\u2019ann\u00e9e ? [vid\u00e9o]<\/a>&nbsp;&nbsp;La R\u00e9publique des Pyr\u00e9n\u00e9es<\/li>\n<li><a href=\"https:\/\/news.google.com\/rss\/articles\/CBMivwJBVV95cUxNRkhfU3E2bVByTFhDT1h1c20teU55NjJwb0ZzdElEYlYtMXZnR3NJVkdaSVA4UU1DdHVyeWhRX3VkU2Q0RnVOTWNrLXNPd1N3OWlMZ2R2Y0ZMUjFiaWt1R1NBR1EyUC1VQlJKV3BYUXZEX0dyQ3pKd2ExczNYQ3lqNGxaTUttb0d6SWhKSlE5TGE2MW1wTHVFb1hGdTlOc0JyREdtNWJCeVgxd0dQaXNvTkdhUEdLaC1MSzY1WHo4T1QwcjlqUlNscllDY2RjMUprNmN1UnFmcnVyNDJCQTUyWlBaZ2pVRXdtR3lCX21vZzRSdzNYanlwVG1SSXJKQVRodXVwODlGdjJ0X2Y0SGhRTFlQcDBCQVBiVGo3REo4anBfT05tbkh5aVBQYkVNQzV4SEdlU3FsX2MtZWJvVUNz?oc=5\" target=\"_blank\" rel=\"noopener\">Col\u00e8re agricole : une mobilisation d\u2019agriculteurs se pr\u00e9pare pr\u00e8s de Caen et 170 tracteurs sont attendus \u00e0 la pr\u00e9fecture<\/a>&nbsp;&nbsp;Ouest-France<\/li>\n<li><a href=\"https:\/\/news.google.com\/rss\/articles\/CBMisAJBVV95cUxOcVVBQzA3OW05VjcwcHV6WmlEV1FtWWF5NTRoTG1YajNQQUs5S2VlODFPMWF2UWtLYjE1ZzlTNUhLNmR6VW5OR1VCQnl4V0dCY0NaNUdRS2lsRElnMVlNSjdLSzVubHBuS3JzU0t4SlFmRzJQT3U4TEpUMHl0bGc5NUlXSVlvYWpoSG44cXR3N1JiX3RZZmhDOF9YRGwzU3h0cm9VZERzRnp5Wk5HTWNsUklTb3FfR09ZcnMwRGVDMUtNN2VlM3pHalFaNzRDLWVUOXNtLXBINVZoX0NEeVgwT2VCUk9MUmg1ZnM2d0RMT3dXZE84bmEtR2pTQ3NRcjJ0cWp6dTZQdjFwQkRMRHkxNzJDN3VvSUZaSVlRbTQtS0l5dzVnX3pyQ2FPZWlIZ01j?oc=5\" target=\"_blank\" rel=\"noopener\">CARTE. Dermatose nodulaire : des Alpes au Sud-Ouest, visualisez la diffusion de la maladie depuis le mois de juin<\/a>&nbsp;&nbsp;Franceinfo<\/li>\n<li><a href=\"https:\/\/news.google.com\/rss\/articles\/CBMipAFBVV95cUxQR1o1ZVFkSG9qNmY4cThVVlRDeXc0VGlwczE5TVhfM2cwb1dsUGpPaUtkODl4VjZfMEFjclZiMUxCZ2JMZTNvU0ZCSUo1NXBwU01GZXpUd1M2ajBaZ2FqTTNRWTB2UGRBSkRVQWtKLU9FbDRhLUhyeGw3c1BQTWdXY0ZHckdXRTEzd2psVEdJT2owOE9sTGd6MV9yc3oyTlh4T21TTg?oc=5\" target=\"_blank\" rel=\"noopener\">Col\u00e8re agricole : le gouvernement voit le pire arriver<\/a>&nbsp;&nbsp;Mediapart<\/li>\n<\/ol>\n","protected":false},"excerpt":{"rendered":"Manifestation des agriculteurs \u00e0 Rennes : la circulation sera-t-elle perturb\u00e9e sur la rocade, ce jeudi ?&nbsp;&nbsp;Actu.fr Les agriculteurs&hellip;\n","protected":false},"author":2,"featured_media":601008,"comment_status":"","ping_status":"","sticky":false,"template":"","format":"standard","meta":{"footnotes":""},"categories":[2821],"tags":[1111,11,829,26141,70814,1777,674,1011,27,1272,12,584,25,104],"class_list":{"0":"post-607225","1":"post","2":"type-post","3":"status-publish","4":"format-standard","5":"has-post-thumbnail","7":"category-rennes","8":"tag-actu","9":"tag-actualites","10":"tag-bretagne","11":"tag-coordination-rurale","12":"tag-dermatose-nodulaire","13":"tag-eu","14":"tag-europe","15":"tag-fr","16":"tag-france","17":"tag-manifestations","18":"tag-news","19":"tag-rennes","20":"tag-republique-francaise","21":"tag-societe"},"share_on_mastodon":{"url":"https:\/\/pubeurope.com\/@fr\/115740149322687583","error":""},"_links":{"self":[{"href":"https:\/\/www.europesays.com\/fr\/wp-json\/wp\/v2\/posts\/607225","targetHints":{"allow":["GET"]}}],"collection":[{"href":"https:\/\/www.europesays.com\/fr\/wp-json\/wp\/v2\/posts"}],"about":[{"href":"https:\/\/www.europesays.com\/fr\/wp-json\/wp\/v2\/types\/post"}],"author":[{"embeddable":true,"href":"https:\/\/www.europesays.com\/fr\/wp-json\/wp\/v2\/users\/2"}],"replies":[{"embeddable":true,"href":"https:\/\/www.europesays.com\/fr\/wp-json\/wp\/v2\/comments?post=607225"}],"version-history":[{"count":0,"href":"https:\/\/www.europesays.com\/fr\/wp-json\/wp\/v2\/posts\/607225\/revisions"}],"wp:featuredmedia":[{"embeddable":true,"href":"https:\/\/www.europesays.com\/fr\/wp-json\/wp\/v2\/media\/601008"}],"wp:attachment":[{"href":"https:\/\/www.europesays.com\/fr\/wp-json\/wp\/v2\/media?parent=607225"}],"wp:term":[{"taxonomy":"category","embeddable":true,"href":"https:\/\/www.europesays.com\/fr\/wp-json\/wp\/v2\/categories?post=607225"},{"taxonomy":"post_tag","embeddable":true,"href":"https:\/\/www.europesays.com\/fr\/wp-json\/wp\/v2\/tags?post=607225"}],"curies":[{"name":"wp","href":"https:\/\/api.w.org\/{rel}","templated":true}]}}