{"id":607240,"date":"2025-12-18T10:51:21","date_gmt":"2025-12-18T10:51:21","guid":{"rendered":"https:\/\/www.europesays.com\/fr\/607240\/"},"modified":"2025-12-18T10:51:21","modified_gmt":"2025-12-18T10:51:21","slug":"manifestations-des-agriculteurs-a-poitiers-et-chatellerault-ce-mardi-soir","status":"publish","type":"post","link":"https:\/\/www.europesays.com\/fr\/607240\/","title":{"rendered":"manifestations des agriculteurs \u00e0 Poitiers et Ch\u00e2tellerault ce mardi soir"},"content":{"rendered":"<p itemprop=\"description\">Depuis plusieurs jours, des agriculteurs manifestent dans le Sud-Ouest et le mouvement s&rsquo;\u00e9tend. Des points de blocage sont signal\u00e9s pr\u00e8s de Poitiers et Ch\u00e2tellerault sur l&rsquo;autoroute A10. Tandis que l\u2019A63, dans la continuit\u00e9 apr\u00e8s Bordeaux, reste totalement ferm\u00e9e entre Bordeaux et Marcheprime.<\/p>\n<p>        Les mobilisations agricoles se poursuivent entra\u00eenant des difficult\u00e9s de circulation sur plusieurs grands axes. Les agriculteurs, ont install\u00e9 des zones de blocage dans l&rsquo;Ouest du pays.A10\u202f: sorties d\u00e9conseill\u00e9es \u00e0 Poitiers et Ch\u00e2tellerault<br \/>&#13;<\/p>\n<ul>\n<li>\u00c0 Poitiers, plusieurs cort\u00e8ges de tracteurs se sont rapproch\u00e9s de l&rsquo;\u00e9changeur n\u00b030 Poitiers Sud avec la volont\u00e9 de bloquer la circulation dans les deux sens de circulation. Des sorties obligatoires \u00e0 Saint Maixent L&rsquo;\u00e9cole Lusignan (n\u00b031) et Poitiers Nord (n\u00b029) pourraient \u00eatre mises en place pour \u00e9viter la difficult\u00e9. <br \/>&#13;<\/li>\n<li>\u00c0 Ch\u00e2tellerault, des agriculteurs se sont install\u00e9s ce mardi apr\u00e8s-midi pr\u00e8s du rond-point situ\u00e9 apr\u00e8s la sortie Ch\u00e2tellerault Nord (n\u00b026). Des tracteurs bloquent les sorties et entr\u00e9es de l&rsquo;autoroute. <br \/>&#13;<\/li>\n<li>Un blocage de l&rsquo;A10 est possible ce mercredi matin entre Orl\u00e9ans et Tours. <br \/>&#13;<\/li>\n<li>\u00c0 Angoul\u00eame, la RN10 est coup\u00e9e dans le sens Nord-Sud.<\/li>\n<\/ul>\n<p>\nA63\u202f: fermeture totale entre Bordeaux et Marcheprime<br \/>&#13;<br \/>\nAu del\u00e0 de Bordeaux, l\u2019A63 est totalement ferm\u00e9e dans les deux sens entre la rocade bordelaise et Marcheprime (sortie n\u00b023). En direction de Biarritz, il est impossible d\u2019acc\u00e9der \u00e0 l\u2019A63. Les conducteurs sont invit\u00e9s \u00e0 emprunter la sortie Pessac (n\u00b013) de la rocade bordelaise pour contourner la zone.    <\/p>\n","protected":false},"excerpt":{"rendered":"Depuis plusieurs jours, des agriculteurs manifestent dans le Sud-Ouest et le mouvement s&rsquo;\u00e9tend. Des points de blocage sont&hellip;\n","protected":false},"author":2,"featured_media":601760,"comment_status":"","ping_status":"","sticky":false,"template":"","format":"standard","meta":{"footnotes":""},"categories":[2817],"tags":[1111,11,2572,6955,1997,19489,1777,674,1011,27,7285,1272,15221,9778,12,2219,2513,1653,25,3467],"class_list":{"0":"post-607240","1":"post","2":"type-post","3":"status-publish","4":"format-standard","5":"has-post-thumbnail","7":"category-bordeaux","8":"tag-actu","9":"tag-actualites","10":"tag-agriculteurs","11":"tag-autoroute","12":"tag-bordeaux","13":"tag-chatellerault","14":"tag-eu","15":"tag-europe","16":"tag-fr","17":"tag-france","18":"tag-jours","19":"tag-manifestations","20":"tag-manifestent","21":"tag-mardi","22":"tag-news","23":"tag-nouvelle-aquitaine","24":"tag-plusieurs","25":"tag-poitiers","26":"tag-republique-francaise","27":"tag-soir"},"share_on_mastodon":{"url":"https:\/\/pubeurope.com\/@fr\/115740192767090133","error":""},"_links":{"self":[{"href":"https:\/\/www.europesays.com\/fr\/wp-json\/wp\/v2\/posts\/607240","targetHints":{"allow":["GET"]}}],"collection":[{"href":"https:\/\/www.europesays.com\/fr\/wp-json\/wp\/v2\/posts"}],"about":[{"href":"https:\/\/www.europesays.com\/fr\/wp-json\/wp\/v2\/types\/post"}],"author":[{"embeddable":true,"href":"https:\/\/www.europesays.com\/fr\/wp-json\/wp\/v2\/users\/2"}],"replies":[{"embeddable":true,"href":"https:\/\/www.europesays.com\/fr\/wp-json\/wp\/v2\/comments?post=607240"}],"version-history":[{"count":0,"href":"https:\/\/www.europesays.com\/fr\/wp-json\/wp\/v2\/posts\/607240\/revisions"}],"wp:featuredmedia":[{"embeddable":true,"href":"https:\/\/www.europesays.com\/fr\/wp-json\/wp\/v2\/media\/601760"}],"wp:attachment":[{"href":"https:\/\/www.europesays.com\/fr\/wp-json\/wp\/v2\/media?parent=607240"}],"wp:term":[{"taxonomy":"category","embeddable":true,"href":"https:\/\/www.europesays.com\/fr\/wp-json\/wp\/v2\/categories?post=607240"},{"taxonomy":"post_tag","embeddable":true,"href":"https:\/\/www.europesays.com\/fr\/wp-json\/wp\/v2\/tags?post=607240"}],"curies":[{"name":"wp","href":"https:\/\/api.w.org\/{rel}","templated":true}]}}