{"id":607250,"date":"2025-12-18T10:57:12","date_gmt":"2025-12-18T10:57:12","guid":{"rendered":"https:\/\/www.europesays.com\/fr\/607250\/"},"modified":"2025-12-18T10:57:12","modified_gmt":"2025-12-18T10:57:12","slug":"marseille-doit-continuer-a-etre-debout-appelle-amine-kessaci-invite-du-conseil-municipal","status":"publish","type":"post","link":"https:\/\/www.europesays.com\/fr\/607250\/","title":{"rendered":"\u00ab\u00a0Marseille doit continuer \u00e0 \u00eatre debout\u00a0\u00bb, appelle Amine Kessaci, invit\u00e9 du conseil municipal"},"content":{"rendered":"<p>\u00ab\u00a0Marseille a \u00e9t\u00e9 debout, Marseille doit continuer \u00e0 \u00eatre debout face \u00e0 la guerre de la drogue, face \u00e0 celles et ceux qui veulent semer la terreur dans nos rues, qui veulent faire taire\u00a0\u00bb, a d\u00e9clar\u00e9 Amine Kessaci, 22 ans, endeuill\u00e9 par la mort de deux de ses fr\u00e8res, dont un assassin\u00e9 le 13 novembre sans doute pour le faire taire.<\/p>\n<p>Accueilli par des applaudissements nourris, le jeune homme a r\u00e9clam\u00e9 \u00ab\u00a0des actions concr\u00e8tes\u00a0\u00bb. \u00ab\u00a0Sans la r\u00e9novation des \u00e9coles, sans la cr\u00e9ation de services publics, sans l&rsquo;action des centres sociaux, on ne pourra jamais sortir ces enfants des quartiers\u00a0\u00bb.<\/p>\n<p>Pour le militant \u00e9cologiste, \u00ab\u00a0attaquer les petits jeunes au pied d&rsquo;immeuble ne va pas stopper ces trafics internationaux\u00a0\u00bb. Il faut \u00ab\u00a0exiger des pays comme l&rsquo;Arabie Saoudite, comme le Qatar, comme la Tha\u00eflande\u00a0\u00bb d&rsquo;extrader \u00ab\u00a0les t\u00eates de r\u00e9seau qui vivent tr\u00e8s bien de l&rsquo;argent de la drogue, vivent loin du territoire et font couler le sang ici chez nous et nos enfants se retrouvent assassin\u00e9s\u00a0\u00bb.<\/p>\n<p>Mardi, lors de son d\u00e9placement \u00e0 Marseille, le pr\u00e9sident de la R\u00e9publique Emmanuel Macron a r\u00e9affirm\u00e9 sa d\u00e9termination \u00e0 mener la \u00ab\u00a0guerre\u00a0\u00bb contre le narcotrafic.<\/p>\n<p>Il a affich\u00e9 sa volont\u00e9 d&rsquo;aller \u00ab\u00a0chercher dans les pays o\u00f9 sont les t\u00eates de r\u00e9seau de la coop\u00e9ration, pour pouvoir saisir leurs biens, pour pouvoir arr\u00eater les t\u00eates de r\u00e9seau, nous les restituer\u00a0\u00bb.<\/p>\n<p>Le chef de l\u2019Etat doit se rendre dimanche pour le No\u00ebl aux troupes aux Emirats arabes unis, o\u00f9 d&rsquo;importants narcotrafiquants ont trouv\u00e9 refuge, selon la justice fran\u00e7aise.<\/p>\n","protected":false},"excerpt":{"rendered":"\u00ab\u00a0Marseille a \u00e9t\u00e9 debout, Marseille doit continuer \u00e0 \u00eatre debout face \u00e0 la guerre de la drogue, face&hellip;\n","protected":false},"author":2,"featured_media":607251,"comment_status":"","ping_status":"","sticky":false,"template":"","format":"standard","meta":{"footnotes":""},"categories":[2814],"tags":[17,1111,11,25105,18235,19158,40057,5404,1086,1777,674,1011,27,329,884,12,882,25],"class_list":{"0":"post-607250","1":"post","2":"type-post","3":"status-publish","4":"format-standard","5":"has-post-thumbnail","7":"category-marseille","8":"tag-17","9":"tag-actu","10":"tag-actualites","11":"tag-amine","12":"tag-appelle","13":"tag-continuer","14":"tag-debout","15":"tag-doit","16":"tag-etre","17":"tag-eu","18":"tag-europe","19":"tag-fr","20":"tag-france","21":"tag-france-monde","22":"tag-marseille","23":"tag-news","24":"tag-provence-alpes-cote-dazur","25":"tag-republique-francaise"},"share_on_mastodon":{"url":"https:\/\/pubeurope.com\/@fr\/115740216244125279","error":""},"_links":{"self":[{"href":"https:\/\/www.europesays.com\/fr\/wp-json\/wp\/v2\/posts\/607250","targetHints":{"allow":["GET"]}}],"collection":[{"href":"https:\/\/www.europesays.com\/fr\/wp-json\/wp\/v2\/posts"}],"about":[{"href":"https:\/\/www.europesays.com\/fr\/wp-json\/wp\/v2\/types\/post"}],"author":[{"embeddable":true,"href":"https:\/\/www.europesays.com\/fr\/wp-json\/wp\/v2\/users\/2"}],"replies":[{"embeddable":true,"href":"https:\/\/www.europesays.com\/fr\/wp-json\/wp\/v2\/comments?post=607250"}],"version-history":[{"count":0,"href":"https:\/\/www.europesays.com\/fr\/wp-json\/wp\/v2\/posts\/607250\/revisions"}],"wp:featuredmedia":[{"embeddable":true,"href":"https:\/\/www.europesays.com\/fr\/wp-json\/wp\/v2\/media\/607251"}],"wp:attachment":[{"href":"https:\/\/www.europesays.com\/fr\/wp-json\/wp\/v2\/media?parent=607250"}],"wp:term":[{"taxonomy":"category","embeddable":true,"href":"https:\/\/www.europesays.com\/fr\/wp-json\/wp\/v2\/categories?post=607250"},{"taxonomy":"post_tag","embeddable":true,"href":"https:\/\/www.europesays.com\/fr\/wp-json\/wp\/v2\/tags?post=607250"}],"curies":[{"name":"wp","href":"https:\/\/api.w.org\/{rel}","templated":true}]}}