{"id":607260,"date":"2025-12-18T11:03:14","date_gmt":"2025-12-18T11:03:14","guid":{"rendered":"https:\/\/www.europesays.com\/fr\/607260\/"},"modified":"2025-12-18T11:03:14","modified_gmt":"2025-12-18T11:03:14","slug":"un-corps-decouvert-dans-la-seine-a-paris-une-enquete-en-recherche-des-causes-de-la-mort-ouverte","status":"publish","type":"post","link":"https:\/\/www.europesays.com\/fr\/607260\/","title":{"rendered":"Un corps d\u00e9couvert dans la Seine \u00e0 Paris, une enqu\u00eate en recherche des causes de la mort ouverte"},"content":{"rendered":"<p class=\"mb-4 text-lg md:leading-8 break-words\">Une enqu\u00eate en \u00ab\u00a0recherche des causes de la mort\u00a0\u00bb est en cours apr\u00e8s la d\u00e9couverte, mercredi 17 d\u00e9cembre, d&rsquo;un corps flottant dans la Seine au niveau du Pont-Neuf, a appris BFM aupr\u00e8s du parquet de Paris, confirmant une information du <a href=\"https:\/\/www.lefigaro.fr\/faits-divers\/paris-le-corps-d-un-homme-ampute-retrouve-dans-la-seine-enquete-ouverte-pour-determiner-les-causes-du-deces-20251218\" rel=\"nofollow noopener\" target=\"_blank\" data-ylk=\"slk:Figaro;elm:context_link;itc:0;sec:content-canvas\" class=\"link \">Figaro<\/a>.<\/p>\n<p class=\"mb-4 text-lg md:leading-8 break-words\">Nos confr\u00e8res indiquent que plusieurs traces ont \u00e9t\u00e9 d\u00e9couvertes sur le cadavre. De son c\u00f4t\u00e9, le parquet appelle \u00e0 la prudence et rappelle que des marques sur un corps rep\u00each\u00e9 peuvent \u00eatre \u00ab\u00a0li\u00e9es \u00e0 son parcours dans la Seine et sa rencontre parfois brutale avec des obstacles\u00a0\u00bb.<\/p>\n<p class=\"mb-4 text-lg md:leading-8 break-words\">Les investigations ont \u00e9t\u00e9 confi\u00e9es au commissariat des 5e et 6e arrondissements de Paris.<\/p>\n<p class=\"mb-4 text-lg md:leading-8 break-words\"><a href=\"https:\/\/www.bfmtv.com\/police-justice\/un-corps-decouvert-dans-la-seine-a-paris-une-enquete-en-recherche-des-causes-de-la-mort-ouverte_AN-202512180483.html#xtor=AL-68\" rel=\"nofollow noopener\" target=\"_blank\" data-ylk=\"slk:Article original publi\u00e9 sur BFMTV.com;elm:context_link;itc:0;sec:content-canvas\" class=\"link \">Article original publi\u00e9 sur BFMTV.com<\/a><\/p>\n","protected":false},"excerpt":{"rendered":"Une enqu\u00eate en \u00ab\u00a0recherche des causes de la mort\u00a0\u00bb est en cours apr\u00e8s la d\u00e9couverte, mercredi 17 d\u00e9cembre,&hellip;\n","protected":false},"author":2,"featured_media":607261,"comment_status":"","ping_status":"","sticky":false,"template":"","format":"standard","meta":{"footnotes":""},"categories":[1888],"tags":[1111,1928,11,1927,21895,1777,674,1011,27,22129,5353,12,1926,626,1925,25],"class_list":{"0":"post-607260","1":"post","2":"type-post","3":"status-publish","4":"format-standard","5":"has-post-thumbnail","7":"category-paris","8":"tag-actu","9":"tag-actu-paris","10":"tag-actualites","11":"tag-actualites-paris","12":"tag-bfm","13":"tag-eu","14":"tag-europe","15":"tag-fr","16":"tag-france","17":"tag-la-mort","18":"tag-la-seine","19":"tag-news","20":"tag-news-paris","21":"tag-paris","22":"tag-paris-news","23":"tag-republique-francaise"},"share_on_mastodon":{"url":"https:\/\/pubeurope.com\/@fr\/115740239939356486","error":""},"_links":{"self":[{"href":"https:\/\/www.europesays.com\/fr\/wp-json\/wp\/v2\/posts\/607260","targetHints":{"allow":["GET"]}}],"collection":[{"href":"https:\/\/www.europesays.com\/fr\/wp-json\/wp\/v2\/posts"}],"about":[{"href":"https:\/\/www.europesays.com\/fr\/wp-json\/wp\/v2\/types\/post"}],"author":[{"embeddable":true,"href":"https:\/\/www.europesays.com\/fr\/wp-json\/wp\/v2\/users\/2"}],"replies":[{"embeddable":true,"href":"https:\/\/www.europesays.com\/fr\/wp-json\/wp\/v2\/comments?post=607260"}],"version-history":[{"count":0,"href":"https:\/\/www.europesays.com\/fr\/wp-json\/wp\/v2\/posts\/607260\/revisions"}],"wp:featuredmedia":[{"embeddable":true,"href":"https:\/\/www.europesays.com\/fr\/wp-json\/wp\/v2\/media\/607261"}],"wp:attachment":[{"href":"https:\/\/www.europesays.com\/fr\/wp-json\/wp\/v2\/media?parent=607260"}],"wp:term":[{"taxonomy":"category","embeddable":true,"href":"https:\/\/www.europesays.com\/fr\/wp-json\/wp\/v2\/categories?post=607260"},{"taxonomy":"post_tag","embeddable":true,"href":"https:\/\/www.europesays.com\/fr\/wp-json\/wp\/v2\/tags?post=607260"}],"curies":[{"name":"wp","href":"https:\/\/api.w.org\/{rel}","templated":true}]}}