{"id":607268,"date":"2025-12-18T11:07:13","date_gmt":"2025-12-18T11:07:13","guid":{"rendered":"https:\/\/www.europesays.com\/fr\/607268\/"},"modified":"2025-12-18T11:07:13","modified_gmt":"2025-12-18T11:07:13","slug":"les-dirigeants-de-lue-reunis-pour-debloquer-le-pret-de-reparation-pour-lukraine","status":"publish","type":"post","link":"https:\/\/www.europesays.com\/fr\/607268\/","title":{"rendered":"Les dirigeants de l&rsquo;UE r\u00e9unis pour d\u00e9bloquer le pr\u00eat de r\u00e9paration pour l&rsquo;Ukraine"},"content":{"rendered":"<p>  Par&amp;nbsp<a href=\"https:\/\/fr.euronews.com\/profils\/1858\" target=\"_blank\" rel=\"noopener\">Jorge Liboreiro<\/a>&amp;nbsp&amp;&amp;nbsp<a href=\"https:\/\/fr.euronews.com\/profils\/3450\" target=\"_blank\" rel=\"noopener\">Alice Tidey<\/a>&amp;nbsp&amp;&amp;nbsp<b>Vincenzo Genovese &amp; Eleonora Vasques &amp; Peggy Corlin &amp; Marta Pacheco<\/b><\/p>\n<p>\n         Publi\u00e9 le<br \/>\n            19\/12\/2025 &#8211; 6:30 UTC+1\n            <\/p>\n<p>Les 27 dirigeants de l&rsquo;Union europ\u00e9enne se r\u00e9unissent \u00e0 Bruxelles pour prendre une d\u00e9cision qui pourrait red\u00e9finir l&rsquo;architecture de s\u00e9curit\u00e9 du continent : comment r\u00e9unir au moins 90 milliards d&rsquo;euros pour r\u00e9pondre aux besoins financiers et militaires de l&rsquo;Ukraine pour 2026 et 2027.<\/p>\n<p>Les \u00c9tats-Unis faisant pression pour un accord rapide entre l&rsquo;Ukraine et la Russie, les diplomates et les fonctionnaires consid\u00e8rent le sommet d&rsquo;aujourd&rsquo;hui comme un moment d\u00e9cisif pour les Europ\u00e9ens, qui doivent maximiser leur influence collective et prouver qu&rsquo;ils ont toujours leur mot \u00e0 dire.<\/p>\n<p>\u00ab\u00a0Il ne s&rsquo;agit pas seulement de chiffres\u00a0\u00bb, a d\u00e9clar\u00e9 Ursula von der Leyen, pr\u00e9sidente de la Commission europ\u00e9enne, avant le sommet. \u00ab\u00a0Il s&rsquo;agit \u00e9galement de renforcer la capacit\u00e9 de l&rsquo;Ukraine \u00e0 garantir une v\u00e9ritable paix &#8211; une paix juste, une paix durable, une paix qui prot\u00e8ge l&rsquo;Ukraine et, partant, l&rsquo;Europe.\u00a0\u00bb<\/p>\n<p>Deux options principales sont sur la table pour atteindre le chiffre de 90 milliards d&rsquo;euros. La premi\u00e8re est une proposition novatrice visant \u00e0 canaliser les actifs immobilis\u00e9s de la Banque centrale russe vers un <a href=\"https:\/\/fr.euronews.com\/my-europe\/2025\/12\/05\/que-contient-le-pret-de-reparations-dursula-von-der-leyen-pour-aider-lukraine\" target=\"_blank\" rel=\"noopener\">pr\u00eat de r\u00e9paration \u00e0 taux z\u00e9ro <\/a>\u00e0 l&rsquo;Ukraine, que le pays ne serait invit\u00e9 \u00e0 rembourser qu&rsquo;une fois que Moscou aurait compens\u00e9 les dommages caus\u00e9s par son invasion &#8211; ce qui est extr\u00eamement improbable.<\/p>\n<p>La deuxi\u00e8me option est un emprunt commun sur les march\u00e9s financiers, comme l&rsquo;a fait la Commission au nom de tous les \u00c9tats membres pendant la pand\u00e9mie de COVID-19.<\/p>\n<p>Les deux options pr\u00e9sentent des avantages et des inconv\u00e9nients consid\u00e9rables qui p\u00e8sent lourdement sur l&rsquo;esprit des dirigeants. Mais il y a une diff\u00e9rence essentielle : alors que la dette commune n\u00e9cessiterait l&rsquo;unanimit\u00e9 pour modifier les r\u00e8gles budg\u00e9taires de l&rsquo;UE &#8211; un sc\u00e9nario presque impossible en raison de l&rsquo;opposition intransigeante de la Hongrie &#8211; le pr\u00eat pour les r\u00e9parations pourrait \u00eatre approuv\u00e9 avec une simple majorit\u00e9 qualifi\u00e9e.<\/p>\n<p>L&rsquo;arithm\u00e9tique a propuls\u00e9 la Belgique sous les feux de la rampe. Le pays d\u00e9tient 185 milliards d&rsquo;euros d&rsquo;actifs russes et craint d&rsquo;\u00eatre victime des repr\u00e9sailles sans appel de Moscou si le pr\u00eat pour les r\u00e9parations est accord\u00e9. Le Premier ministre belge, Bart De Wever, a qualifi\u00e9 la proposition de <a href=\"https:\/\/fr.euronews.com\/my-europe\/2025\/11\/28\/fondamentalement-errone-le-premier-ministre-belge-reaffirme-son-opposition-a-litilisation-\" target=\"_blank\" rel=\"noopener\">\u00ab\u00a0fondamentalement erron\u00e9e\u00a0\u00bb <\/a>et de \u00ab\u00a0multiplement dangereuse\u00a0\u00bb.<\/p>\n<p>Lors du sommet de jeudi, les dirigeants tenteront donc d&rsquo;apaiser les nombreuses inqui\u00e9tudes de Bart De Wever et de garantir la participation de la Belgique \u00e0 ce projet audacieux. Ces derniers jours, l&rsquo;Italie, la Bulgarie, Malte et la R\u00e9publique tch\u00e8que ont \u00e9mis des r\u00e9serves sur le pr\u00eat pour les r\u00e9parations, tandis qu&rsquo;Euroclear, le d\u00e9positaire des 185 milliards d&rsquo;euros,s&rsquo;est \u00e9galement montr\u00e9 critique.<\/p>\n<p>Un terrain accident\u00e9 en perspective<\/p>\n<p>Les n\u00e9gociations seront longues, ardues et potentiellement explosives. La Belgique a notamment exig\u00e9 des garanties illimit\u00e9es afin de se pr\u00e9munir contre tout \u00e9cueil. En revanche, les autres \u00c9tats membres veulent se contenter d&rsquo;un montant fixe.<\/p>\n<p>\u00ab\u00a0Nous voulons que tous les risques soient couverts et mutualis\u00e9s sans limitation, int\u00e9gralement et d\u00e8s le premier jour\u00a0\u00bb, a d\u00e9clar\u00e9 un diplomate de haut rang sous le couvert de l&rsquo;anonymat. \u00ab\u00a0Les risques auxquels nous sommes confront\u00e9s ne sont pas plafonn\u00e9s, et nous ne pouvons donc pas accepter une garantie assortie d&rsquo;un plafond.\u00a0\u00bb<\/p>\n<p>Ant\u00f3nio Costa, le pr\u00e9sident du Conseil europ\u00e9en, a promis que la Belgique ne serait pas \u00e9cart\u00e9e. \u00ab\u00a0Il ne s&rsquo;agit pas d&rsquo;une lutte entre l&rsquo;Europe et la Belgique\u00a0\u00bb, a-t-il d\u00e9clar\u00e9.<\/p>\n<p>Si les dirigeants parviennent \u00e0 convaincre Bart De Wever, la voie sera ouverte pour que le pr\u00eat destin\u00e9 \u00e0 financer les r\u00e9parations devienne une r\u00e9alit\u00e9. Si les dirigeants \u00e9chouent, ils discuteront de la dette commune sous l&rsquo;ombre du veto de la Hongrie. Si les deux options s&rsquo;av\u00e8rent insolubles, la Commission devra rapidement \u00e9laborer une solution provisoire pour garantir que l&rsquo;aide \u00e0 l&rsquo;Ukraine reste ininterrompue.<\/p>\n<p>\u00ab\u00a0La r\u00e9union durera aussi longtemps que n\u00e9cessaire\u00a0\u00bb, a d\u00e9clar\u00e9 un fonctionnaire de l&rsquo;UE, laissant entendre que le d\u00e9bat pourrait s&rsquo;\u00e9tendre jusqu&rsquo;\u00e0 vendredi, voire au-del\u00e0.<\/p>\n<p>Le temps presse : Kyiv a besoin d&rsquo;une nouvelle injection d&rsquo;aide \u00e9trang\u00e8re d\u00e8s le mois d&rsquo;avril. Apr\u00e8s le dernier <a href=\"https:\/\/fr.euronews.com\/my-europe\/2025\/10\/24\/la-belgique-soppose-au-pret-de-140-milliards-deuros-pour-lukraine-lors-du-sommet-de-lue\" target=\"_blank\" rel=\"noopener\">sommet peu concluant<\/a>, l&rsquo;Union europ\u00e9enne ne peut se permettre une nouvelle d\u00e9b\u00e2cle. Washington et Moscou ayant les yeux riv\u00e9s sur Bruxelles, les responsables admettent que l&rsquo;\u00e9chec n&rsquo;est pas une option.<\/p>\n","protected":false},"excerpt":{"rendered":"Par&amp;nbspJorge Liboreiro&amp;nbsp&amp;&amp;nbspAlice Tidey&amp;nbsp&amp;&amp;nbspVincenzo Genovese &amp; Eleonora Vasques &amp; Peggy Corlin &amp; Marta Pacheco Publi\u00e9 le 19\/12\/2025 &#8211; 6:30&hellip;\n","protected":false},"author":2,"featured_media":607269,"comment_status":"","ping_status":"","sticky":false,"template":"","format":"standard","meta":{"footnotes":""},"categories":[1590],"tags":[11,1777,674,12,132,60598,220,364],"class_list":{"0":"post-607268","1":"post","2":"type-post","3":"status-publish","4":"format-standard","5":"has-post-thumbnail","7":"category-ukraine","8":"tag-actualites","9":"tag-eu","10":"tag-europe","11":"tag-news","12":"tag-russie","13":"tag-sommet-de-leu","14":"tag-ukraine","15":"tag-union-europeenne"},"share_on_mastodon":{"url":"https:\/\/pubeurope.com\/@fr\/115740255601933900","error":""},"_links":{"self":[{"href":"https:\/\/www.europesays.com\/fr\/wp-json\/wp\/v2\/posts\/607268","targetHints":{"allow":["GET"]}}],"collection":[{"href":"https:\/\/www.europesays.com\/fr\/wp-json\/wp\/v2\/posts"}],"about":[{"href":"https:\/\/www.europesays.com\/fr\/wp-json\/wp\/v2\/types\/post"}],"author":[{"embeddable":true,"href":"https:\/\/www.europesays.com\/fr\/wp-json\/wp\/v2\/users\/2"}],"replies":[{"embeddable":true,"href":"https:\/\/www.europesays.com\/fr\/wp-json\/wp\/v2\/comments?post=607268"}],"version-history":[{"count":0,"href":"https:\/\/www.europesays.com\/fr\/wp-json\/wp\/v2\/posts\/607268\/revisions"}],"wp:featuredmedia":[{"embeddable":true,"href":"https:\/\/www.europesays.com\/fr\/wp-json\/wp\/v2\/media\/607269"}],"wp:attachment":[{"href":"https:\/\/www.europesays.com\/fr\/wp-json\/wp\/v2\/media?parent=607268"}],"wp:term":[{"taxonomy":"category","embeddable":true,"href":"https:\/\/www.europesays.com\/fr\/wp-json\/wp\/v2\/categories?post=607268"},{"taxonomy":"post_tag","embeddable":true,"href":"https:\/\/www.europesays.com\/fr\/wp-json\/wp\/v2\/tags?post=607268"}],"curies":[{"name":"wp","href":"https:\/\/api.w.org\/{rel}","templated":true}]}}