{"id":607287,"date":"2025-12-18T11:17:16","date_gmt":"2025-12-18T11:17:16","guid":{"rendered":"https:\/\/www.europesays.com\/fr\/607287\/"},"modified":"2025-12-18T11:17:16","modified_gmt":"2025-12-18T11:17:16","slug":"le-tours-vb-simpose-sans-souffrir-a-toulouse","status":"publish","type":"post","link":"https:\/\/www.europesays.com\/fr\/607287\/","title":{"rendered":"le Tours VB s\u2019impose sans souffrir \u00e0 Toulouse"},"content":{"rendered":"<p><strong>Toulouse\u00a0&#8211; TVB\u00a0: 0-3<\/strong><\/p>\n<p>Pas de fatigue qui tienne\u00a0! Trois jours apr\u00e8s s\u2019\u00eatre inclin\u00e9 \u00e0 Ankara (1-3) pour son entr\u00e9e en lice en Ligue des champions, Tours s\u2019est remis la t\u00eate \u00e0 l\u2019endroit en disposant facilement de Toulouse (3-0), ce samedi 13\u00a0d\u00e9cembre 2025 \u00e0 Toulouse. La neuvi\u00e8me victoire du TVB (pour deux d\u00e9faites), la troisi\u00e8me en d\u00e9placement&#8230;. <\/p>\n<p>    Cet article a \u00e9t\u00e9 tronqu\u00e9. Abonnez-vous pour lire l&rsquo;article complet sur notre site.<\/p>\n<p style=\"margin: 0 !important; padding: 0 !important; font-size: 12px !important;\">Cet article a \u00e9t\u00e9 tronqu\u00e9. Abonnez-vous pour lire l&rsquo;article complet.<\/p>\n<p>    <a href=\"https:\/\/www.lanouvellerepublique.fr\/abonnements\" style=\"display: inline-block; margin-top: 5px !important; padding: 6px 12px !important; background: #cb1c27; color: white; text-decoration: none; border-radius: 4px; font-size: 12px !important;\" target=\"_blank\" rel=\"noopener\"><br \/>\n      S&rsquo;abonner<br \/>\n    <\/a><\/p>\n","protected":false},"excerpt":{"rendered":"Toulouse\u00a0&#8211; TVB\u00a0: 0-3 Pas de fatigue qui tienne\u00a0! Trois jours apr\u00e8s s\u2019\u00eatre inclin\u00e9 \u00e0 Ankara (1-3) pour son&hellip;\n","protected":false},"author":2,"featured_media":607288,"comment_status":"","ping_status":"","sticky":false,"template":"","format":"standard","meta":{"footnotes":""},"categories":[1417],"tags":[1392,1011,27,1387,1655,60,1390,1471,2767,1470,1469],"class_list":{"0":"post-607287","1":"post","2":"type-post","3":"status-publish","4":"format-standard","5":"has-post-thumbnail","7":"category-volley","8":"tag-a-la-une-local","9":"tag-fr","10":"tag-france","11":"tag-indre-et-loire","12":"tag-ligue-a","13":"tag-sports","14":"tag-tours","15":"tag-tours-volley-ball","16":"tag-tvb-37","17":"tag-volley","18":"tag-volleyball"},"share_on_mastodon":{"url":"https:\/\/pubeurope.com\/@fr\/115740294856974304","error":""},"_links":{"self":[{"href":"https:\/\/www.europesays.com\/fr\/wp-json\/wp\/v2\/posts\/607287","targetHints":{"allow":["GET"]}}],"collection":[{"href":"https:\/\/www.europesays.com\/fr\/wp-json\/wp\/v2\/posts"}],"about":[{"href":"https:\/\/www.europesays.com\/fr\/wp-json\/wp\/v2\/types\/post"}],"author":[{"embeddable":true,"href":"https:\/\/www.europesays.com\/fr\/wp-json\/wp\/v2\/users\/2"}],"replies":[{"embeddable":true,"href":"https:\/\/www.europesays.com\/fr\/wp-json\/wp\/v2\/comments?post=607287"}],"version-history":[{"count":0,"href":"https:\/\/www.europesays.com\/fr\/wp-json\/wp\/v2\/posts\/607287\/revisions"}],"wp:featuredmedia":[{"embeddable":true,"href":"https:\/\/www.europesays.com\/fr\/wp-json\/wp\/v2\/media\/607288"}],"wp:attachment":[{"href":"https:\/\/www.europesays.com\/fr\/wp-json\/wp\/v2\/media?parent=607287"}],"wp:term":[{"taxonomy":"category","embeddable":true,"href":"https:\/\/www.europesays.com\/fr\/wp-json\/wp\/v2\/categories?post=607287"},{"taxonomy":"post_tag","embeddable":true,"href":"https:\/\/www.europesays.com\/fr\/wp-json\/wp\/v2\/tags?post=607287"}],"curies":[{"name":"wp","href":"https:\/\/api.w.org\/{rel}","templated":true}]}}