{"id":607301,"date":"2025-12-18T11:28:21","date_gmt":"2025-12-18T11:28:21","guid":{"rendered":"https:\/\/www.europesays.com\/fr\/607301\/"},"modified":"2025-12-18T11:28:21","modified_gmt":"2025-12-18T11:28:21","slug":"je-vais-mourir-cyril-hanouna-de-plus-en-plus-inquiet-au-sujet-de-la-sante-de-ce-chroniqueur-phare","status":"publish","type":"post","link":"https:\/\/www.europesays.com\/fr\/607301\/","title":{"rendered":"\u00ab\u00a0Je vais mourir\u00a0\u00bb, Cyril Hanouna de plus en plus inquiet au sujet de la sant\u00e9 de ce chroniqueur phare"},"content":{"rendered":"<p>      R\u00e9sum\u00e9<\/p>\n<p>Raymond, chroniqueur embl\u00e9matique de Cyril Hanouna, traverse une p\u00e9riode difficile. En plus d&rsquo;avoir perdu r\u00e9cemment un \u00eatre cher, son corps le fait souffrir ce qui le contraint \u00e0 multiplier les absences. <\/p>\n<p>        Sommaire<\/p>\n<p>Cela fait maintenant dix ans que Cyril Hanouna a donn\u00e9 sa chance \u00e0 <a href=\"https:\/\/www.public.fr\/raymond-aabou-pousse-vers-la-sortie-son-coup-de-gueule-en-direct-sur-tbt9\" target=\"_blank\" rel=\"noopener\">Raymond Aaabou<\/a>. En effet, c&rsquo;est en d\u00e9cembre\u00a02015 que le natif de Colombes a \u00e9t\u00e9 invit\u00e9 par <a href=\"https:\/\/www.public.fr\/cest-lui-qui-gagne-le-plus-cyril-hanouna-revele-lidentite-de-lanimateur-le-mieux-paye-du-paf\" target=\"_blank\" rel=\"noopener\">l&rsquo;animateur de 51 ans<\/a> \u00e0 rejoindre l&rsquo;\u00e9quipe de \u00ab\u00a0Touche pas \u00e0 mon poste\u00a0\u00bb sur C8 tout en conservant son poste de <strong>chauffeur-livreur <\/strong>dans le secteur de la restauration. Proche des probl\u00e9matiques des Fran\u00e7ais, <a href=\"https:\/\/www.public.fr\/tes-riche-tu-fermes-ta-gueule-raymond-aabou-atomise-geraldine-maillet-en-direct-dans-tbt9\" target=\"_blank\" rel=\"noopener\">l&rsquo;homme qui f\u00eatera ses 50 ans<\/a> le 26\u00a0f\u00e9vrier prochain est devenu<strong> un des chroniqueurs phares de \u00ab\u00a0Baba\u00a0\u00bb.<\/strong><\/p>\n<p>D&rsquo;ailleurs, ce n&rsquo;est pas franchement un hasard si lui et Cyril ont \u00e9t\u00e9 aper\u00e7us dans les rues de Saint-Tropez dans le Var l&rsquo;an dernier. Les deux hommes s&rsquo;appr\u00e9cient et ne s&rsquo;en cachent pas. Malheureusement, en ce moment, <strong>\u00e7a ne va pas fort pour Raymond<\/strong>. En effet, <a href=\"https:\/\/www.public.fr\/raymond-aabou-arrete-dans-la-rue-pour-un-film-avec-johnny-hallyday-ce-secret-bien-garde-par-le-chroniqueur-de-tpmp\" target=\"_blank\" rel=\"noopener\">le chroniqueur de \u00ab\u00a0Tout beau tout neuf\u00a0\u00bb<\/a> sur M6 passe <strong>une ann\u00e9e 2025 particuli\u00e8rement compliqu\u00e9e<\/strong>. D&rsquo;abord affect\u00e9 par la perte d&rsquo;un proche, c&rsquo;est d\u00e9sormais sa sant\u00e9 qui lui fait d\u00e9faut.<\/p>\n<p>Ainsi, ce mercredi 17\u00a0d\u00e9cembre, <a href=\"https:\/\/www.public.fr\/raymond-aabou-cash-sur-sa-situation-financiere-jalouse-et-attaque-en-plein-direct-dans-tpmp-le-chroniqueur-de-cyril-hanouna-vide-son-sac\" target=\"_blank\" rel=\"noopener\">le quarantenaire<\/a> a d\u00e9voil\u00e9 quelques-uns des <strong>sympt\u00f4mes qui perturbent son quotidien<\/strong>. \u00ab\u00a0J&rsquo;ai <strong>mon \u0153il gauche qui clignote <\/strong>[&#8230;], <strong>une douleur juste au-dessus du c\u0153ur<\/strong>. J&rsquo;ai mal et je ne peux plus dormir sur le c\u00f4t\u00e9 gauche. Le truc le plus grave\u00a0: je ris et je tousse [&#8230;] Il y a plein de trucs qui ne vont pas, je suis fatigu\u00e9\u00a0\u00bb, a-t-il fait savoir.<\/p>\n<p><img loading=\"lazy\" decoding=\"async\" width=\"1024\" height=\"624\" src=\"data:image\/svg+xml,%3Csvg%20xmlns=\" http:=\"\" alt=\"&quot;Je vais mourir&quot;, Cyril Hanouna de plus en plus inquiet au sujet de la sant\u00e9 de ce chroniqueur phare\" data-lazy- data-lazy- data-lazy-src=\"https:\/\/www.europesays.com\/fr\/wp-content\/uploads\/2025\/12\/Capture-decran-2025-12-18-101951-1-1024x624.png\"\/><\/p>\n<p>Capture W9<\/p>\n<p>Cyril Hanouna inquiet pour son chroniqueur Raymond <\/p>\n<p>Lors de l&rsquo;\u00e9mission, <strong>Raymond a<\/strong> <strong>\u00e9t\u00e9 appel\u00e9 au centre du plateau <\/strong>afin de dresser le bilan de son ann\u00e9e. \u00c0 cette occasion, nombreux ont \u00e9voqu\u00e9 les probl\u00e8mes de sant\u00e9 qui affectent <a href=\"https:\/\/www.google.com\/url?sa=t&amp;source=web&amp;rct=j&amp;opi=89978449&amp;url=https:\/\/www.public.fr\/tbt9-raymond-le-drame-derriere-son-absence-prolongee&amp;ved=2ahUKEwjE2Iyd8caRAxX9KvsDHSemKE0QFnoECC8QAQ&amp;usg=AOvVaw1STX4IkgWCnf9fxuVj0Md3\" target=\"_blank\" rel=\"noopener\">l&rsquo;ami de Cyril Hanouna<\/a> et ses absences r\u00e9p\u00e9t\u00e9es. \u00ab\u00a0<strong>Cette ann\u00e9e tu pars en kit. T&rsquo;as un probl\u00e8me \u00e0 l&rsquo;\u0153il, un probl\u00e8me de c\u0153ur<\/strong>. Donc l\u00e0 il y a un truc, il va falloir faire quelque chose. <strong>Il va falloir r\u00e9gler tout \u00e7a<\/strong>\u00ab\u00a0, lui a conseill\u00e9 <a href=\"https:\/\/www.google.com\/url?sa=t&amp;source=web&amp;rct=j&amp;opi=89978449&amp;url=https:\/\/vsd.fr\/76330-valerie-benaim-la-verite-sur-sa-maladie-a-quelques-jours-des-adieux\/&amp;ved=2ahUKEwij5cbG8MaRAxUlAfsDHT_3PJYQFnoECB4QAQ&amp;usg=AOvVaw2VJzgFfaqanXpLDWwANfkR\" target=\"_blank\" rel=\"noopener\">Val\u00e9rie B\u00e9na\u00efm<\/a> pour commencer. <\/p>\n<p>\u00ab\u00a0Effectivement, tu as une ann\u00e9e compliqu\u00e9e, mais malgr\u00e9 tout <strong>quand tu arrives ici, m\u00eame si tu arrives fatigu\u00e9, cass\u00e9, amoindri, tu es comme Johnny Hallyday<\/strong> en fait, tu te rel\u00e8ves et au premier d\u00e9bat, tu t&rsquo;\u00e9lectrises, tu repars comme en 40&Prime;, a poursuivi <a href=\"https:\/\/www.google.com\/url?sa=t&amp;source=web&amp;rct=j&amp;opi=89978449&amp;url=https:\/\/vsd.fr\/81001-de-tpmp-aux-tables-de-poker-geraldine-maillet-simpose-dans-un-tournoi-majeur\/&amp;ved=2ahUKEwjmwJHA8MaRAxWONfsDHV6EMIoQFnoECBYQAQ&amp;usg=AOvVaw1rsVadXWILrWY20TQKf4JQ\" target=\"_blank\" rel=\"noopener\">G\u00e9raldine Maillet<\/a> avant de lui sugg\u00e9rer de faire gaffe \u00e0 lui. Le principal int\u00e9ress\u00e9 a notamment \u00e9voqu\u00e9 <strong>son probl\u00e8me \u00e0 l&rsquo;\u0153il qui \u00ab\u00a0se ferme tous les jours, de jour en jour\u00a0\u00bb<\/strong> et qui a m\u00eame \u00ab\u00a0<strong>du sang autour<\/strong>\u00ab\u00a0.<\/p>\n<p>Une situation qui n&rsquo;amuse plus du tout son boss. \u00ab\u00a0Au d\u00e9but, c&rsquo;est vrai que \u00e7a me faisait bien marrer ces histoires de &lsquo;Il a mal au ventre, il a mal \u00e0 l&rsquo;\u0153il, il a mal \u00e0 la t\u00eate, il a mal aux pieds\u2026&rsquo;. Mais l\u00e0, je dois dire que depuis ce matin, je lui ai envoy\u00e9 un petit message, je lui ai dit\u00a0: &lsquo;Est-ce que tu veux que je m&rsquo;occupe de toi\u00a0?'\u00a0\u00bb, a confi\u00e9 <a href=\"https:\/\/www.google.com\/url?sa=t&amp;source=web&amp;rct=j&amp;opi=89978449&amp;url=https:\/\/vsd.fr\/90072-cyril-hanouna-sennuie-devant-la-star-academy-quand-le-roi-du-buzz-reclame-plus-de-peps\/&amp;ved=2ahUKEwjptM-48MaRAxWRVKQEHYs-GzcQFnoECB4QAQ&amp;usg=AOvVaw1HMclcZoWWV6Fv2tou0UV8\" target=\"_blank\" rel=\"noopener\">le papa de Lino et Bianca<\/a> assurant \u00e9galement que <strong>s&rsquo;il avait eu \u00ab\u00a0son truc \u00e0 l&rsquo;\u0153il. Je suis allong\u00e9, je dis\u00a0: &lsquo;Je vais mourir&rsquo;.\u00a0\u00bb<\/strong><\/p>\n<p>\n          Hits &amp; People en continu\n        <\/p>\n<p>\n          Public Radio\n        <\/p>\n<p>      Mentionn\u00e9s dans cet article<\/p>\n<p>      Sur le m\u00eame sujet<\/p>\n","protected":false},"excerpt":{"rendered":"R\u00e9sum\u00e9 Raymond, chroniqueur embl\u00e9matique de Cyril Hanouna, traverse une p\u00e9riode difficile. En plus d&rsquo;avoir perdu r\u00e9cemment un \u00eatre&hellip;\n","protected":false},"author":2,"featured_media":607302,"comment_status":"","ping_status":"","sticky":false,"template":"","format":"standard","meta":{"footnotes":""},"categories":[1356],"tags":[3721,1083,58,59,1011,27,494,226,252,22498,22497,1364,2395],"class_list":{"0":"post-607301","1":"post","2":"type-post","3":"status-publish","4":"format-standard","5":"has-post-thumbnail","7":"category-television","8":"tag-chroniqueur","9":"tag-cyril-hanouna","10":"tag-divertissement","11":"tag-entertainment","12":"tag-fr","13":"tag-france","14":"tag-m6","15":"tag-maladie","16":"tag-television","17":"tag-tout-9-tbt9","18":"tag-tout-beau","19":"tag-tv","20":"tag-w9"},"share_on_mastodon":{"url":"https:\/\/pubeurope.com\/@fr\/115740338130162983","error":""},"_links":{"self":[{"href":"https:\/\/www.europesays.com\/fr\/wp-json\/wp\/v2\/posts\/607301","targetHints":{"allow":["GET"]}}],"collection":[{"href":"https:\/\/www.europesays.com\/fr\/wp-json\/wp\/v2\/posts"}],"about":[{"href":"https:\/\/www.europesays.com\/fr\/wp-json\/wp\/v2\/types\/post"}],"author":[{"embeddable":true,"href":"https:\/\/www.europesays.com\/fr\/wp-json\/wp\/v2\/users\/2"}],"replies":[{"embeddable":true,"href":"https:\/\/www.europesays.com\/fr\/wp-json\/wp\/v2\/comments?post=607301"}],"version-history":[{"count":0,"href":"https:\/\/www.europesays.com\/fr\/wp-json\/wp\/v2\/posts\/607301\/revisions"}],"wp:featuredmedia":[{"embeddable":true,"href":"https:\/\/www.europesays.com\/fr\/wp-json\/wp\/v2\/media\/607302"}],"wp:attachment":[{"href":"https:\/\/www.europesays.com\/fr\/wp-json\/wp\/v2\/media?parent=607301"}],"wp:term":[{"taxonomy":"category","embeddable":true,"href":"https:\/\/www.europesays.com\/fr\/wp-json\/wp\/v2\/categories?post=607301"},{"taxonomy":"post_tag","embeddable":true,"href":"https:\/\/www.europesays.com\/fr\/wp-json\/wp\/v2\/tags?post=607301"}],"curies":[{"name":"wp","href":"https:\/\/api.w.org\/{rel}","templated":true}]}}