{"id":607311,"date":"2025-12-18T11:33:15","date_gmt":"2025-12-18T11:33:15","guid":{"rendered":"https:\/\/www.europesays.com\/fr\/607311\/"},"modified":"2025-12-18T11:33:15","modified_gmt":"2025-12-18T11:33:15","slug":"josiane-balasko-et-marilou-berry-invitees-de-lea-salame-au-jt-de-20h-de-france-2-la-journaliste-recadree","status":"publish","type":"post","link":"https:\/\/www.europesays.com\/fr\/607311\/","title":{"rendered":"Josiane Balasko et Marilou Berry invit\u00e9es de L\u00e9a Salam\u00e9 au JT de 20h de France 2 : la journaliste recadr\u00e9e"},"content":{"rendered":"<p>      R\u00e9sum\u00e9<\/p>\n<p>Josiane Balasko et Marilou Berry, invit\u00e9es ensemble au JT de France 2, \u00e9voquent leur complicit\u00e9 et les d\u00e9fis de partager la sc\u00e8ne lors de leur prochaine pi\u00e8ce de th\u00e9\u00e2tre.<\/p>\n<p>        Sommaire<\/p>\n<p>En pleine promotion de leur nouvelle pi\u00e8ce de th\u00e9\u00e2tre baptis\u00e9e <strong>\u00c7a, c&rsquo;est l&rsquo;amour<\/strong>, dont le lancement est pr\u00e9vu le 23 janvier prochain, les com\u00e9diennes <strong><a href=\"https:\/\/www.public.fr\/josiane-balasko-violemment-critiquee-apres-etre-apparue-en-bonne-soeur-a-caen\" target=\"_blank\" rel=\"noopener\">Josiane Balasko<\/a> et Marilou Berry<\/strong> \u00e9taient, ce mercredi 17 d\u00e9cembre 2025, les invit\u00e9es de <strong>L\u00e9a Salam\u00e9<\/strong> sur le plateau du 20 heures de <a href=\"https:\/\/x.com\/le20hfrancetele\" target=\"_blank\" rel=\"noreferrer noopener\">France 2<\/a>. <\/p>\n<p>\u00c0 cette occasion, la journaliste n&rsquo;a pas manqu\u00e9 d&rsquo;interroger le duo sur leur relation m\u00e8re-fille et sur les d\u00e9fis que peut repr\u00e9senter le fait de travailler ensemble. <\/p>\n<p>L\u00e9a Salam\u00e9 recadr\u00e9e en plein direct<\/p>\n<p>\u00ab\u00a0Josiane Balasko et Marilou Berry, vous allez passer toutes vos soir\u00e9es pendant quatre mois ensemble sur sc\u00e8ne au Th\u00e9\u00e2tre des Bouffes-Parisiens, \u00e0 partir de janvier. <strong>\u00c7a va \u00eatre facile de vivre avec sa m\u00e8re, de vivre avec sa fille, tous les soirs, tous les soirs, tous les soirs ?<\/strong>\u00ab\u00a0, a demand\u00e9 L\u00e9a Salam\u00e9. Une question \u00e0 laquelle Marilou Berry a r\u00e9pondu sans d\u00e9tour, et avec une pointe de fermet\u00e9. <\/p>\n<p>Visiblement peu encline \u00e0 s&rsquo;attarder sur d&rsquo;\u00e9ventuelles tensions, la com\u00e9dienne a coup\u00e9 court : \u00ab\u00a0<strong>Oui, sinon on ne serait pas l\u00e0<\/strong>\u00ab\u00a0, a-t-elle lanc\u00e9. Une r\u00e9ponse pour le moins directe, qui a eu pour effet de recadrer subtilement l&rsquo;animatrice. <\/p>\n<p>Josiane Balasko et Marilou Berry unies sur sc\u00e8ne comme dans la vie<\/p>\n<p>\u00ab\u00a0<strong>Marilou avait tr\u00e8s envie<\/strong> et en plus, la pi\u00e8ce permet d&rsquo;\u00e9vacuer les tensions. Parce que quand m\u00eame, elle est odieuse : \u00e0 un moment donn\u00e9, elle me pourrit d&rsquo;injures et d&rsquo;insultes, et tout \u00e7a.\u00a0Donc on est assez d\u00e9tendues apr\u00e8s\u00a0\u00bb, a d\u00e9velopp\u00e9 Josiane Balasko.  <\/p>\n<p>Et Marilou Berry de rench\u00e9rir : \u00ab\u00a0<strong>C&rsquo;est tr\u00e8s rare de pouvoir passer autant de temps avec ses parents quand on a cet \u00e2ge-l\u00e0.<\/strong> On retrouve presque un rythme d&rsquo;enfant, finalement, en passant autant de temps le soir. L\u00e0, on s&rsquo;est rendu compte qu&rsquo;on allait passer toutes les deux nos anniversaires ensemble, alors que d&rsquo;habitude, on bosse, on se retrouve les week-ends,\u00a0moi, je suis tr\u00e8s contente, au contraire.\u00a0\u00bb<\/p>\n<p>M\u00e8re et fille affichent une complicit\u00e9 \u00e9vidente !<\/p>\n<blockquote class=\"twitter-tweet\">\n<p>\ud83c\udf9e\ud83d\udcac \u201cC\u2019est rare de pouvoir passer autant de temps avec ses parents \u00e0 cet \u00e2ge-l\u00e0\u201c<\/p>\n<p>Josiane Balasko et sa fille Marilou Berry partageront l&rsquo;affiche au th\u00e9\u00e2tre dans \u00ab \u00c7a, c\u2019est l\u2019amour \u00bb. <a href=\"https:\/\/twitter.com\/hashtag\/JT20h?src=hash&amp;ref_src=twsrc%5Etfw\" target=\"_blank\" rel=\"noopener\">#JT20h<\/a> <a href=\"https:\/\/t.co\/HrVcFonWhl\">pic.twitter.com\/HrVcFonWhl<\/a><\/p>\n<p>\u2014 Le20h-France T\u00e9l\u00e9visions (@le20hfrancetele) <a href=\"https:\/\/twitter.com\/le20hfrancetele\/status\/2001383144763916499?ref_src=twsrc%5Etfw\" target=\"_blank\" rel=\"noopener\">December 17, 2025<\/a><\/p><\/blockquote>\n<p>\n          Hits &amp; People en continu\n        <\/p>\n<p>\n          Public Radio\n        <\/p>\n<p>      Mentionn\u00e9s dans cet article<\/p>\n<p>      Sur le m\u00eame sujet<\/p>\n<p>  <script async src=\"https:\/\/platform.twitter.com\/widgets.js\" charset=\"utf-8\"><\/script><\/p>\n","protected":false},"excerpt":{"rendered":"R\u00e9sum\u00e9 Josiane Balasko et Marilou Berry, invit\u00e9es ensemble au JT de France 2, \u00e9voquent leur complicit\u00e9 et les&hellip;\n","protected":false},"author":2,"featured_media":607312,"comment_status":"","ping_status":"","sticky":false,"template":"","format":"standard","meta":{"footnotes":""},"categories":[8],"tags":[58,59,1011,27,41496,26420,5546],"class_list":{"0":"post-607311","1":"post","2":"type-post","3":"status-publish","4":"format-standard","5":"has-post-thumbnail","7":"category-divertissement","8":"tag-divertissement","9":"tag-entertainment","10":"tag-fr","11":"tag-france","12":"tag-josiane-balasko","13":"tag-journal-de-20-heures-de-france-2","14":"tag-marilou-berry"},"share_on_mastodon":{"url":"https:\/\/pubeurope.com\/@fr\/115740357588000109","error":""},"_links":{"self":[{"href":"https:\/\/www.europesays.com\/fr\/wp-json\/wp\/v2\/posts\/607311","targetHints":{"allow":["GET"]}}],"collection":[{"href":"https:\/\/www.europesays.com\/fr\/wp-json\/wp\/v2\/posts"}],"about":[{"href":"https:\/\/www.europesays.com\/fr\/wp-json\/wp\/v2\/types\/post"}],"author":[{"embeddable":true,"href":"https:\/\/www.europesays.com\/fr\/wp-json\/wp\/v2\/users\/2"}],"replies":[{"embeddable":true,"href":"https:\/\/www.europesays.com\/fr\/wp-json\/wp\/v2\/comments?post=607311"}],"version-history":[{"count":0,"href":"https:\/\/www.europesays.com\/fr\/wp-json\/wp\/v2\/posts\/607311\/revisions"}],"wp:featuredmedia":[{"embeddable":true,"href":"https:\/\/www.europesays.com\/fr\/wp-json\/wp\/v2\/media\/607312"}],"wp:attachment":[{"href":"https:\/\/www.europesays.com\/fr\/wp-json\/wp\/v2\/media?parent=607311"}],"wp:term":[{"taxonomy":"category","embeddable":true,"href":"https:\/\/www.europesays.com\/fr\/wp-json\/wp\/v2\/categories?post=607311"},{"taxonomy":"post_tag","embeddable":true,"href":"https:\/\/www.europesays.com\/fr\/wp-json\/wp\/v2\/tags?post=607311"}],"curies":[{"name":"wp","href":"https:\/\/api.w.org\/{rel}","templated":true}]}}