{"id":607317,"date":"2025-12-18T11:38:13","date_gmt":"2025-12-18T11:38:13","guid":{"rendered":"https:\/\/www.europesays.com\/fr\/607317\/"},"modified":"2025-12-18T11:38:13","modified_gmt":"2025-12-18T11:38:13","slug":"deux-voitures-interceptees-a-sydney-apres-une-alerte-sur-un-possible-acte-violent-annonce-la-police","status":"publish","type":"post","link":"https:\/\/www.europesays.com\/fr\/607317\/","title":{"rendered":"deux voitures intercept\u00e9es \u00e0 Sydney apr\u00e8s une alerte sur un possible \u00abacte violent\u00bb, annonce la police"},"content":{"rendered":"<p>\n    La police de l\u2019\u00c9tat de Nouvelle-Galles du Sud a d\u00e9clar\u00e9 qu\u2019il n\u2019y a aucun \u00ablien avec l\u2019enqu\u00eate polici\u00e8re en cours sur l\u2019attaque terroriste de Bondi\u00bb, qui a fait 15 morts pour la f\u00eate juive de Hanouka.<\/p>\n<p class=\"fig-paragraph\">La\u00a0<a href=\"http:\/\/www.lefigaro.fr\/international\/attentat-de-sydney-la-police-australienne-inculpe-l-assaillant-pour-terrorisme-et-15-chefs-d-accusation-de-meurtre-20251217\" target=\"_blank\" data-fig-type=\"NewsFlash\" rel=\"noopener\" data-gtm-custom-categorie=\"navigation\" data-gtm-custom-action=\"crossclick\" data-gtm-custom-label=\"Contextuel\" data-gtm-event=\"customEventSPE\" data-fig-domain=\"LEFIGARO\">police australienne<\/a>\u00a0a annonc\u00e9 jeudi avoir intercept\u00e9 deux voitures \u00e0\u00a0<a href=\"http:\/\/www.lefigaro.fr\/flash-actu\/c-est-extremement-douloureux-apres-l-attentat-a-sydney-des-australiens-se-recueillent-sur-la-scene-de-la-fusillade-rouverte-au-public-20251218\" target=\"_blank\" data-fig-type=\"NewsFlash\" rel=\"noopener\" data-gtm-custom-categorie=\"navigation\" data-gtm-custom-action=\"crossclick\" data-gtm-custom-label=\"Contextuel\" data-gtm-event=\"customEventSPE\" data-fig-domain=\"LEFIGARO\">Sydney<\/a>\u00a0apr\u00e8s avoir re\u00e7u un signalement selon lequel \u00abun acte violent \u00e9tait peut-\u00eatre en pr\u00e9paration\u00bb.<\/p>\n<p class=\"fig-paragraph\">\u00ab\u00c0 l\u2019heure actuelle, la police n\u2019a \u00e9tabli aucun lien avec l\u2019enqu\u00eate polici\u00e8re en cours sur l\u2019attaque terroriste de Bondi\u00bb qui a fait 15 morts parmi un groupe de personnes rassembl\u00e9es sur une plage pour la f\u00eate juive de Hanouka, a d\u00e9clar\u00e9 la police de l\u2019\u00c9tat de Nouvelle-Galles du Sud dans un communiqu\u00e9.<\/p>\n<p>                                            <a class=\"fig-a11y-skip\" href=\"#fig-a11y-skip-main-inarticle\" data-module=\"a11y-skip\" data-context=\"was @visible\"><br \/>\n    Passer la publicit\u00e9<br \/>\n<\/a>            <\/p>\n<p>                                            Quatre jours apr\u00e8s l\u2019un des pires fusillades de masse<\/p>\n<p class=\"fig-paragraph\">Des agents tactiques ont intercept\u00e9 les v\u00e9hicules alors qu\u2019ils traversaient Liverpool, une banlieue du sud-ouest de Sydney. \u00abAlors que l\u2019enqu\u00eate se poursuit, sept hommes apportent leur concours aux investigations\u00bb, a d\u00e9clar\u00e9 la police.<\/p>\n<p class=\"fig-paragraph\">Deux assaillants, un p\u00e8re &#8211; d\u00e9c\u00e9d\u00e9 lors de l\u2019attaque &#8211; et son fils de 24 ans sont accus\u00e9s d\u2019avoir tu\u00e9 15 personnes et fait plusieurs dizaines de bless\u00e9s lors d\u2019une attaque antis\u00e9mite sur la plage de Bondi, \u00e0 Sydney, dimanche soir, la pire fusillade de masse en Australie depuis plusieurs d\u00e9cennies.<\/p>\n","protected":false},"excerpt":{"rendered":"La police de l\u2019\u00c9tat de Nouvelle-Galles du Sud a d\u00e9clar\u00e9 qu\u2019il n\u2019y a aucun \u00ablien avec l\u2019enqu\u00eate polici\u00e8re&hellip;\n","protected":false},"author":2,"featured_media":607318,"comment_status":"","ping_status":"","sticky":false,"template":"","format":"standard","meta":{"footnotes":""},"categories":[5],"tags":[11,5035,1011,27,14,12,57231,28],"class_list":{"0":"post-607317","1":"post","2":"type-post","3":"status-publish","4":"format-standard","5":"has-post-thumbnail","7":"category-international","8":"tag-actualites","9":"tag-australie","10":"tag-fr","11":"tag-france","12":"tag-international","13":"tag-news","14":"tag-sydney","15":"tag-world"},"share_on_mastodon":{"url":"https:\/\/pubeurope.com\/@fr\/115740377356627175","error":""},"_links":{"self":[{"href":"https:\/\/www.europesays.com\/fr\/wp-json\/wp\/v2\/posts\/607317","targetHints":{"allow":["GET"]}}],"collection":[{"href":"https:\/\/www.europesays.com\/fr\/wp-json\/wp\/v2\/posts"}],"about":[{"href":"https:\/\/www.europesays.com\/fr\/wp-json\/wp\/v2\/types\/post"}],"author":[{"embeddable":true,"href":"https:\/\/www.europesays.com\/fr\/wp-json\/wp\/v2\/users\/2"}],"replies":[{"embeddable":true,"href":"https:\/\/www.europesays.com\/fr\/wp-json\/wp\/v2\/comments?post=607317"}],"version-history":[{"count":0,"href":"https:\/\/www.europesays.com\/fr\/wp-json\/wp\/v2\/posts\/607317\/revisions"}],"wp:featuredmedia":[{"embeddable":true,"href":"https:\/\/www.europesays.com\/fr\/wp-json\/wp\/v2\/media\/607318"}],"wp:attachment":[{"href":"https:\/\/www.europesays.com\/fr\/wp-json\/wp\/v2\/media?parent=607317"}],"wp:term":[{"taxonomy":"category","embeddable":true,"href":"https:\/\/www.europesays.com\/fr\/wp-json\/wp\/v2\/categories?post=607317"},{"taxonomy":"post_tag","embeddable":true,"href":"https:\/\/www.europesays.com\/fr\/wp-json\/wp\/v2\/tags?post=607317"}],"curies":[{"name":"wp","href":"https:\/\/api.w.org\/{rel}","templated":true}]}}