{"id":607323,"date":"2025-12-18T11:41:13","date_gmt":"2025-12-18T11:41:13","guid":{"rendered":"https:\/\/www.europesays.com\/fr\/607323\/"},"modified":"2025-12-18T11:41:13","modified_gmt":"2025-12-18T11:41:13","slug":"loire-on-connait-la-date-de-louverture-de-basic-fit-a-firminy","status":"publish","type":"post","link":"https:\/\/www.europesays.com\/fr\/607323\/","title":{"rendered":"Loire. On conna\u00eet la date de l\u2019ouverture de Basic Fit \u00e0 Firminy"},"content":{"rendered":"<p>L\u2019installation de Basic Fit fait parler depuis pr\u00e8s d\u2019un an \u00e0 Firminy\u00a0! \u00c0 la fin de l\u2019hiver dernier, les locaux de la rue de la Tour-de-Varan avaient commenc\u00e9 \u00e0 grouiller et la rumeur allait bon train. D\u2019une enseigne de restauration au d\u00e9m\u00e9nagement d\u2019une soci\u00e9t\u00e9 appelouse en passant m\u00eame par l\u2019arriv\u00e9e de Ninkasi, les Appelous ont beaucoup bavard\u00e9 au sujet de la future activit\u00e9, de nombreuses ann\u00e9es apr\u00e8s la fermeture de Renault. La venue de l\u2019arriv\u00e9e de la cha\u00eene de fitness leader en Europe <a href=\"https:\/\/www.leprogres.fr\/economie\/2025\/04\/14\/desamiantage-de-l-ancien-site-renault-basic-fit-devrait-s-installer-a-firminy\" target=\"_blank\" rel=\"noopener\">nous a \u00e9t\u00e9 confirm\u00e9e<\/a> \u00e0 la mi-avril.<\/p>\n<p>Depuis, les discussions portaient sur la date d\u2019ouverture, entre le dernier trimestre 2025 et le premier trimestre 2026, au fur et \u00e0 mesure de l\u2019avancement du chantier. Ces derniers jours, l\u2019information s\u2019est progressivement resserr\u00e9e autour de la premi\u00e8re quinzaine de janvier. Ce sera finalement au tout d\u00e9but de l\u2019ann\u00e9e prochaine, dans deux semaines.\u00a0Depuis quelque temps d\u00e9j\u00e0, toutes les machines ont \u00e9t\u00e9 install\u00e9es et les travaux semblent quasiment termin\u00e9s. Vu de l\u2019ext\u00e9rieur, il ne reste plus que les scotchs pos\u00e9s sur les vitres \u00e0 retirer.<\/p>\n<p>  Ouverture d\u00e8s\u2026 l\u2019an prochain\u00a0!<\/p>\n<p>Ce jeudi matin, sur le march\u00e9 de l\u2019autre c\u00f4t\u00e9 de la rue, certains pensaient m\u00eame que cette nouvelle salle de sport \u00e9tait d\u00e9j\u00e0 ouverte. Mais non ! Vendredi 2\u00a0janvier, \u00e0 13 heures, les portes du complexe de 1\u00a0690 m2\u00a0 ouvriront aux abonn\u00e9s. Il s\u2019agit \u00e9videmment du premier club du groupe n\u00e9erlandais \u00e0 Firminy, le 82e dans la r\u00e9gion Auvergne-Rh\u00f4ne-Alpes. ans la Loire, Basic Fit comptait d\u00e9j\u00e0 huit clubs\u00a0: quatre \u00e0 Saint-Etienne, puis un \u00e0 Saint-Chamond, Andr\u00e9zieux-Bouth\u00e9on, Feurs et Le Coteau. Trois types d\u2019abonnement sont propos\u00e9s.<\/p>\n<p>\u00ab\u00a0Nous sommes fiers d\u2019ouvrir ce nouveau club \u00e0 Firminy, et ainsi de renforcer notre maillage territorial d\u00e9j\u00e0 fort avec un club accessible dans chaque ville fran\u00e7aise de plus de 30\u00a0000 habitants (hors \u00cele-de-France), et avec un nombre croissant de clubs dans les villes de moins de 30\u00a0000 habitants\u00a0\u00bb, indique dans un communiqu\u00e9 Redouane Zekkri, Chief operating officer chez Basic-Fit.<\/p>\n<p>Firminy et le bassin appelou comptent d\u00e9sormais sept salles de sport avec celle de Roche-la-Moli\u00e8re. En juin, les g\u00e9rants d\u00e9j\u00e0 bien implant\u00e9s avaient fait part de leur inqui\u00e9tude quand \u00e0 l\u2019arriv\u00e9e de la cha\u00eene de fitness leader en Europe.<\/p>\n","protected":false},"excerpt":{"rendered":"L\u2019installation de Basic Fit fait parler depuis pr\u00e8s d\u2019un an \u00e0 Firminy\u00a0! \u00c0 la fin de l\u2019hiver dernier,&hellip;\n","protected":false},"author":2,"featured_media":607324,"comment_status":"","ping_status":"","sticky":false,"template":"","format":"standard","meta":{"footnotes":""},"categories":[9653],"tags":[1111,11,2430,4406,33,7539,1777,674,10282,10283,1011,27,3367,12,25,4001],"class_list":{"0":"post-607323","1":"post","2":"type-post","3":"status-publish","4":"format-standard","5":"has-post-thumbnail","7":"category-saint-etienne","8":"tag-actu","9":"tag-actualites","10":"tag-auvergne-rhone-alpes","11":"tag-commerce-et-services","12":"tag-economie","13":"tag-edition-loire-sud","14":"tag-eu","15":"tag-europe","16":"tag-firminy","17":"tag-firminy-ville","18":"tag-fr","19":"tag-france","20":"tag-loire","21":"tag-news","22":"tag-republique-francaise","23":"tag-saint-etienne"},"share_on_mastodon":{"url":"https:\/\/pubeurope.com\/@fr\/115740389188948182","error":""},"_links":{"self":[{"href":"https:\/\/www.europesays.com\/fr\/wp-json\/wp\/v2\/posts\/607323","targetHints":{"allow":["GET"]}}],"collection":[{"href":"https:\/\/www.europesays.com\/fr\/wp-json\/wp\/v2\/posts"}],"about":[{"href":"https:\/\/www.europesays.com\/fr\/wp-json\/wp\/v2\/types\/post"}],"author":[{"embeddable":true,"href":"https:\/\/www.europesays.com\/fr\/wp-json\/wp\/v2\/users\/2"}],"replies":[{"embeddable":true,"href":"https:\/\/www.europesays.com\/fr\/wp-json\/wp\/v2\/comments?post=607323"}],"version-history":[{"count":0,"href":"https:\/\/www.europesays.com\/fr\/wp-json\/wp\/v2\/posts\/607323\/revisions"}],"wp:featuredmedia":[{"embeddable":true,"href":"https:\/\/www.europesays.com\/fr\/wp-json\/wp\/v2\/media\/607324"}],"wp:attachment":[{"href":"https:\/\/www.europesays.com\/fr\/wp-json\/wp\/v2\/media?parent=607323"}],"wp:term":[{"taxonomy":"category","embeddable":true,"href":"https:\/\/www.europesays.com\/fr\/wp-json\/wp\/v2\/categories?post=607323"},{"taxonomy":"post_tag","embeddable":true,"href":"https:\/\/www.europesays.com\/fr\/wp-json\/wp\/v2\/tags?post=607323"}],"curies":[{"name":"wp","href":"https:\/\/api.w.org\/{rel}","templated":true}]}}