{"id":607325,"date":"2025-12-18T11:42:16","date_gmt":"2025-12-18T11:42:16","guid":{"rendered":"https:\/\/www.europesays.com\/fr\/607325\/"},"modified":"2025-12-18T11:42:16","modified_gmt":"2025-12-18T11:42:16","slug":"un-film-avec-olivier-gourmet-sera-tourne-a-saint-etienne-en-janvier","status":"publish","type":"post","link":"https:\/\/www.europesays.com\/fr\/607325\/","title":{"rendered":"un film avec Olivier Gourmet sera tourn\u00e9 \u00e0 Saint-\u00c9tienne en janvier"},"content":{"rendered":"<p>Les tournages s\u2019encha\u00eenent \u00e0 Saint-\u00c9tienne. Apr\u00e8s l\u2019enregistrement de la saison 2 du programme court Immeuble partag\u00e9 (France 2) au Palais des spectacles en octobre, la ville s\u2019appr\u00eate \u00e0 recevoir une nouvelle production en d\u00e9but d\u2019ann\u00e9e prochaine.<\/p>\n<p>Cette fois, la cit\u00e9 st\u00e9phanoise servira de d\u00e9cor \u00e0 Ma R\u00e9v\u00e9rence, un film de Maxime Roy. En 2021, il avait r\u00e9alis\u00e9 Les H\u00e9ro\u00efques, qui fut pr\u00e9sent\u00e9 en s\u00e9lection officielle au Festival de Cannes (en comp\u00e9tition pour la Cam\u00e9ra d\u2019or).<\/p>\n<p>Pour son deuxi\u00e8me long-m\u00e9trage, le cin\u00e9aste a donc choisi de poser des cam\u00e9ras \u00e0 Saint-\u00c9tienne et ses environs \u00e0 partir de mi-janvier.<\/p>\n<p>  Deux acteurs prim\u00e9s \u00e0 Cannes et \u00e0 Berlin<\/p>\n<p>Un tournage qui devrait durer trente jours avec, au casting, Olivier Gourmet, que le grand public avait d\u00e9couvert en 1996 dans La Promesse des fr\u00e8res Dardenne. Le com\u00e9dien belge est au g\u00e9n\u00e9rique de huit films de ce duo de r\u00e9alisateurs dont Le Fils (2002)\u00a0: le r\u00f4le principal lui avait permis de d\u00e9crocher le Prix d\u2019interpr\u00e9tation masculine du Festival de Cannes.<\/p>\n<p>Depuis le milieu des ann\u00e9es 1990, Olivier Gourmet est \u00e0 l\u2019affiche de plus de 110 longs-m\u00e9trages parmi lesquels Sur mes l\u00e8vres de Jacques Audiard (2001), L\u2019Exercice de l\u2019\u00c9tat de Pierre Schoeller (2011) ou dans Une Intime conviction d\u2019Antoine Raimbault (2019), <a href=\"https:\/\/www.bienpublic.com\/loisirs\/2019\/02\/06\/dupond-moretti-coup-de-maitre\" target=\"_blank\" rel=\"noopener\">un film de proc\u00e8s dans lequel il interpr\u00e8te \u00c9ric Dupond-Moretti<\/a>.<\/p>\n<p>  L\u2019adaptation d\u2019une bande dessin\u00e9e de Wilfrid Lupano parue en 2013<\/p>\n<p>Avec Ma R\u00e9v\u00e9rence, Maxime Roy mettra \u00e9galement en sc\u00e8ne Anthony Bajon. Le trentenaire a eu des r\u00f4les importants dans Au Nom de la terre d\u2019\u00c9douard Bergeon (2019) ou encore Chien de la casse de Jean-Baptiste Durand (2023).<\/p>\n<p>Mais il a surtout <a href=\"https:\/\/www.leprogres.fr\/france-monde\/2018\/02\/26\/un-acteur-francais-recoit-un-ours-d-argent-a-berlin\" target=\"_blank\" rel=\"noopener\">remport\u00e9 l\u2019Ours d\u2019argent du meilleur acteur<\/a> lors de la Berlinale 2018 pour son interpr\u00e9tation de Thomas, un jeune h\u00e9ro\u00efnomane qui essaie de s\u2019en sortir par un parcours de r\u00e9demption, dans La Pri\u00e8re de C\u00e9dric Kahn.<\/p>\n<p>Deux acteurs prestigieusement prim\u00e9s que les St\u00e9phanois croiseront peut-\u00eatre d&rsquo;ici \u00e0 quelques semaines pour le tournage de cette adaptation d\u2019une bande dessin\u00e9e de Wilfrid Lupano, publi\u00e9e en 2013 au synopsis suivant\u00a0: \u00ab\u00a0Vincent, trentenaire un poil d\u00e9pressif, estime que la soci\u00e9t\u00e9 lui doit bien quelques dommages et int\u00e9r\u00eats, au titre de pr\u00e9judice moral. Et comme on n\u2019est jamais aussi bien servi que par soi-m\u00eame, il s\u2019improvise braqueur de fourgon blind\u00e9. Son plan est malin, sa cause est noble, et l\u2019amour est au bout du braquage. Mais en choisissant pour complice le d\u00e9concertant Gaby Rocket, Vincent n\u2019a-t-il pas vu trop grand\u00a0?\u00a0\u00bb<\/p>\n<p>  La production utiliserait le Palais des spectacles<\/p>\n<p>Nous ne connaissons pas encore les lieux pr\u00e9cis du tournage mais la Ville de Saint-\u00c9tienne nous a confirm\u00e9 que la production utiliserait le Palais des spectacles pour y installer ses bureaux et y stocker son mat\u00e9riel.<\/p>\n<p>Ma R\u00e9v\u00e9rence sera coproduit par Auvergne-Rh\u00f4ne-Alpes Cin\u00e9ma, TS Productions et Marianne Productions.<\/p>\n","protected":false},"excerpt":{"rendered":"Les tournages s\u2019encha\u00eenent \u00e0 Saint-\u00c9tienne. Apr\u00e8s l\u2019enregistrement de la saison 2 du programme court Immeuble partag\u00e9 (France 2)&hellip;\n","protected":false},"author":2,"featured_media":607326,"comment_status":"","ping_status":"","sticky":false,"template":"","format":"standard","meta":{"footnotes":""},"categories":[9653],"tags":[1111,11,2430,650,1687,7539,1777,674,1011,27,3367,12,25,4001,7538,10806],"class_list":{"0":"post-607325","1":"post","2":"type-post","3":"status-publish","4":"format-standard","5":"has-post-thumbnail","7":"category-saint-etienne","8":"tag-actu","9":"tag-actualites","10":"tag-auvergne-rhone-alpes","11":"tag-cinema","12":"tag-culture-loisirs","13":"tag-edition-loire-sud","14":"tag-eu","15":"tag-europe","16":"tag-fr","17":"tag-france","18":"tag-loire","19":"tag-news","20":"tag-republique-francaise","21":"tag-saint-etienne","22":"tag-saint-etienne-ville","23":"tag-selection-de-la-redaction-42"},"share_on_mastodon":{"url":"https:\/\/pubeurope.com\/@fr\/115740393248105369","error":""},"_links":{"self":[{"href":"https:\/\/www.europesays.com\/fr\/wp-json\/wp\/v2\/posts\/607325","targetHints":{"allow":["GET"]}}],"collection":[{"href":"https:\/\/www.europesays.com\/fr\/wp-json\/wp\/v2\/posts"}],"about":[{"href":"https:\/\/www.europesays.com\/fr\/wp-json\/wp\/v2\/types\/post"}],"author":[{"embeddable":true,"href":"https:\/\/www.europesays.com\/fr\/wp-json\/wp\/v2\/users\/2"}],"replies":[{"embeddable":true,"href":"https:\/\/www.europesays.com\/fr\/wp-json\/wp\/v2\/comments?post=607325"}],"version-history":[{"count":0,"href":"https:\/\/www.europesays.com\/fr\/wp-json\/wp\/v2\/posts\/607325\/revisions"}],"wp:featuredmedia":[{"embeddable":true,"href":"https:\/\/www.europesays.com\/fr\/wp-json\/wp\/v2\/media\/607326"}],"wp:attachment":[{"href":"https:\/\/www.europesays.com\/fr\/wp-json\/wp\/v2\/media?parent=607325"}],"wp:term":[{"taxonomy":"category","embeddable":true,"href":"https:\/\/www.europesays.com\/fr\/wp-json\/wp\/v2\/categories?post=607325"},{"taxonomy":"post_tag","embeddable":true,"href":"https:\/\/www.europesays.com\/fr\/wp-json\/wp\/v2\/tags?post=607325"}],"curies":[{"name":"wp","href":"https:\/\/api.w.org\/{rel}","templated":true}]}}